{"id":27009,"date":"2023-01-25T13:33:27","date_gmt":"2023-01-25T16:33:27","guid":{"rendered":"https:\/\/radiorevelacionfm.cl\/?p=27009"},"modified":"2023-01-25T13:42:25","modified_gmt":"2023-01-25T16:42:25","slug":"humberto-marin-corfo-aysen-estamos-trabajando-para-entregar-soluciones-que-vayan-en-apoyo-de-las-familias-y-garantizar-una-mayor-seguridad-financiera","status":"publish","type":"post","link":"https:\/\/radiorevelacionfm.cl\/?p=27009","title":{"rendered":"Humberto Mar\u00edn, director Corfo Ays\u00e9n: \u00abEstamos trabajando para entregar soluciones que vayan en apoyo de las familias y garantizar una mayor seguridad financiera\u00bb"},"content":{"rendered":"<div class=\"flex_column av_one_full  flex_column_div av-zero-column-padding first  avia-builder-el-0  el_before_av_one_full  avia-builder-el-first  \" style='border-radius:0px; '><div  class='avia-image-container  av-styling-    avia-builder-el-1  avia-builder-el-no-sibling  avia-align-center '  itemprop=\"image\" itemscope=\"itemscope\" itemtype=\"https:\/\/schema.org\/ImageObject\"  ><div class='avia-image-container-inner'><div class='avia-image-overlay-wrap'><img decoding=\"async\" class='wp-image-27010 avia-img-lazy-loading-not-27010 avia_image' src=\"https:\/\/radiorevelacionfm.cl\/wp-content\/uploads\/2023\/01\/HML-1-1.jpg\" alt='' title='HML (1) (1)' height=\"600\" width=\"900\"  itemprop=\"thumbnailUrl\" srcset=\"https:\/\/radiorevelacionfm.cl\/wp-content\/uploads\/2023\/01\/HML-1-1.jpg 900w, https:\/\/radiorevelacionfm.cl\/wp-content\/uploads\/2023\/01\/HML-1-1-300x200.jpg 300w, https:\/\/radiorevelacionfm.cl\/wp-content\/uploads\/2023\/01\/HML-1-1-768x512.jpg 768w, https:\/\/radiorevelacionfm.cl\/wp-content\/uploads\/2023\/01\/HML-1-1-705x470.jpg 705w, https:\/\/radiorevelacionfm.cl\/wp-content\/uploads\/2023\/01\/HML-1-1-600x400.jpg 600w\" sizes=\"(max-width: 900px) 100vw, 900px\" \/><\/div><\/div><\/div><\/div>\n<div class=\"flex_column av_one_full  flex_column_div av-zero-column-padding first  avia-builder-el-2  el_after_av_one_full  el_before_av_one_full  column-top-margin\" style='border-radius:0px; '><section class=\"av_textblock_section \"  itemscope=\"itemscope\" itemtype=\"https:\/\/schema.org\/BlogPosting\" itemprop=\"blogPost\" ><div class='avia_textblock  '   itemprop=\"text\" ><p style=\"text-align: center;\"><strong><span style=\"font-size: 18pt;\">Humberto Mar\u00edn, director Corfo Ays\u00e9n: \u00abEstamos trabajando para entregar soluciones que vayan en apoyo de las familias y garantizar una mayor seguridad financiera\u00bb<\/span><\/strong><\/p>\n<div id=\"gtx-trans\" style=\"position: absolute; left: -50px; top: 4.31534px;\">\n<div class=\"gtx-trans-icon\"><\/div>\n<\/div>\n<\/div><\/section><\/div><div class=\"flex_column av_one_full  flex_column_div av-zero-column-padding first  avia-builder-el-4  el_after_av_one_full  el_before_av_hr  column-top-margin\" style='border-radius:0px; '><section class=\"av_textblock_section \"  itemscope=\"itemscope\" itemtype=\"https:\/\/schema.org\/BlogPosting\" itemprop=\"blogPost\" ><div class='avia_textblock  '   itemprop=\"text\" ><p class=\"v1MsoNormal\" style=\"text-align: justify;\"><span lang=\"es-419\">La semana pasada, el gobierno present\u00f3 al Senado un paquete que incluye tres de las siete medidas anunciadas por el presidente de la Rep\u00fablica, Gabriel Boric, destinadas a apoyar a las familias en el entorno inflacionario del pa\u00eds y as\u00ed lograr \u00abseguridad financiera\u00bb.<\/span><\/p>\n<p class=\"v1MsoNormal\" style=\"text-align: justify;\"><span lang=\"es-419\">Las medidas ante el Congreso incluyen duplicar el llamado \u00abBono de Marzo\u00bb (oficialmente conocido como Aporte Familiar Permanente); un aumento del 20 % de la Asignaci\u00f3n Familiar y el Subsidio \u00danico Familiar (adem\u00e1s de un proceso autom\u00e1tico para la entrega del beneficio a la mayor\u00eda de los ni\u00f1os y j\u00f3venes del 40 % m\u00e1s vulnerable de la poblaci\u00f3n) y la creaci\u00f3n de un \u00abBolsillo Familiar Electr\u00f3nico\u00bb para compensar el aumento precios de comida.<\/span><\/p>\n<p class=\"v1MsoNormal\" style=\"text-align: justify;\"><span lang=\"es-419\">Humberto Mar\u00edn Leiva, director de Corfo Ays\u00e9n, indic\u00f3 que \u00abel proceso de ajuste por el que atraviesa la econom\u00eda ha avanzado en gran medida. Podr\u00edamos tener otro trimestre de contracci\u00f3n, y en el segundo trimestre de 2023 comenzaremos a ver un repunte de la actividad y una inflaci\u00f3n por debajo de los dos d\u00edgitos. Por lo tanto, este es un momento muy importante para brindar un apoyo adicional y un apoyo especial a los hogares, que actualmente son los m\u00e1s afectados por la inflaci\u00f3n. Como gobierno, estamos trabajando arduamente para desarrollar soluciones que vayan en apoyo de las familias y garantizar una mayor seguridad financiera. Esta propuesta al Congreso es una respuesta a la necesidad de apoyar a las familias y personas que enfrentan diversos incrementos en el costo de vida producto de la inflaci\u00f3n. Por ello, esperamos que, si el proyecto se aprueba en el Congreso, los beneficios se entregar\u00e1n entre marzo y abril, meses en los que el gasto de los hogares aumenta considerablemente\u00bb.<\/span><\/p>\n<p class=\"v1MsoNormal\" style=\"text-align: justify;\"><span lang=\"es-419\">En cuanto al costo total de estas medidas, Mar\u00edn se\u00f1al\u00f3 que ronda los 2 mil millones de d\u00f3lares, que es el doble de los recursos asociados al pago del aguinaldo de agosto pasado. \u00abEstas medidas ser\u00e1n financiadas dentro de nuestro marco fiscal para este a\u00f1o y los siguientes. Entonces no afectar\u00e1n el balance fiscal este a\u00f1o, por lo que no creemos que tengan un efecto inflacionario\u00bb, explic\u00f3.<\/span><\/p>\n<p class=\"v1MsoNormal\" style=\"text-align: justify;\"><span lang=\"es-419\">Las siete medidas anunciadas por el presidente Boric el 5 de enero, incluyen ampliar el Programa de Alimentaci\u00f3n Escolar (PAE) a 50.000 ni\u00f1as y ni\u00f1os de pre-kinder y k\u00ednder de colegios p\u00fablicos. Tambi\u00e9n est\u00e1n considerando aumentar la Beca de Alimentos para Educaci\u00f3n Superior (BAES) en $5.000; adem\u00e1s de la extensi\u00f3n de la postulaci\u00f3n al IFE Laboral y al Subsidio Protege durante todo el primer semestre de 2023 para que nuevas personas puedan acceder.<\/span><\/p>\n<\/div><\/section><\/div><\/p>\n<div  style='height:50px' class='hr hr-invisible   avia-builder-el-6  el_after_av_one_full  el_before_av_social_share '><span class='hr-inner ' ><span class='hr-inner-style'><\/span><\/span><\/div>\n<div  class='av-social-sharing-box  avia-builder-el-7  el_after_av_hr  el_before_av_hr  '><div class='av-share-box'><h5 class='av-share-link-description av-no-toc '>Compartir esta noticia<\/h5><ul class='av-share-box-list noLightbox'><li class='av-share-link av-social-link-facebook' ><a target=\"_blank\" aria-label=\"Compartir en Facebook\" href='https:\/\/www.facebook.com\/sharer.php?u=https:\/\/radiorevelacionfm.cl\/?p=27009&#038;t=Humberto%20Mar%C3%ADn%2C%20director%20Corfo%20Ays%C3%A9n%3A%20%C2%ABEstamos%20trabajando%20para%20entregar%20soluciones%20que%20vayan%20en%20apoyo%20de%20las%20familias%20y%20garantizar%20una%20mayor%20seguridad%20financiera%C2%BB' aria-hidden='false' data-av_icon='\ue8f3' data-av_iconfont='entypo-fontello' title='' data-avia-related-tooltip='Compartir en Facebook' rel=\"noopener\"><span class='avia_hidden_link_text'>Compartir en Facebook<\/span><\/a><\/li><li class='av-share-link av-social-link-twitter' ><a target=\"_blank\" aria-label=\"Compartir en Twitter\" href='https:\/\/twitter.com\/share?text=Humberto%20Mar%C3%ADn%2C%20director%20Corfo%20Ays%C3%A9n%3A%20%C2%ABEstamos%20trabajando%20para%20entregar%20soluciones%20que%20vayan%20en%20apoyo%20de%20las%20familias%20y%20garantizar%20una%20mayor%20seguridad%20financiera%C2%BB&#038;url=https:\/\/radiorevelacionfm.cl\/?p=27009' aria-hidden='false' data-av_icon='\ue8f1' data-av_iconfont='entypo-fontello' title='' data-avia-related-tooltip='Compartir en Twitter' rel=\"noopener\"><span class='avia_hidden_link_text'>Compartir en Twitter<\/span><\/a><\/li><li class='av-share-link av-social-link-whatsapp' ><a target=\"_blank\" aria-label=\"Compartir en Whatsapp\" href='https:\/\/api.whatsapp.com\/send?text=https:\/\/radiorevelacionfm.cl\/?p=27009' aria-hidden='false' data-av_icon='\uf232' data-av_iconfont='entypo-fontello' title='' data-avia-related-tooltip='Compartir en Whatsapp' rel=\"noopener\"><span class='avia_hidden_link_text'>Compartir en Whatsapp<\/span><\/a><\/li><li class='av-share-link av-social-link-linkedin' ><a target=\"_blank\" aria-label=\"Compartir en LinkedIn\" href='https:\/\/linkedin.com\/shareArticle?mini=true&#038;title=Humberto%20Mar%C3%ADn%2C%20director%20Corfo%20Ays%C3%A9n%3A%20%C2%ABEstamos%20trabajando%20para%20entregar%20soluciones%20que%20vayan%20en%20apoyo%20de%20las%20familias%20y%20garantizar%20una%20mayor%20seguridad%20financiera%C2%BB&#038;url=https:\/\/radiorevelacionfm.cl\/?p=27009' aria-hidden='false' data-av_icon='\ue8fc' data-av_iconfont='entypo-fontello' title='' data-avia-related-tooltip='Compartir en LinkedIn' rel=\"noopener\"><span class='avia_hidden_link_text'>Compartir en LinkedIn<\/span><\/a><\/li><li class='av-share-link av-social-link-mail' ><a  aria-label=\"Compartir por correo\" href='mailto:?subject=Humberto%20Mar%C3%ADn%2C%20director%20Corfo%20Ays%C3%A9n%3A%20%C2%ABEstamos%20trabajando%20para%20entregar%20soluciones%20que%20vayan%20en%20apoyo%20de%20las%20familias%20y%20garantizar%20una%20mayor%20seguridad%20financiera%C2%BB&#038;body=https:\/\/radiorevelacionfm.cl\/?p=27009' aria-hidden='false' data-av_icon='\ue805' data-av_iconfont='entypo-fontello' title='' data-avia-related-tooltip='Compartir por correo'><span class='avia_hidden_link_text'>Compartir por correo<\/span><\/a><\/li><\/ul><\/div><\/div>\n<div  style='height:50px' class='hr hr-invisible   avia-builder-el-8  el_after_av_social_share  el_before_av_comments_list '><span class='hr-inner ' ><span class='hr-inner-style'><\/span><\/span><\/div>\n<div  class='av-buildercomment  av-blog-meta-html-info-disabled av-blog-meta-tag-disabled  '><\/div>\n","protected":false},"excerpt":{"rendered":"","protected":false},"author":1,"featured_media":27010,"comment_status":"open","ping_status":"open","sticky":false,"template":"","format":"standard","meta":{"footnotes":""},"categories":[38],"tags":[],"class_list":["post-27009","post","type-post","status-publish","format-standard","has-post-thumbnail","hentry","category-regional"],"jetpack_featured_media_url":"https:\/\/radiorevelacionfm.cl\/wp-content\/uploads\/2023\/01\/HML-1-1.jpg","_links":{"self":[{"href":"https:\/\/radiorevelacionfm.cl\/index.php?rest_route=\/wp\/v2\/posts\/27009","targetHints":{"allow":["GET"]}}],"collection":[{"href":"https:\/\/radiorevelacionfm.cl\/index.php?rest_route=\/wp\/v2\/posts"}],"about":[{"href":"https:\/\/radiorevelacionfm.cl\/index.php?rest_route=\/wp\/v2\/types\/post"}],"author":[{"embeddable":true,"href":"https:\/\/radiorevelacionfm.cl\/index.php?rest_route=\/wp\/v2\/users\/1"}],"replies":[{"embeddable":true,"href":"https:\/\/radiorevelacionfm.cl\/index.php?rest_route=%2Fwp%2Fv2%2Fcomments&post=27009"}],"version-history":[{"count":3,"href":"https:\/\/radiorevelacionfm.cl\/index.php?rest_route=\/wp\/v2\/posts\/27009\/revisions"}],"predecessor-version":[{"id":27043,"href":"https:\/\/radiorevelacionfm.cl\/index.php?rest_route=\/wp\/v2\/posts\/27009\/revisions\/27043"}],"wp:featuredmedia":[{"embeddable":true,"href":"https:\/\/radiorevelacionfm.cl\/index.php?rest_route=\/wp\/v2\/media\/27010"}],"wp:attachment":[{"href":"https:\/\/radiorevelacionfm.cl\/index.php?rest_route=%2Fwp%2Fv2%2Fmedia&parent=27009"}],"wp:term":[{"taxonomy":"category","embeddable":true,"href":"https:\/\/radiorevelacionfm.cl\/index.php?rest_route=%2Fwp%2Fv2%2Fcategories&post=27009"},{"taxonomy":"post_tag","embeddable":true,"href":"https:\/\/radiorevelacionfm.cl\/index.php?rest_route=%2Fwp%2Fv2%2Ftags&post=27009"}],"curies":[{"name":"wp","href":"https:\/\/api.w.org\/{rel}","templated":true}]}}