{"id":27006,"date":"2023-01-24T19:49:45","date_gmt":"2023-01-24T22:49:45","guid":{"rendered":"https:\/\/radiorevelacionfm.cl\/?p=27006"},"modified":"2023-01-24T19:49:45","modified_gmt":"2023-01-24T22:49:45","slug":"sandoval-y-visita-de-presidente-boric-a-la-region-es-una-tremenda-oportunidad-para-decirle-cuales-son-nuestras-mayores-dificultades","status":"publish","type":"post","link":"https:\/\/radiorevelacionfm.cl\/?p=27006","title":{"rendered":"Sandoval y visita de presidente Boric a la regi\u00f3n: \u201cEs una tremenda oportunidad para decirle cu\u00e1les son nuestras mayores dificultades\u201d"},"content":{"rendered":"<div class=\"flex_column av_one_full  flex_column_div av-zero-column-padding first  avia-builder-el-0  el_before_av_one_full  avia-builder-el-first  \" style='border-radius:0px; '><div  class='avia-image-container  av-styling-    avia-builder-el-1  avia-builder-el-no-sibling  avia-align-center '  itemprop=\"image\" itemscope=\"itemscope\" itemtype=\"https:\/\/schema.org\/ImageObject\"  ><div class='avia-image-container-inner'><div class='avia-image-overlay-wrap'><img decoding=\"async\" class='wp-image-27007 avia-img-lazy-loading-not-27007 avia_image' src=\"https:\/\/radiorevelacionfm.cl\/wp-content\/uploads\/2023\/01\/SENADOR-SANDOVAL-24.01.2023-1-1.jpg\" alt='' title='SENADOR SANDOVAL 24.01.2023 (1) (1)' height=\"600\" width=\"900\"  itemprop=\"thumbnailUrl\" srcset=\"https:\/\/radiorevelacionfm.cl\/wp-content\/uploads\/2023\/01\/SENADOR-SANDOVAL-24.01.2023-1-1.jpg 900w, https:\/\/radiorevelacionfm.cl\/wp-content\/uploads\/2023\/01\/SENADOR-SANDOVAL-24.01.2023-1-1-300x200.jpg 300w, https:\/\/radiorevelacionfm.cl\/wp-content\/uploads\/2023\/01\/SENADOR-SANDOVAL-24.01.2023-1-1-768x512.jpg 768w, https:\/\/radiorevelacionfm.cl\/wp-content\/uploads\/2023\/01\/SENADOR-SANDOVAL-24.01.2023-1-1-705x470.jpg 705w, https:\/\/radiorevelacionfm.cl\/wp-content\/uploads\/2023\/01\/SENADOR-SANDOVAL-24.01.2023-1-1-600x400.jpg 600w\" sizes=\"(max-width: 900px) 100vw, 900px\" \/><\/div><\/div><\/div><\/div><div class=\"flex_column av_one_full  flex_column_div av-zero-column-padding first  avia-builder-el-2  el_after_av_one_full  el_before_av_one_full  column-top-margin\" style='border-radius:0px; '><section class=\"av_textblock_section \"  itemscope=\"itemscope\" itemtype=\"https:\/\/schema.org\/BlogPosting\" itemprop=\"blogPost\" ><div class='avia_textblock  '   itemprop=\"text\" ><p style=\"text-align: center;\"><span style=\"font-size: 18pt;\"><strong>Sandoval y visita de presidente Boric a la regi\u00f3n: <\/strong><strong>\u201cEs una tremenda oportunidad para decirle cu\u00e1les son nuestras mayores dificultades\u201d<\/strong><\/span><\/p>\n<div id=\"gtx-trans\" style=\"position: absolute; left: -50px; top: 4.31534px;\">\n<div class=\"gtx-trans-icon\"><\/div>\n<\/div>\n<\/div><\/section><\/div><div class=\"flex_column av_one_full  flex_column_div av-zero-column-padding first  avia-builder-el-4  el_after_av_one_full  el_before_av_hr  column-top-margin\" style='border-radius:0px; '><section class=\"av_textblock_section \"  itemscope=\"itemscope\" itemtype=\"https:\/\/schema.org\/BlogPosting\" itemprop=\"blogPost\" ><div class='avia_textblock  '   itemprop=\"text\" ><p style=\"text-align: justify;\">\u201cLa visita de un presidente siempre es un hito fundamental y deber\u00eda ser un hito s\u00faper importante para la regi\u00f3n de Ays\u00e9n\u201d. As\u00ed lo se\u00f1al\u00f3 el senador David Sandoval al referirse a la visita que realizar\u00e1 este mi\u00e9rcoles y jueves a la regi\u00f3n el presidente Gabriel Boric.<\/p>\n<p style=\"text-align: justify;\">Sandoval se\u00f1al\u00f3 que se trata de la posibilidad que tienen todas las organizaciones sociales de la zona de tener un encuentro con el Primer Mandatario y plantearle las inquietudes en distintos \u00e1mbitos. \u201cEsperamos que la visita tenga ese sentido\u201d, indic\u00f3, agregando que tambi\u00e9n \u201ces una tremenda oportunidad para decirle al presidente cu\u00e1les son nuestras mayores dificultades\u201d.<\/p>\n<p style=\"text-align: justify;\">El parlamentario reiter\u00f3 la importancia que tiene la conectividad para la zona, m\u00e1s a\u00fan considerando el compromiso del ministro del MOP, Juan Carlos Garc\u00eda, en cuanto a que la construcci\u00f3n de la ruta 7 ser\u00e1 un compromiso de Estado, a partir del a\u00f1o 2024. \u201cPero en esa decisi\u00f3n, necesitamos saber de qu\u00e9 monto y plazos estamos hablando. Para el tren a Valpara\u00edso, el presidente anunci\u00f3 una importante inversi\u00f3n (US$ 1.320 millones) y defini\u00f3 un plazo de 7 a\u00f1os y nosotros en la regi\u00f3n necesitamos algo similar, porque no nos cabe duda que gran parte de las limitaciones, el bajo nivel de desarrollo, el bajo impacto que tiene la regi\u00f3n en el contexto de productividad del pa\u00eds est\u00e1 fuertemente radicado por no tener un camino eficiente\u201d, subray\u00f3.<\/p>\n<p style=\"text-align: justify;\">Otro tema relevante es el desarrollo de las capacidades productivas de la regi\u00f3n de Ays\u00e9n, para lo cual considera necesario \u201cperfeccionar los instrumentos como el DFL 15, el 889, e incluso a\u00fan m\u00e1s tenemos una ley que crea la zona franca en Puerto Ays\u00e9n\u201d.<\/p>\n<p style=\"text-align: justify;\">A esto se suman otras dificultades propias de la zona, como los caminos secundarios, la falta de suministros de servicios b\u00e1sicos en todo el litoral, entre otros. \u201cLa visita de un presidente constituye una gran oportunidad y debe transformarse en una gran posibilidad si \u00e9sta tiene materias concretas (que anunciar)\u201d, recalc\u00f3.<\/p>\n<p style=\"text-align: justify;\">Por lo mismo, dijo no tener dudas \u201cque todos los sectores habr\u00e1n informado sobre las falencias que tenemos como regi\u00f3n\u201d.<\/p>\n<p style=\"text-align: justify;\">\u201cEsperamos que sea una visita fruct\u00edfera para los esfuerzos de desarrollo y llevar calidad de vida en todos los rincones de Ays\u00e9n\u201d, concluy\u00f3.<\/p>\n<\/div><\/section><\/div><div  style='height:50px' class='hr hr-invisible   avia-builder-el-6  el_after_av_one_full  el_before_av_social_share '><span class='hr-inner ' ><span class='hr-inner-style'><\/span><\/span><\/div><\/p>\n<div  class='av-social-sharing-box  avia-builder-el-7  el_after_av_hr  el_before_av_hr  '><div class='av-share-box'><h5 class='av-share-link-description av-no-toc '>Compartir esta noticia<\/h5><ul class='av-share-box-list noLightbox'><li class='av-share-link av-social-link-facebook' ><a target=\"_blank\" aria-label=\"Compartir en Facebook\" href='https:\/\/www.facebook.com\/sharer.php?u=https:\/\/radiorevelacionfm.cl\/?p=27006&#038;t=Sandoval%20y%20visita%20de%20presidente%20Boric%20a%20la%20regi%C3%B3n%3A%20%E2%80%9CEs%20una%20tremenda%20oportunidad%20para%20decirle%20cu%C3%A1les%20son%20nuestras%20mayores%20dificultades%E2%80%9D' aria-hidden='false' data-av_icon='\ue8f3' data-av_iconfont='entypo-fontello' title='' data-avia-related-tooltip='Compartir en Facebook' rel=\"noopener\"><span class='avia_hidden_link_text'>Compartir en Facebook<\/span><\/a><\/li><li class='av-share-link av-social-link-twitter' ><a target=\"_blank\" aria-label=\"Compartir en Twitter\" href='https:\/\/twitter.com\/share?text=Sandoval%20y%20visita%20de%20presidente%20Boric%20a%20la%20regi%C3%B3n%3A%20%E2%80%9CEs%20una%20tremenda%20oportunidad%20para%20decirle%20cu%C3%A1les%20son%20nuestras%20mayores%20dificultades%E2%80%9D&#038;url=https:\/\/radiorevelacionfm.cl\/?p=27006' aria-hidden='false' data-av_icon='\ue8f1' data-av_iconfont='entypo-fontello' title='' data-avia-related-tooltip='Compartir en Twitter' rel=\"noopener\"><span class='avia_hidden_link_text'>Compartir en Twitter<\/span><\/a><\/li><li class='av-share-link av-social-link-whatsapp' ><a target=\"_blank\" aria-label=\"Compartir en Whatsapp\" href='https:\/\/api.whatsapp.com\/send?text=https:\/\/radiorevelacionfm.cl\/?p=27006' aria-hidden='false' data-av_icon='\uf232' data-av_iconfont='entypo-fontello' title='' data-avia-related-tooltip='Compartir en Whatsapp' rel=\"noopener\"><span class='avia_hidden_link_text'>Compartir en Whatsapp<\/span><\/a><\/li><li class='av-share-link av-social-link-linkedin' ><a target=\"_blank\" aria-label=\"Compartir en LinkedIn\" href='https:\/\/linkedin.com\/shareArticle?mini=true&#038;title=Sandoval%20y%20visita%20de%20presidente%20Boric%20a%20la%20regi%C3%B3n%3A%20%E2%80%9CEs%20una%20tremenda%20oportunidad%20para%20decirle%20cu%C3%A1les%20son%20nuestras%20mayores%20dificultades%E2%80%9D&#038;url=https:\/\/radiorevelacionfm.cl\/?p=27006' aria-hidden='false' data-av_icon='\ue8fc' data-av_iconfont='entypo-fontello' title='' data-avia-related-tooltip='Compartir en LinkedIn' rel=\"noopener\"><span class='avia_hidden_link_text'>Compartir en LinkedIn<\/span><\/a><\/li><li class='av-share-link av-social-link-mail' ><a  aria-label=\"Compartir por correo\" href='mailto:?subject=Sandoval%20y%20visita%20de%20presidente%20Boric%20a%20la%20regi%C3%B3n%3A%20%E2%80%9CEs%20una%20tremenda%20oportunidad%20para%20decirle%20cu%C3%A1les%20son%20nuestras%20mayores%20dificultades%E2%80%9D&#038;body=https:\/\/radiorevelacionfm.cl\/?p=27006' aria-hidden='false' data-av_icon='\ue805' data-av_iconfont='entypo-fontello' title='' data-avia-related-tooltip='Compartir por correo'><span class='avia_hidden_link_text'>Compartir por correo<\/span><\/a><\/li><\/ul><\/div><\/div>\n<div  style='height:50px' class='hr hr-invisible   avia-builder-el-8  el_after_av_social_share  el_before_av_comments_list '><span class='hr-inner ' ><span class='hr-inner-style'><\/span><\/span><\/div>\n<div  class='av-buildercomment  av-blog-meta-html-info-disabled av-blog-meta-tag-disabled  '><\/div>\n","protected":false},"excerpt":{"rendered":"","protected":false},"author":1,"featured_media":27007,"comment_status":"open","ping_status":"open","sticky":false,"template":"","format":"standard","meta":{"footnotes":""},"categories":[35],"tags":[],"class_list":["post-27006","post","type-post","status-publish","format-standard","has-post-thumbnail","hentry","category-politica"],"jetpack_featured_media_url":"https:\/\/radiorevelacionfm.cl\/wp-content\/uploads\/2023\/01\/SENADOR-SANDOVAL-24.01.2023-1-1.jpg","_links":{"self":[{"href":"https:\/\/radiorevelacionfm.cl\/index.php?rest_route=\/wp\/v2\/posts\/27006","targetHints":{"allow":["GET"]}}],"collection":[{"href":"https:\/\/radiorevelacionfm.cl\/index.php?rest_route=\/wp\/v2\/posts"}],"about":[{"href":"https:\/\/radiorevelacionfm.cl\/index.php?rest_route=\/wp\/v2\/types\/post"}],"author":[{"embeddable":true,"href":"https:\/\/radiorevelacionfm.cl\/index.php?rest_route=\/wp\/v2\/users\/1"}],"replies":[{"embeddable":true,"href":"https:\/\/radiorevelacionfm.cl\/index.php?rest_route=%2Fwp%2Fv2%2Fcomments&post=27006"}],"version-history":[{"count":2,"href":"https:\/\/radiorevelacionfm.cl\/index.php?rest_route=\/wp\/v2\/posts\/27006\/revisions"}],"predecessor-version":[{"id":27034,"href":"https:\/\/radiorevelacionfm.cl\/index.php?rest_route=\/wp\/v2\/posts\/27006\/revisions\/27034"}],"wp:featuredmedia":[{"embeddable":true,"href":"https:\/\/radiorevelacionfm.cl\/index.php?rest_route=\/wp\/v2\/media\/27007"}],"wp:attachment":[{"href":"https:\/\/radiorevelacionfm.cl\/index.php?rest_route=%2Fwp%2Fv2%2Fmedia&parent=27006"}],"wp:term":[{"taxonomy":"category","embeddable":true,"href":"https:\/\/radiorevelacionfm.cl\/index.php?rest_route=%2Fwp%2Fv2%2Fcategories&post=27006"},{"taxonomy":"post_tag","embeddable":true,"href":"https:\/\/radiorevelacionfm.cl\/index.php?rest_route=%2Fwp%2Fv2%2Ftags&post=27006"}],"curies":[{"name":"wp","href":"https:\/\/api.w.org\/{rel}","templated":true}]}}