{"id":27003,"date":"2023-01-24T17:05:48","date_gmt":"2023-01-24T20:05:48","guid":{"rendered":"https:\/\/radiorevelacionfm.cl\/?p=27003"},"modified":"2023-01-24T17:05:48","modified_gmt":"2023-01-24T20:05:48","slug":"seremi-de-agricultura-destaco-gestion-productiva-y-asociativa-rural-en-ohiggins","status":"publish","type":"post","link":"https:\/\/radiorevelacionfm.cl\/?p=27003","title":{"rendered":"Seremi de Agricultura destac\u00f3 gesti\u00f3n productiva y asociativa rural en O\u00b4Higgins"},"content":{"rendered":"<div class=\"flex_column av_one_full  flex_column_div av-zero-column-padding first  avia-builder-el-0  el_before_av_one_full  avia-builder-el-first  \" style='border-radius:0px; '><div  class='avia-image-container  av-styling-    avia-builder-el-1  avia-builder-el-no-sibling  avia-align-center '  itemprop=\"image\" itemscope=\"itemscope\" itemtype=\"https:\/\/schema.org\/ImageObject\"  ><div class='avia-image-container-inner'><div class='avia-image-overlay-wrap'><img decoding=\"async\" class='wp-image-27004 avia-img-lazy-loading-not-27004 avia_image' src=\"https:\/\/radiorevelacionfm.cl\/wp-content\/uploads\/2023\/01\/whatsapp-image-2023-01-20-at-22_optimized.15.49-1.jpeg\" alt='' title='whatsapp-image-2023-01-20-at-22_optimized.15.49-(1)' height=\"600\" width=\"900\"  itemprop=\"thumbnailUrl\" srcset=\"https:\/\/radiorevelacionfm.cl\/wp-content\/uploads\/2023\/01\/whatsapp-image-2023-01-20-at-22_optimized.15.49-1.jpeg 900w, https:\/\/radiorevelacionfm.cl\/wp-content\/uploads\/2023\/01\/whatsapp-image-2023-01-20-at-22_optimized.15.49-1-300x200.jpeg 300w, https:\/\/radiorevelacionfm.cl\/wp-content\/uploads\/2023\/01\/whatsapp-image-2023-01-20-at-22_optimized.15.49-1-768x512.jpeg 768w, https:\/\/radiorevelacionfm.cl\/wp-content\/uploads\/2023\/01\/whatsapp-image-2023-01-20-at-22_optimized.15.49-1-705x470.jpeg 705w, https:\/\/radiorevelacionfm.cl\/wp-content\/uploads\/2023\/01\/whatsapp-image-2023-01-20-at-22_optimized.15.49-1-600x400.jpeg 600w\" sizes=\"(max-width: 900px) 100vw, 900px\" \/><\/div><\/div><\/div><\/div><div class=\"flex_column av_one_full  flex_column_div av-zero-column-padding first  avia-builder-el-2  el_after_av_one_full  el_before_av_one_full  column-top-margin\" style='border-radius:0px; '><section class=\"av_textblock_section \"  itemscope=\"itemscope\" itemtype=\"https:\/\/schema.org\/BlogPosting\" itemprop=\"blogPost\" ><div class='avia_textblock  '   itemprop=\"text\" ><p style=\"text-align: center;\"><span style=\"font-size: 18pt;\"><b><span class=\"v1ContentPasted0\">Seremi de Agricultura destac\u00f3 gesti\u00f3n productiva y asociativa rural en O\u00b4Higgins<\/span><\/b><\/span><\/p>\n<div id=\"gtx-trans\" style=\"position: absolute; left: -50px; top: 4.31534px;\">\n<div class=\"gtx-trans-icon\"><\/div>\n<\/div>\n<\/div><\/section><\/div><div class=\"flex_column av_one_full  flex_column_div av-zero-column-padding first  avia-builder-el-4  el_after_av_one_full  el_before_av_hr  column-top-margin\" style='border-radius:0px; '><section class=\"av_textblock_section \"  itemscope=\"itemscope\" itemtype=\"https:\/\/schema.org\/BlogPosting\" itemprop=\"blogPost\" ><div class='avia_textblock  '   itemprop=\"text\" ><p class=\"v1MsoNormal v1ContentPasted0\" style=\"text-align: justify;\">Con el objetivo de fortalecer el di\u00e1logo y trabajo directo del sector silvoagropecuario en la Regi\u00f3n de Ays\u00e9n, el seremi de Agricultura, Alan Espinoza Ortiz, desarroll\u00f3 en la comuna de O\u00b4Higgins una agenda de trabajo junto al director regional (s) de Indap, Ricardo Konig Parada.<\/p>\n<p class=\"v1MsoNormal v1ContentPasted0\" style=\"text-align: justify;\">Entre las actividades, se realiz\u00f3 una reuni\u00f3n de trabajo con el alcalde Jos\u00e9 Fica G\u00f3mez y con la directiva de la Asociaci\u00f3n Gremial El Desaf\u00edo, que re\u00fane a cerca de 40 socios de sectores como R\u00edo Mayer, R\u00edo Bravo y Lago O\u00b4Higgins, para abordar mecanismos de fortalecimiento organizacional y de la gesti\u00f3n productiva en la comuna.<\/p>\n<p class=\"v1MsoNormal v1ContentPasted0\" style=\"text-align: justify;\">Posteriormente, se visit\u00f3 la experiencia de siembra demostrativa con avena, br\u00e1sicas forrajeras y raps, realizadas en el predio de la Asociaci\u00f3n Gremial, a trav\u00e9s del Programa de Desarrollo Local, Prodesal, que ejecuta INDAP con la Municipalidad de O\u00b4Higgins, con asesor\u00eda del INIA.<\/p>\n<p class=\"v1MsoNormal v1ContentPasted0\" style=\"text-align: justify;\">El seremi Alan Espinoza resalt\u00f3 la gesti\u00f3n asociativa, en particular, en manejo y mejoramiento de praderas que fomenta INIA Tamel Aike, a trav\u00e9s del \u00abPrograma de transferencia, modernizaci\u00f3n y fortalecimiento del negocio ovejero\u00bb, apoyado por el Gobierno Regional de Ays\u00e9n y su Consejo.<\/p>\n<p class=\"v1MsoNormal v1ContentPasted0\" style=\"text-align: justify;\">\u00abHemos logrado instalar nuevas praderas suplementarias. Praderas de avena, de raps y adem\u00e1s de nabo forrajero que nos va a permitir estar mejor preparados para la temporada invernal que se acerca. Estamos muy contentos de mostrar este tremendo trabajo y ver en terreno c\u00f3mo se est\u00e1 llevando a cabo estos nuevos prop\u00f3sitos para hacer transferencia\u00bb, sostuvo el seremi de Agricultura.<\/p>\n<p class=\"v1MsoNormal v1ContentPasted0\" style=\"text-align: justify;\">La vicepresidenta de la organizaci\u00f3n, Margarita G\u00f3mez Torres, valor\u00f3 el di\u00e1logo y trabajo conjunto para mejorar la gesti\u00f3n asociativa y productiva local.<\/p>\n<p class=\"v1MsoNormal v1ContentPasted0\" style=\"text-align: justify;\">\u00abQuedamos bien conformes con la reuni\u00f3n que obtuvimos en la tarde con el Seremi, bien esperanzado a nuestras peticiones y a tener una buena acogida (&#8230;) tenemos hartos desaf\u00edos, pero en este momento es la corta de pasto para los socios que tienen y tambi\u00e9n ver c\u00f3mo podemos generar ese recurso tan preciado\u00bb, se\u00f1al\u00f3.<\/p>\n<p class=\"v1MsoNormal v1ContentPasted0\" style=\"text-align: justify;\">Para el director (S) de INDAP, Ricardo Konig, la conversaci\u00f3n con los dirigentes permite reimpulsar el trabajo con los productores de esta comuna.<\/p>\n<p class=\"v1MsoNormal v1ContentPasted0\" style=\"text-align: justify;\">\u00abHemos tomado algunos acuerdos, en los cuales nosotros podemos apoyarlos a trav\u00e9s de una asesor\u00eda que sea, ojal\u00e1, adecuada para ellos, considerando las condiciones de lejan\u00eda, considerando que es una organizaci\u00f3n que ha pasado por mucho, que est\u00e1 todav\u00eda buscando su camino. As\u00ed es que esperamos apoyarlos, principalmente, en t\u00e9rminos organizacionales, como tambi\u00e9n en t\u00e9rminos productivos\u00bb, sintetiz\u00f3<\/p>\n<p class=\"v1MsoNormal v1ContentPasted0\" style=\"text-align: justify;\">Eduardo C\u00e1ceres Carrillo de INDAP Villa O&#8217;Higgins, destac\u00f3 la importancia de afianzar pr\u00e1cticas mediante acciones como las desarrolladas en la parcela demostrativa implementada en el predio de la Asociaci\u00f3n Gremial.<\/p>\n<p class=\"v1MsoNormal v1ContentPasted0\" style=\"text-align: justify;\">\u00abDonde se estableci\u00f3 una parcela demostrativa con financiamiento del municipio y asesorada a trav\u00e9s del INIA, en colaboraci\u00f3n, para generar insumos, para capacitar y entregar informaci\u00f3n y asesor\u00eda en producci\u00f3n de forraje pradera suplementaria a nuestros productores\u00bb, indic\u00f3.<\/p>\n<p class=\"v1MsoNormal v1ContentPasted0\" style=\"text-align: justify;\">En el marco de las actividades en la provincia Capit\u00e1n Prat, el seremi se reuni\u00f3 tambi\u00e9n con la Delegada Presidencial Provincial, Marta Montiel, junto a quien reforz\u00f3 el mensaje de prevenci\u00f3n de incendios forestales a la comunidad, atendiendo la mayor peligrosidad propia del per\u00edodo estival.\u00a0<span class=\"v1ContentPasted0\">\u00a0<\/span><\/p>\n<\/div><\/section><\/div><div  style='height:50px' class='hr hr-invisible   avia-builder-el-6  el_after_av_one_full  el_before_av_social_share '><span class='hr-inner ' ><span class='hr-inner-style'><\/span><\/span><\/div><\/p>\n<div  class='av-social-sharing-box  avia-builder-el-7  el_after_av_hr  el_before_av_hr  '><div class='av-share-box'><h5 class='av-share-link-description av-no-toc '>Compartir esta noticia<\/h5><ul class='av-share-box-list noLightbox'><li class='av-share-link av-social-link-facebook' ><a target=\"_blank\" aria-label=\"Compartir en Facebook\" href='https:\/\/www.facebook.com\/sharer.php?u=https:\/\/radiorevelacionfm.cl\/?p=27003&#038;t=Seremi%20de%20Agricultura%20destac%C3%B3%20gesti%C3%B3n%20productiva%20y%20asociativa%20rural%20en%20O%C2%B4Higgins' aria-hidden='false' data-av_icon='\ue8f3' data-av_iconfont='entypo-fontello' title='' data-avia-related-tooltip='Compartir en Facebook' rel=\"noopener\"><span class='avia_hidden_link_text'>Compartir en Facebook<\/span><\/a><\/li><li class='av-share-link av-social-link-twitter' ><a target=\"_blank\" aria-label=\"Compartir en Twitter\" href='https:\/\/twitter.com\/share?text=Seremi%20de%20Agricultura%20destac%C3%B3%20gesti%C3%B3n%20productiva%20y%20asociativa%20rural%20en%20O%C2%B4Higgins&#038;url=https:\/\/radiorevelacionfm.cl\/?p=27003' aria-hidden='false' data-av_icon='\ue8f1' data-av_iconfont='entypo-fontello' title='' data-avia-related-tooltip='Compartir en Twitter' rel=\"noopener\"><span class='avia_hidden_link_text'>Compartir en Twitter<\/span><\/a><\/li><li class='av-share-link av-social-link-whatsapp' ><a target=\"_blank\" aria-label=\"Compartir en Whatsapp\" href='https:\/\/api.whatsapp.com\/send?text=https:\/\/radiorevelacionfm.cl\/?p=27003' aria-hidden='false' data-av_icon='\uf232' data-av_iconfont='entypo-fontello' title='' data-avia-related-tooltip='Compartir en Whatsapp' rel=\"noopener\"><span class='avia_hidden_link_text'>Compartir en Whatsapp<\/span><\/a><\/li><li class='av-share-link av-social-link-linkedin' ><a target=\"_blank\" aria-label=\"Compartir en LinkedIn\" href='https:\/\/linkedin.com\/shareArticle?mini=true&#038;title=Seremi%20de%20Agricultura%20destac%C3%B3%20gesti%C3%B3n%20productiva%20y%20asociativa%20rural%20en%20O%C2%B4Higgins&#038;url=https:\/\/radiorevelacionfm.cl\/?p=27003' aria-hidden='false' data-av_icon='\ue8fc' data-av_iconfont='entypo-fontello' title='' data-avia-related-tooltip='Compartir en LinkedIn' rel=\"noopener\"><span class='avia_hidden_link_text'>Compartir en LinkedIn<\/span><\/a><\/li><li class='av-share-link av-social-link-mail' ><a  aria-label=\"Compartir por correo\" href='mailto:?subject=Seremi%20de%20Agricultura%20destac%C3%B3%20gesti%C3%B3n%20productiva%20y%20asociativa%20rural%20en%20O%C2%B4Higgins&#038;body=https:\/\/radiorevelacionfm.cl\/?p=27003' aria-hidden='false' data-av_icon='\ue805' data-av_iconfont='entypo-fontello' title='' data-avia-related-tooltip='Compartir por correo'><span class='avia_hidden_link_text'>Compartir por correo<\/span><\/a><\/li><\/ul><\/div><\/div>\n<div  style='height:50px' class='hr hr-invisible   avia-builder-el-8  el_after_av_social_share  el_before_av_comments_list '><span class='hr-inner ' ><span class='hr-inner-style'><\/span><\/span><\/div>\n<div  class='av-buildercomment  av-blog-meta-html-info-disabled av-blog-meta-tag-disabled  '><\/div>\n","protected":false},"excerpt":{"rendered":"","protected":false},"author":1,"featured_media":27004,"comment_status":"open","ping_status":"open","sticky":false,"template":"","format":"standard","meta":{"footnotes":""},"categories":[58],"tags":[],"class_list":["post-27003","post","type-post","status-publish","format-standard","has-post-thumbnail","hentry","category-agricultura"],"jetpack_featured_media_url":"https:\/\/radiorevelacionfm.cl\/wp-content\/uploads\/2023\/01\/whatsapp-image-2023-01-20-at-22_optimized.15.49-1.jpeg","_links":{"self":[{"href":"https:\/\/radiorevelacionfm.cl\/index.php?rest_route=\/wp\/v2\/posts\/27003","targetHints":{"allow":["GET"]}}],"collection":[{"href":"https:\/\/radiorevelacionfm.cl\/index.php?rest_route=\/wp\/v2\/posts"}],"about":[{"href":"https:\/\/radiorevelacionfm.cl\/index.php?rest_route=\/wp\/v2\/types\/post"}],"author":[{"embeddable":true,"href":"https:\/\/radiorevelacionfm.cl\/index.php?rest_route=\/wp\/v2\/users\/1"}],"replies":[{"embeddable":true,"href":"https:\/\/radiorevelacionfm.cl\/index.php?rest_route=%2Fwp%2Fv2%2Fcomments&post=27003"}],"version-history":[{"count":2,"href":"https:\/\/radiorevelacionfm.cl\/index.php?rest_route=\/wp\/v2\/posts\/27003\/revisions"}],"predecessor-version":[{"id":27018,"href":"https:\/\/radiorevelacionfm.cl\/index.php?rest_route=\/wp\/v2\/posts\/27003\/revisions\/27018"}],"wp:featuredmedia":[{"embeddable":true,"href":"https:\/\/radiorevelacionfm.cl\/index.php?rest_route=\/wp\/v2\/media\/27004"}],"wp:attachment":[{"href":"https:\/\/radiorevelacionfm.cl\/index.php?rest_route=%2Fwp%2Fv2%2Fmedia&parent=27003"}],"wp:term":[{"taxonomy":"category","embeddable":true,"href":"https:\/\/radiorevelacionfm.cl\/index.php?rest_route=%2Fwp%2Fv2%2Fcategories&post=27003"},{"taxonomy":"post_tag","embeddable":true,"href":"https:\/\/radiorevelacionfm.cl\/index.php?rest_route=%2Fwp%2Fv2%2Ftags&post=27003"}],"curies":[{"name":"wp","href":"https:\/\/api.w.org\/{rel}","templated":true}]}}