{"id":26999,"date":"2023-01-24T16:08:02","date_gmt":"2023-01-24T19:08:02","guid":{"rendered":"https:\/\/radiorevelacionfm.cl\/?p=26999"},"modified":"2023-01-24T16:08:02","modified_gmt":"2023-01-24T19:08:02","slug":"junaeb-extiende-plazo-para-postulacion-y-renovacion-de-programas-de-becas-y-residencias-2023","status":"publish","type":"post","link":"https:\/\/radiorevelacionfm.cl\/?p=26999","title":{"rendered":"Junaeb extiende plazo para postulaci\u00f3n y renovaci\u00f3n de Programas de Becas y Residencias 2023"},"content":{"rendered":"<div class=\"flex_column av_one_full  flex_column_div av-zero-column-padding first  avia-builder-el-0  el_before_av_one_full  avia-builder-el-first  \" style='border-radius:0px; '><div  class='avia-image-container  av-styling-    avia-builder-el-1  avia-builder-el-no-sibling  avia-align-center '  itemprop=\"image\" itemscope=\"itemscope\" itemtype=\"https:\/\/schema.org\/ImageObject\"  ><div class='avia-image-container-inner'><div class='avia-image-overlay-wrap'><img decoding=\"async\" class='wp-image-27000 avia-img-lazy-loading-not-27000 avia_image' src=\"https:\/\/radiorevelacionfm.cl\/wp-content\/uploads\/2023\/01\/140667_1_63b5d4f32bb8f-1_optimized.jpg\" alt='' title='140667_1_63b5d4f32bb8f-(1)_optimized' height=\"600\" width=\"1080\"  itemprop=\"thumbnailUrl\" srcset=\"https:\/\/radiorevelacionfm.cl\/wp-content\/uploads\/2023\/01\/140667_1_63b5d4f32bb8f-1_optimized.jpg 1080w, https:\/\/radiorevelacionfm.cl\/wp-content\/uploads\/2023\/01\/140667_1_63b5d4f32bb8f-1_optimized-300x167.jpg 300w, https:\/\/radiorevelacionfm.cl\/wp-content\/uploads\/2023\/01\/140667_1_63b5d4f32bb8f-1_optimized-1030x572.jpg 1030w, https:\/\/radiorevelacionfm.cl\/wp-content\/uploads\/2023\/01\/140667_1_63b5d4f32bb8f-1_optimized-768x427.jpg 768w, https:\/\/radiorevelacionfm.cl\/wp-content\/uploads\/2023\/01\/140667_1_63b5d4f32bb8f-1_optimized-705x392.jpg 705w, https:\/\/radiorevelacionfm.cl\/wp-content\/uploads\/2023\/01\/140667_1_63b5d4f32bb8f-1_optimized-600x333.jpg 600w\" sizes=\"(max-width: 1080px) 100vw, 1080px\" \/><\/div><\/div><\/div><\/div><div class=\"flex_column av_one_full  flex_column_div av-zero-column-padding first  avia-builder-el-2  el_after_av_one_full  el_before_av_one_full  column-top-margin\" style='border-radius:0px; '><section class=\"av_textblock_section \"  itemscope=\"itemscope\" itemtype=\"https:\/\/schema.org\/BlogPosting\" itemprop=\"blogPost\" ><div class='avia_textblock  '   itemprop=\"text\" ><p style=\"text-align: center;\"><span style=\"font-size: 18pt;\"><b>Junaeb extiende plazo para postulaci\u00f3n y renovaci\u00f3n de Programas de Becas y Residencias 2023<\/b><\/span><\/p>\n<div id=\"gtx-trans\" style=\"position: absolute; left: -50px; top: 4.31534px;\">\n<div class=\"gtx-trans-icon\"><\/div>\n<\/div>\n<\/div><\/section><\/div><div class=\"flex_column av_one_full  flex_column_div av-zero-column-padding first  avia-builder-el-4  el_after_av_one_full  el_before_av_hr  column-top-margin\" style='border-radius:0px; '><section class=\"av_textblock_section \"  itemscope=\"itemscope\" itemtype=\"https:\/\/schema.org\/BlogPosting\" itemprop=\"blogPost\" ><div class='avia_textblock  '   itemprop=\"text\" ><p class=\"v1MsoNormal\" style=\"text-align: justify;\">En virtud de la cantidad de estudiantes que a\u00fan no han realizado o concluido el proceso de renovaci\u00f3n o postulaci\u00f3n a las becas y residencias, es que Junaeb extendi\u00f3 el plazo de cierre hasta el 27 de enero a las 23:59 horas.<\/p>\n<p class=\"v1MsoNormal\" style=\"text-align: justify;\">El objetivo de estos beneficios es apoyar a las y los estudiantes de educaci\u00f3n b\u00e1sica, media y superior, durante toda la etapa formativa, asegurando su permanencia en el sistema educacional.<\/p>\n<p class=\"v1MsoNormal\" style=\"text-align: justify;\">\u00abEs muy importante que las y los estudiantes tengan y mantengan sus becas, por eso es por lo que extendemos el plazo de cierre y reiteramos el llamado a realizar o concluir este tr\u00e1mite a la brevedad, en el sitio web de Junaeb\u00bb, enfatiz\u00f3 el reci\u00e9n asumido director regional de Junaeb, Manuel Vivar Aguila.<\/p>\n<p class=\"v1MsoNormal\" style=\"text-align: justify;\">En caso de dudas, pueden contactarse en los canales de atenci\u00f3n virtual de la instituci\u00f3n o de manera presencial al Departamento Social tanto de las Delegaciones Presidenciales como de las Municipalidades cercanas a sus domicilios o bien acercarse a nuestra direcci\u00f3n regional ubicada en calle Portales N\u00b073, nuestro horario de atenci\u00f3n es de 08:30 a 14:00 horas en horario continuado.<\/p>\n<p class=\"v1MsoNormal\" style=\"text-align: justify;\"><b>Antecedentes sobre el Proceso<\/b><\/p>\n<p class=\"v1MsoNormal\" style=\"text-align: justify;\">Es importante recordar que el solicitar una beca y cumplir con las exigencias no garantiza que la persona resulte beneficiaria.<\/p>\n<p class=\"v1MsoNormal\" style=\"text-align: justify;\">Las becas tienen cupos limitados<b>\u00a0<\/b>y Junaeb elabora un ranking para cada programa, e identifica a las y los estudiantes que cumplen los requisitos de acuerdo con la beca.<\/p>\n<p class=\"v1MsoNormal\" style=\"text-align: justify;\">Para renovar las becas, las y los estudiantes deben ingresar al sitio www.junaeb.cl o al portalbecas.junaeb.cl<b>\u00a0<\/b>donde deber\u00e1n crear un usuario con un correo electr\u00f3nico actualizado y personal. Esto es fundamental, ya que por esa v\u00eda Junaeb enviar\u00e1 informaci\u00f3n, avances, asignaci\u00f3n o rechazo del beneficio.<\/p>\n<p class=\"v1MsoNormal\" style=\"text-align: justify;\">Todos los requisitos y excepciones se pueden revisar en\u00a0<a href=\"http:\/\/www.junaeb.cl\/\" target=\"_blank\" rel=\"noopener noreferrer\">www.junaeb.cl<\/a><\/p>\n<\/div><\/section><\/div><div  style='height:50px' class='hr hr-invisible   avia-builder-el-6  el_after_av_one_full  el_before_av_social_share '><span class='hr-inner ' ><span class='hr-inner-style'><\/span><\/span><\/div><\/p>\n<div  class='av-social-sharing-box  avia-builder-el-7  el_after_av_hr  el_before_av_hr  '><div class='av-share-box'><h5 class='av-share-link-description av-no-toc '>Compartir esta noticia<\/h5><ul class='av-share-box-list noLightbox'><li class='av-share-link av-social-link-facebook' ><a target=\"_blank\" aria-label=\"Compartir en Facebook\" href='https:\/\/www.facebook.com\/sharer.php?u=https:\/\/radiorevelacionfm.cl\/?p=26999&#038;t=Junaeb%20extiende%20plazo%20para%20postulaci%C3%B3n%20y%20renovaci%C3%B3n%20de%20Programas%20de%20Becas%20y%20Residencias%202023' aria-hidden='false' data-av_icon='\ue8f3' data-av_iconfont='entypo-fontello' title='' data-avia-related-tooltip='Compartir en Facebook' rel=\"noopener\"><span class='avia_hidden_link_text'>Compartir en Facebook<\/span><\/a><\/li><li class='av-share-link av-social-link-twitter' ><a target=\"_blank\" aria-label=\"Compartir en Twitter\" href='https:\/\/twitter.com\/share?text=Junaeb%20extiende%20plazo%20para%20postulaci%C3%B3n%20y%20renovaci%C3%B3n%20de%20Programas%20de%20Becas%20y%20Residencias%202023&#038;url=https:\/\/radiorevelacionfm.cl\/?p=26999' aria-hidden='false' data-av_icon='\ue8f1' data-av_iconfont='entypo-fontello' title='' data-avia-related-tooltip='Compartir en Twitter' rel=\"noopener\"><span class='avia_hidden_link_text'>Compartir en Twitter<\/span><\/a><\/li><li class='av-share-link av-social-link-whatsapp' ><a target=\"_blank\" aria-label=\"Compartir en Whatsapp\" href='https:\/\/api.whatsapp.com\/send?text=https:\/\/radiorevelacionfm.cl\/?p=26999' aria-hidden='false' data-av_icon='\uf232' data-av_iconfont='entypo-fontello' title='' data-avia-related-tooltip='Compartir en Whatsapp' rel=\"noopener\"><span class='avia_hidden_link_text'>Compartir en Whatsapp<\/span><\/a><\/li><li class='av-share-link av-social-link-linkedin' ><a target=\"_blank\" aria-label=\"Compartir en LinkedIn\" href='https:\/\/linkedin.com\/shareArticle?mini=true&#038;title=Junaeb%20extiende%20plazo%20para%20postulaci%C3%B3n%20y%20renovaci%C3%B3n%20de%20Programas%20de%20Becas%20y%20Residencias%202023&#038;url=https:\/\/radiorevelacionfm.cl\/?p=26999' aria-hidden='false' data-av_icon='\ue8fc' data-av_iconfont='entypo-fontello' title='' data-avia-related-tooltip='Compartir en LinkedIn' rel=\"noopener\"><span class='avia_hidden_link_text'>Compartir en LinkedIn<\/span><\/a><\/li><li class='av-share-link av-social-link-mail' ><a  aria-label=\"Compartir por correo\" href='mailto:?subject=Junaeb%20extiende%20plazo%20para%20postulaci%C3%B3n%20y%20renovaci%C3%B3n%20de%20Programas%20de%20Becas%20y%20Residencias%202023&#038;body=https:\/\/radiorevelacionfm.cl\/?p=26999' aria-hidden='false' data-av_icon='\ue805' data-av_iconfont='entypo-fontello' title='' data-avia-related-tooltip='Compartir por correo'><span class='avia_hidden_link_text'>Compartir por correo<\/span><\/a><\/li><\/ul><\/div><\/div>\n<div  style='height:50px' class='hr hr-invisible   avia-builder-el-8  el_after_av_social_share  el_before_av_comments_list '><span class='hr-inner ' ><span class='hr-inner-style'><\/span><\/span><\/div>\n<div  class='av-buildercomment  av-blog-meta-html-info-disabled av-blog-meta-tag-disabled  '><\/div>\n","protected":false},"excerpt":{"rendered":"","protected":false},"author":1,"featured_media":27000,"comment_status":"open","ping_status":"open","sticky":false,"template":"","format":"standard","meta":{"footnotes":""},"categories":[49],"tags":[],"class_list":["post-26999","post","type-post","status-publish","format-standard","has-post-thumbnail","hentry","category-educacion"],"jetpack_featured_media_url":"https:\/\/radiorevelacionfm.cl\/wp-content\/uploads\/2023\/01\/140667_1_63b5d4f32bb8f-1_optimized.jpg","_links":{"self":[{"href":"https:\/\/radiorevelacionfm.cl\/index.php?rest_route=\/wp\/v2\/posts\/26999","targetHints":{"allow":["GET"]}}],"collection":[{"href":"https:\/\/radiorevelacionfm.cl\/index.php?rest_route=\/wp\/v2\/posts"}],"about":[{"href":"https:\/\/radiorevelacionfm.cl\/index.php?rest_route=\/wp\/v2\/types\/post"}],"author":[{"embeddable":true,"href":"https:\/\/radiorevelacionfm.cl\/index.php?rest_route=\/wp\/v2\/users\/1"}],"replies":[{"embeddable":true,"href":"https:\/\/radiorevelacionfm.cl\/index.php?rest_route=%2Fwp%2Fv2%2Fcomments&post=26999"}],"version-history":[{"count":2,"href":"https:\/\/radiorevelacionfm.cl\/index.php?rest_route=\/wp\/v2\/posts\/26999\/revisions"}],"predecessor-version":[{"id":27002,"href":"https:\/\/radiorevelacionfm.cl\/index.php?rest_route=\/wp\/v2\/posts\/26999\/revisions\/27002"}],"wp:featuredmedia":[{"embeddable":true,"href":"https:\/\/radiorevelacionfm.cl\/index.php?rest_route=\/wp\/v2\/media\/27000"}],"wp:attachment":[{"href":"https:\/\/radiorevelacionfm.cl\/index.php?rest_route=%2Fwp%2Fv2%2Fmedia&parent=26999"}],"wp:term":[{"taxonomy":"category","embeddable":true,"href":"https:\/\/radiorevelacionfm.cl\/index.php?rest_route=%2Fwp%2Fv2%2Fcategories&post=26999"},{"taxonomy":"post_tag","embeddable":true,"href":"https:\/\/radiorevelacionfm.cl\/index.php?rest_route=%2Fwp%2Fv2%2Ftags&post=26999"}],"curies":[{"name":"wp","href":"https:\/\/api.w.org\/{rel}","templated":true}]}}