{"id":26992,"date":"2023-01-24T14:50:34","date_gmt":"2023-01-24T17:50:34","guid":{"rendered":"https:\/\/radiorevelacionfm.cl\/?p=26992"},"modified":"2023-01-24T14:50:34","modified_gmt":"2023-01-24T17:50:34","slug":"minvu-confirma-recursos-para-adquirir-terreno-donde-se-construiran-viviendas-para-56-familias-de-puerto-aysen","status":"publish","type":"post","link":"https:\/\/radiorevelacionfm.cl\/?p=26992","title":{"rendered":"Minvu confirma recursos para adquirir terreno donde se construir\u00e1n viviendas para 56 familias de Puerto Ays\u00e9n"},"content":{"rendered":"<div class=\"flex_column av_one_full  flex_column_div av-zero-column-padding first  avia-builder-el-0  el_before_av_one_full  avia-builder-el-first  \" style='border-radius:0px; '><div  class='avia-image-container  av-styling-    avia-builder-el-1  avia-builder-el-no-sibling  avia-align-center '  itemprop=\"image\" itemscope=\"itemscope\" itemtype=\"https:\/\/schema.org\/ImageObject\"  ><div class='avia-image-container-inner'><div class='avia-image-overlay-wrap'><img decoding=\"async\" class='wp-image-26993 avia-img-lazy-loading-not-26993 avia_image' src=\"https:\/\/radiorevelacionfm.cl\/wp-content\/uploads\/2023\/01\/seremi-y-dirigentas-comite-amuyen-3-puerto-aysen_optimized.jpg\" alt='' title='seremi-y-dirigentas-comit\u00e9-amuyen-3-puerto-ays\u00e9n_optimized' height=\"609\" width=\"792\"  itemprop=\"thumbnailUrl\" srcset=\"https:\/\/radiorevelacionfm.cl\/wp-content\/uploads\/2023\/01\/seremi-y-dirigentas-comite-amuyen-3-puerto-aysen_optimized.jpg 792w, https:\/\/radiorevelacionfm.cl\/wp-content\/uploads\/2023\/01\/seremi-y-dirigentas-comite-amuyen-3-puerto-aysen_optimized-300x231.jpg 300w, https:\/\/radiorevelacionfm.cl\/wp-content\/uploads\/2023\/01\/seremi-y-dirigentas-comite-amuyen-3-puerto-aysen_optimized-768x591.jpg 768w, https:\/\/radiorevelacionfm.cl\/wp-content\/uploads\/2023\/01\/seremi-y-dirigentas-comite-amuyen-3-puerto-aysen_optimized-705x542.jpg 705w, https:\/\/radiorevelacionfm.cl\/wp-content\/uploads\/2023\/01\/seremi-y-dirigentas-comite-amuyen-3-puerto-aysen_optimized-600x461.jpg 600w\" sizes=\"(max-width: 792px) 100vw, 792px\" \/><\/div><\/div><\/div><\/div><div class=\"flex_column av_one_full  flex_column_div av-zero-column-padding first  avia-builder-el-2  el_after_av_one_full  el_before_av_one_full  column-top-margin\" style='border-radius:0px; '><section class=\"av_textblock_section \"  itemscope=\"itemscope\" itemtype=\"https:\/\/schema.org\/BlogPosting\" itemprop=\"blogPost\" ><div class='avia_textblock  '   itemprop=\"text\" ><p style=\"text-align: center;\"><strong><span style=\"font-size: 18pt;\">Minvu confirma recursos para adquirir terreno donde se construir\u00e1n viviendas para 56 familias de Puerto Ays\u00e9n<\/span><\/strong><\/p>\n<div id=\"gtx-trans\" style=\"position: absolute; left: -50px; top: 4.31534px;\">\n<div class=\"gtx-trans-icon\"><\/div>\n<\/div>\n<\/div><\/section><\/div><div class=\"flex_column av_one_full  flex_column_div av-zero-column-padding first  avia-builder-el-4  el_after_av_one_full  el_before_av_hr  column-top-margin\" style='border-radius:0px; '><section class=\"av_textblock_section \"  itemscope=\"itemscope\" itemtype=\"https:\/\/schema.org\/BlogPosting\" itemprop=\"blogPost\" ><div class='avia_textblock  '   itemprop=\"text\" ><p style=\"text-align: justify;\">Con gran alegr\u00eda y destacando el apoyo permanente de las autoridades de Gobierno para agilizar los procesos, la directiva e integrantes del comit\u00e9 Amuyen 3 de Puerto Ays\u00e9n destacaron la buena noticia recibida de parte de la Seremi de Vivienda de que ya est\u00e1n comprometidos los recursos sectoriales para comprar el terreno donde a futuro podr\u00e1n construir su anhelado proyecto habitacional.<\/p>\n<p style=\"text-align: justify;\">Tras reunirse con el grupo, la Seremi de Vivienda, Paulina Ruz, destac\u00f3 el trabajo de los dirigentes y expres\u00f3 su satisfacci\u00f3n de poder compartir con las familias esta buena noticia. \u201cEn el marco del Plan de Emergencia Habitacional nosotros en el mes de septiembre del 2022 realizamos solicitudes a nivel central respecto de la compra de distintos terrenos para la construcci\u00f3n de conjuntos habitacionales, en el marco de esta gesti\u00f3n de Gobierno. Frente a eso nos entregaron la buena noticia de que est\u00e1n disponibles los recursos para proceder a la compra del terreno del comit\u00e9 Amuyen 3, el cual va a beneficiar a 56 familias. Tuvimos la oportunidad de compartir un momento muy grato con las dirigentas, pensando en el compromiso de poder gestionar paso a paso la construcci\u00f3n de las viviendas y hacer el acompa\u00f1amiento necesario, dignificando los hogares de las familias de Puerto Ays\u00e9n\u201d, expres\u00f3.<\/p>\n<p style=\"text-align: justify;\">Por su parte, la Presidenta del comit\u00e9 de Vivienda Amuyen 3, Jimena Santana, agradeci\u00f3 el apoyo recibido de las autoridades, lo que ha permitido construir una relaci\u00f3n basada en la cercan\u00eda y el respeto que en un corto plazo ya muestra positivos resultados. \u201cEstamos conformados desde hace aproximadamente dos a\u00f1os y medio. Qu\u00e9 quiere que le diga, estamos felices, usted lo not\u00f3, estamos demasiado contentas como directiva, como comit\u00e9, porque ya logramos algo en tan poco tiempo, que fueron entre 6 y 8 meses, que es la adquisici\u00f3n del terreno. Eso nos tiene felices porque es algo ya seguro y darle las gracias a la Seremi, al Serviu, porque han sido unas personas maravillosas con nosotros. Somos un comit\u00e9 de muy bajo perfil, pero hemos estado trabajando constantemente y con el apoyo de ustedes ha sido fant\u00e1stico\u201d, manifest\u00f3.<\/p>\n<p style=\"text-align: justify;\">Agreg\u00f3 Jimena Santana que esta buena noticia les da certeza de que van por el camino correcto y las motiva para afrontar con unidad y optimismo los desaf\u00edos futuros. \u201cSomos 56 familias beneficiadas, tenemos adultos mayores, familias con ni\u00f1os y todos queremos nuestra casa propia. Ahora ya queda menos y eso es lo que nos tiene m\u00e1s feliz, y vuelvo a reiterar las gracias a ustedes como Gobierno, como instituci\u00f3n, que han sido personas fant\u00e1sticas y s\u00faper cercanas a nosotros\u201d, afirm\u00f3.<\/p>\n<p style=\"text-align: justify;\">Tanto las dirigentas como las autoridades del sector Vivienda se comprometieron a seguir trabajando con fuerza y en forma coordinada para avanzar paso a paso en las etapas que vienen, como la concreci\u00f3n de la compra del terreno, la elaboraci\u00f3n del proyecto habitacional, la gesti\u00f3n de los subsidios y la posterior licitaci\u00f3n y contrataci\u00f3n de la empresa que estar\u00e1 a cargo de la construcci\u00f3n del nuevo barrio para las y los integrantes del comit\u00e9 Amuyen 3 de Puerto Ays\u00e9n.<\/p>\n<\/div><\/section><\/div><div  style='height:50px' class='hr hr-invisible   avia-builder-el-6  el_after_av_one_full  el_before_av_social_share '><span class='hr-inner ' ><span class='hr-inner-style'><\/span><\/span><\/div><\/p>\n<div  class='av-social-sharing-box  avia-builder-el-7  el_after_av_hr  el_before_av_hr  '><div class='av-share-box'><h5 class='av-share-link-description av-no-toc '>Compartir esta noticia<\/h5><ul class='av-share-box-list noLightbox'><li class='av-share-link av-social-link-facebook' ><a target=\"_blank\" aria-label=\"Compartir en Facebook\" href='https:\/\/www.facebook.com\/sharer.php?u=https:\/\/radiorevelacionfm.cl\/?p=26992&#038;t=Minvu%20confirma%20recursos%20para%20adquirir%20terreno%20donde%20se%20construir%C3%A1n%20viviendas%20para%2056%20familias%20de%20Puerto%20Ays%C3%A9n' aria-hidden='false' data-av_icon='\ue8f3' data-av_iconfont='entypo-fontello' title='' data-avia-related-tooltip='Compartir en Facebook' rel=\"noopener\"><span class='avia_hidden_link_text'>Compartir en Facebook<\/span><\/a><\/li><li class='av-share-link av-social-link-twitter' ><a target=\"_blank\" aria-label=\"Compartir en Twitter\" href='https:\/\/twitter.com\/share?text=Minvu%20confirma%20recursos%20para%20adquirir%20terreno%20donde%20se%20construir%C3%A1n%20viviendas%20para%2056%20familias%20de%20Puerto%20Ays%C3%A9n&#038;url=https:\/\/radiorevelacionfm.cl\/?p=26992' aria-hidden='false' data-av_icon='\ue8f1' data-av_iconfont='entypo-fontello' title='' data-avia-related-tooltip='Compartir en Twitter' rel=\"noopener\"><span class='avia_hidden_link_text'>Compartir en Twitter<\/span><\/a><\/li><li class='av-share-link av-social-link-whatsapp' ><a target=\"_blank\" aria-label=\"Compartir en Whatsapp\" href='https:\/\/api.whatsapp.com\/send?text=https:\/\/radiorevelacionfm.cl\/?p=26992' aria-hidden='false' data-av_icon='\uf232' data-av_iconfont='entypo-fontello' title='' data-avia-related-tooltip='Compartir en Whatsapp' rel=\"noopener\"><span class='avia_hidden_link_text'>Compartir en Whatsapp<\/span><\/a><\/li><li class='av-share-link av-social-link-linkedin' ><a target=\"_blank\" aria-label=\"Compartir en LinkedIn\" href='https:\/\/linkedin.com\/shareArticle?mini=true&#038;title=Minvu%20confirma%20recursos%20para%20adquirir%20terreno%20donde%20se%20construir%C3%A1n%20viviendas%20para%2056%20familias%20de%20Puerto%20Ays%C3%A9n&#038;url=https:\/\/radiorevelacionfm.cl\/?p=26992' aria-hidden='false' data-av_icon='\ue8fc' data-av_iconfont='entypo-fontello' title='' data-avia-related-tooltip='Compartir en LinkedIn' rel=\"noopener\"><span class='avia_hidden_link_text'>Compartir en LinkedIn<\/span><\/a><\/li><li class='av-share-link av-social-link-mail' ><a  aria-label=\"Compartir por correo\" href='mailto:?subject=Minvu%20confirma%20recursos%20para%20adquirir%20terreno%20donde%20se%20construir%C3%A1n%20viviendas%20para%2056%20familias%20de%20Puerto%20Ays%C3%A9n&#038;body=https:\/\/radiorevelacionfm.cl\/?p=26992' aria-hidden='false' data-av_icon='\ue805' data-av_iconfont='entypo-fontello' title='' data-avia-related-tooltip='Compartir por correo'><span class='avia_hidden_link_text'>Compartir por correo<\/span><\/a><\/li><\/ul><\/div><\/div>\n<div  style='height:50px' class='hr hr-invisible   avia-builder-el-8  el_after_av_social_share  el_before_av_comments_list '><span class='hr-inner ' ><span class='hr-inner-style'><\/span><\/span><\/div>\n<div  class='av-buildercomment  av-blog-meta-html-info-disabled av-blog-meta-tag-disabled  '><\/div>\n","protected":false},"excerpt":{"rendered":"","protected":false},"author":1,"featured_media":26993,"comment_status":"open","ping_status":"open","sticky":false,"template":"","format":"standard","meta":{"footnotes":""},"categories":[57],"tags":[],"class_list":["post-26992","post","type-post","status-publish","format-standard","has-post-thumbnail","hentry","category-vivienda"],"jetpack_featured_media_url":"https:\/\/radiorevelacionfm.cl\/wp-content\/uploads\/2023\/01\/seremi-y-dirigentas-comite-amuyen-3-puerto-aysen_optimized.jpg","_links":{"self":[{"href":"https:\/\/radiorevelacionfm.cl\/index.php?rest_route=\/wp\/v2\/posts\/26992","targetHints":{"allow":["GET"]}}],"collection":[{"href":"https:\/\/radiorevelacionfm.cl\/index.php?rest_route=\/wp\/v2\/posts"}],"about":[{"href":"https:\/\/radiorevelacionfm.cl\/index.php?rest_route=\/wp\/v2\/types\/post"}],"author":[{"embeddable":true,"href":"https:\/\/radiorevelacionfm.cl\/index.php?rest_route=\/wp\/v2\/users\/1"}],"replies":[{"embeddable":true,"href":"https:\/\/radiorevelacionfm.cl\/index.php?rest_route=%2Fwp%2Fv2%2Fcomments&post=26992"}],"version-history":[{"count":2,"href":"https:\/\/radiorevelacionfm.cl\/index.php?rest_route=\/wp\/v2\/posts\/26992\/revisions"}],"predecessor-version":[{"id":26998,"href":"https:\/\/radiorevelacionfm.cl\/index.php?rest_route=\/wp\/v2\/posts\/26992\/revisions\/26998"}],"wp:featuredmedia":[{"embeddable":true,"href":"https:\/\/radiorevelacionfm.cl\/index.php?rest_route=\/wp\/v2\/media\/26993"}],"wp:attachment":[{"href":"https:\/\/radiorevelacionfm.cl\/index.php?rest_route=%2Fwp%2Fv2%2Fmedia&parent=26992"}],"wp:term":[{"taxonomy":"category","embeddable":true,"href":"https:\/\/radiorevelacionfm.cl\/index.php?rest_route=%2Fwp%2Fv2%2Fcategories&post=26992"},{"taxonomy":"post_tag","embeddable":true,"href":"https:\/\/radiorevelacionfm.cl\/index.php?rest_route=%2Fwp%2Fv2%2Ftags&post=26992"}],"curies":[{"name":"wp","href":"https:\/\/api.w.org\/{rel}","templated":true}]}}