{"id":26984,"date":"2023-01-24T11:03:01","date_gmt":"2023-01-24T14:03:01","guid":{"rendered":"https:\/\/radiorevelacionfm.cl\/?p=26984"},"modified":"2023-01-24T11:03:01","modified_gmt":"2023-01-24T14:03:01","slug":"destacan-a-equipo-docente-de-la-escuela-litoral-austral-por-su-proyecto-de-innovacion-seleccionado-en-certamen-nacional","status":"publish","type":"post","link":"https:\/\/radiorevelacionfm.cl\/?p=26984","title":{"rendered":"Destacan a equipo docente de la Escuela Litoral Austral por su proyecto de innovaci\u00f3n seleccionado en certamen nacional"},"content":{"rendered":"<div class=\"flex_column av_one_full  flex_column_div av-zero-column-padding first  avia-builder-el-0  el_before_av_one_full  avia-builder-el-first  \" style='border-radius:0px; '><div  class='avia-image-container  av-styling-    avia-builder-el-1  avia-builder-el-no-sibling  avia-align-center '  itemprop=\"image\" itemscope=\"itemscope\" itemtype=\"https:\/\/schema.org\/ImageObject\"  ><div class='avia-image-container-inner'><div class='avia-image-overlay-wrap'><img decoding=\"async\" class='wp-image-26985 avia-img-lazy-loading-not-26985 avia_image' src=\"https:\/\/radiorevelacionfm.cl\/wp-content\/uploads\/2023\/01\/docentes-litoral-austral-1_optimized-1.jpeg\" alt='' title='docentes-litoral-austral-(1)_optimized (1)' height=\"600\" width=\"800\"  itemprop=\"thumbnailUrl\" srcset=\"https:\/\/radiorevelacionfm.cl\/wp-content\/uploads\/2023\/01\/docentes-litoral-austral-1_optimized-1.jpeg 800w, https:\/\/radiorevelacionfm.cl\/wp-content\/uploads\/2023\/01\/docentes-litoral-austral-1_optimized-1-300x225.jpeg 300w, https:\/\/radiorevelacionfm.cl\/wp-content\/uploads\/2023\/01\/docentes-litoral-austral-1_optimized-1-768x576.jpeg 768w, https:\/\/radiorevelacionfm.cl\/wp-content\/uploads\/2023\/01\/docentes-litoral-austral-1_optimized-1-705x529.jpeg 705w, https:\/\/radiorevelacionfm.cl\/wp-content\/uploads\/2023\/01\/docentes-litoral-austral-1_optimized-1-600x450.jpeg 600w\" sizes=\"(max-width: 800px) 100vw, 800px\" \/><\/div><\/div><\/div><\/div><div class=\"flex_column av_one_full  flex_column_div av-zero-column-padding first  avia-builder-el-2  el_after_av_one_full  el_before_av_one_full  column-top-margin\" style='border-radius:0px; '><section class=\"av_textblock_section \"  itemscope=\"itemscope\" itemtype=\"https:\/\/schema.org\/BlogPosting\" itemprop=\"blogPost\" ><div class='avia_textblock  '   itemprop=\"text\" ><p style=\"text-align: center;\"><strong><span style=\"font-size: 18pt;\">Destacan a equipo docente de la Escuela Litoral Austral por su proyecto de innovaci\u00f3n seleccionado en certamen nacional<\/span><\/strong><\/p>\n<div id=\"gtx-trans\" style=\"position: absolute; left: -50px; top: 4.31534px;\">\n<div class=\"gtx-trans-icon\"><\/div>\n<\/div>\n<\/div><\/section><\/div><div class=\"flex_column av_one_full  flex_column_div av-zero-column-padding first  avia-builder-el-4  el_after_av_one_full  el_before_av_hr  column-top-margin\" style='border-radius:0px; '><section class=\"av_textblock_section \"  itemscope=\"itemscope\" itemtype=\"https:\/\/schema.org\/BlogPosting\" itemprop=\"blogPost\" ><div class='avia_textblock  '   itemprop=\"text\" ><p class=\"v1MsoNormal\" style=\"text-align: justify;\">La Seremi\u00a0<span lang=\"ES\"><a href=\"https:\/\/www.facebook.com\/IsabelGarridoCasassa?__cft__%5b0%5d=AZVmMLc4fB5iWgoqmeLzOimuiqcYX5RcRanR74ApbS9Z1orKpwnl8aed5EMHtuh2P15EYrshvss_pu0Snrw3GZVklIXbmYKqhSftmnlzssgKp--th-Och_5A6OGXFHpKnAzouFt5sN2Sz3pMtgEAYumae6tLqHDijH5UxNwW4c5t1CQ6-zGheF9pNYHmUDS7zB8&amp;__tn__=-%5dK-R\" target=\"_blank\" rel=\"noopener noreferrer\"><span lang=\"ES-CL\">de Educaci\u00f3n de Ays\u00e9n<\/span><\/a><\/span>\u00a0Isabel Garrido Casassa se traslad\u00f3 a Puerto Ays\u00e9n para reunirse con tres profesores de las Escuela Litoral Austral protagonistas del proyecto \u201cPatagones Directo a las estrellas\u201d.<\/p>\n<p class=\"v1MsoNormal\" style=\"text-align: justify;\">La iniciativa fue destacada a nivel nacional en el certamen de innovaci\u00f3n docente \u201cElige Innovar\u201d, de la Fundaci\u00f3n Elige Educar.<\/p>\n<p class=\"v1MsoNormal\" style=\"text-align: justify;\">El proyecto ejecutado por el profesor Marcel Barrientos junto a sus pares Jessica Aravena y Ana Mar\u00eda Rojas ha desarrollado talleres de innovaci\u00f3n en la escuela, en el \u00e1rea de modelado 3D, impresi\u00f3n 3D, dise\u00f1o digital, dise\u00f1o web y todo lo que tienen que ver con la implementaci\u00f3n de nuevas tecnolog\u00edas.<\/p>\n<p class=\"v1MsoNormal\" style=\"text-align: justify;\">Durante el encuentro desarrollado en dependencias de la Biblioteca P\u00fablica porte\u00f1a, los docentes expusieron a la Seremi detalles de la iniciativa y las motivaciones profesionales y personales que los han impulsado a innovar en el aula.<\/p>\n<p class=\"v1MsoNormal\" style=\"text-align: justify;\">La profesora Ana Mar\u00eda Rojas \u00c1vila profesora de Educaci\u00f3n Diferencial manifest\u00f3: \u201cHaber sido seleccionados como una de las 10 pr\u00e1cticas docentes innovadoras del pa\u00eds es un orgullo. Estamos muy felices como equipo estamos muy felices por este reconocimiento porque se valora y valida el trabajo que estamos realizando ac\u00e1 en la Patagonia desde las escuelas municipales, poniendo el foco en que compartiendo el trabajo en equipo. Se pueden lograr muchas cosas. Nuestro proyecto \u201cPatagones Directo a las Estrellas\u201d busca dar oportunidades mediante el uso de recursos tecnol\u00f3gicos para que los ni\u00f1os generen aprendizajes significativos. Esperamos implementar adem\u00e1s de la impresi\u00f3n y modelado 3D el corte y estampado l\u00e1ser para que los alumnos adquieran nuevas herramientas para desempe\u00f1arse laboralmente o de manera independiente\u201d.<\/p>\n<p class=\"v1MsoNormal\" style=\"text-align: justify;\">Por su parte, Jessica Aravena Bahamonde profesora de Educaci\u00f3n General B\u00e1sica expres\u00f3 que \u201cEs un tremendo orgullo llegar a las instancias de reconocimiento con este tremendo proyecto. Estamos muy felices y esperamos que esto se pueda replicar en las otras escuelas municipales\u00a0 de la comuna y de la regi\u00f3n porque ha quedado demostrado que cuando se quiere se puede. Por ello sentimos plena felicidad y queremos replicar y multiplicar este tipo de proyectos en la regi\u00f3n\u201d.<\/p>\n<p class=\"v1MsoNormal\" style=\"text-align: justify;\">Marcel Barrientos, profesor con post\u00edtulo en administraci\u00f3n educacional y gesti\u00f3n directiva,\u00a0 coordinador tecnol\u00f3gico y desarrollador de los T.I.E.N.T \u201cTalleres de Innovaci\u00f3n y Exploraci\u00f3n de Nuevas Tecnolog\u00edas\u201d de la Escuela Litoral Austral se\u00f1al\u00f3 que \u201cNuestra idea es seguir extendiendo el uso de tecnolog\u00edas a otras \u00e1reas, en este caso grabado y estampado en l\u00e1ser gracias al proyecto que acabamos de ganar. A futuro queremos incorporar otras tecnolog\u00edas como uso de Plotter y competencias en Rob\u00f3tica Aplicada, algo que todav\u00eda no hemos abordado y queremos hacerlo pronto en la escuela. Queremos que otras personas se incorporen a este proyecto, quienes quieran aprender y est\u00e9n motivados en adquirir este tipo de herramientas para incorporarlas dentro del aula\u201d.<\/p>\n<p class=\"v1MsoNormal\" style=\"text-align: justify;\">La Seremi Isabel Garrido felicit\u00f3 a los docentes por su empuje y constancia para innovar en su labor diaria.<\/p>\n<p class=\"v1MsoNormal\" style=\"text-align: justify;\">\u201cHoy hemos querido felicitar y destacar a estos tres docentes que obtuvieron un importante reconocimiento nacional\u00a0 con un proyecto de innovaci\u00f3n que ejecutaron en la escuela con impresi\u00f3n 3D. Hay muy pocas impresoras de este tipo en la regi\u00f3n y por ello es una iniciativa genuinamente pionera que fue distinguida entre 300 que postularon al certamen Elige Innovar. Resaltamos este tipo de proyectos que aportan a la Reactivaci\u00f3n Educativa Integral; con la impresi\u00f3n 3D no solo se desarrollan habilidades relacionadas con el pensamiento matem\u00e1tico y el uso de la tecnolog\u00eda sino tambi\u00e9n la motivaci\u00f3n, el trabajo en equipo y la autoconfianza de los ni\u00f1os y ni\u00f1as. Proyectos como este est\u00e1n en plena sinton\u00eda con los ejes que estamos impulsando como Ministerio de Educaci\u00f3n\u201d:<\/p>\n<p class=\"v1MsoNormal\" style=\"text-align: justify;\"><span lang=\"ES\">La ceremonia de premiaci\u00f3n para las mejores iniciativas del pa\u00eds se realiz\u00f3 el 12 de enero en Santiago. Los equipos docentes reciben un aporte en dinero que permitir\u00e1 financiar y potenciar su proyecto de innovaci\u00f3n educativa, adem\u00e1s de un programa de mentor\u00edas, que incorpora talleres y sesiones con el fin de reforzar la implementaci\u00f3n de los proyectos durante 2023.<\/span><\/p>\n<\/div><\/section><\/div><div  style='height:50px' class='hr hr-invisible   avia-builder-el-6  el_after_av_one_full  el_before_av_social_share '><span class='hr-inner ' ><span class='hr-inner-style'><\/span><\/span><\/div><\/p>\n<div  class='av-social-sharing-box  avia-builder-el-7  el_after_av_hr  el_before_av_hr  '><div class='av-share-box'><h5 class='av-share-link-description av-no-toc '>Compartir esta noticia<\/h5><ul class='av-share-box-list noLightbox'><li class='av-share-link av-social-link-facebook' ><a target=\"_blank\" aria-label=\"Compartir en Facebook\" href='https:\/\/www.facebook.com\/sharer.php?u=https:\/\/radiorevelacionfm.cl\/?p=26984&#038;t=Destacan%20a%20equipo%20docente%20de%20la%20Escuela%20Litoral%20Austral%20por%20su%20proyecto%20de%20innovaci%C3%B3n%20seleccionado%20en%20certamen%20nacional' aria-hidden='false' data-av_icon='\ue8f3' data-av_iconfont='entypo-fontello' title='' data-avia-related-tooltip='Compartir en Facebook' rel=\"noopener\"><span class='avia_hidden_link_text'>Compartir en Facebook<\/span><\/a><\/li><li class='av-share-link av-social-link-twitter' ><a target=\"_blank\" aria-label=\"Compartir en Twitter\" href='https:\/\/twitter.com\/share?text=Destacan%20a%20equipo%20docente%20de%20la%20Escuela%20Litoral%20Austral%20por%20su%20proyecto%20de%20innovaci%C3%B3n%20seleccionado%20en%20certamen%20nacional&#038;url=https:\/\/radiorevelacionfm.cl\/?p=26984' aria-hidden='false' data-av_icon='\ue8f1' data-av_iconfont='entypo-fontello' title='' data-avia-related-tooltip='Compartir en Twitter' rel=\"noopener\"><span class='avia_hidden_link_text'>Compartir en Twitter<\/span><\/a><\/li><li class='av-share-link av-social-link-whatsapp' ><a target=\"_blank\" aria-label=\"Compartir en Whatsapp\" href='https:\/\/api.whatsapp.com\/send?text=https:\/\/radiorevelacionfm.cl\/?p=26984' aria-hidden='false' data-av_icon='\uf232' data-av_iconfont='entypo-fontello' title='' data-avia-related-tooltip='Compartir en Whatsapp' rel=\"noopener\"><span class='avia_hidden_link_text'>Compartir en Whatsapp<\/span><\/a><\/li><li class='av-share-link av-social-link-linkedin' ><a target=\"_blank\" aria-label=\"Compartir en LinkedIn\" href='https:\/\/linkedin.com\/shareArticle?mini=true&#038;title=Destacan%20a%20equipo%20docente%20de%20la%20Escuela%20Litoral%20Austral%20por%20su%20proyecto%20de%20innovaci%C3%B3n%20seleccionado%20en%20certamen%20nacional&#038;url=https:\/\/radiorevelacionfm.cl\/?p=26984' aria-hidden='false' data-av_icon='\ue8fc' data-av_iconfont='entypo-fontello' title='' data-avia-related-tooltip='Compartir en LinkedIn' rel=\"noopener\"><span class='avia_hidden_link_text'>Compartir en LinkedIn<\/span><\/a><\/li><li class='av-share-link av-social-link-mail' ><a  aria-label=\"Compartir por correo\" href='mailto:?subject=Destacan%20a%20equipo%20docente%20de%20la%20Escuela%20Litoral%20Austral%20por%20su%20proyecto%20de%20innovaci%C3%B3n%20seleccionado%20en%20certamen%20nacional&#038;body=https:\/\/radiorevelacionfm.cl\/?p=26984' aria-hidden='false' data-av_icon='\ue805' data-av_iconfont='entypo-fontello' title='' data-avia-related-tooltip='Compartir por correo'><span class='avia_hidden_link_text'>Compartir por correo<\/span><\/a><\/li><\/ul><\/div><\/div>\n<div  style='height:50px' class='hr hr-invisible   avia-builder-el-8  el_after_av_social_share  el_before_av_comments_list '><span class='hr-inner ' ><span class='hr-inner-style'><\/span><\/span><\/div>\n<div  class='av-buildercomment  av-blog-meta-html-info-disabled av-blog-meta-tag-disabled  '><\/div>\n","protected":false},"excerpt":{"rendered":"","protected":false},"author":1,"featured_media":26985,"comment_status":"open","ping_status":"open","sticky":false,"template":"","format":"standard","meta":{"footnotes":""},"categories":[49],"tags":[],"class_list":["post-26984","post","type-post","status-publish","format-standard","has-post-thumbnail","hentry","category-educacion"],"jetpack_featured_media_url":"https:\/\/radiorevelacionfm.cl\/wp-content\/uploads\/2023\/01\/docentes-litoral-austral-1_optimized-1.jpeg","_links":{"self":[{"href":"https:\/\/radiorevelacionfm.cl\/index.php?rest_route=\/wp\/v2\/posts\/26984","targetHints":{"allow":["GET"]}}],"collection":[{"href":"https:\/\/radiorevelacionfm.cl\/index.php?rest_route=\/wp\/v2\/posts"}],"about":[{"href":"https:\/\/radiorevelacionfm.cl\/index.php?rest_route=\/wp\/v2\/types\/post"}],"author":[{"embeddable":true,"href":"https:\/\/radiorevelacionfm.cl\/index.php?rest_route=\/wp\/v2\/users\/1"}],"replies":[{"embeddable":true,"href":"https:\/\/radiorevelacionfm.cl\/index.php?rest_route=%2Fwp%2Fv2%2Fcomments&post=26984"}],"version-history":[{"count":2,"href":"https:\/\/radiorevelacionfm.cl\/index.php?rest_route=\/wp\/v2\/posts\/26984\/revisions"}],"predecessor-version":[{"id":26987,"href":"https:\/\/radiorevelacionfm.cl\/index.php?rest_route=\/wp\/v2\/posts\/26984\/revisions\/26987"}],"wp:featuredmedia":[{"embeddable":true,"href":"https:\/\/radiorevelacionfm.cl\/index.php?rest_route=\/wp\/v2\/media\/26985"}],"wp:attachment":[{"href":"https:\/\/radiorevelacionfm.cl\/index.php?rest_route=%2Fwp%2Fv2%2Fmedia&parent=26984"}],"wp:term":[{"taxonomy":"category","embeddable":true,"href":"https:\/\/radiorevelacionfm.cl\/index.php?rest_route=%2Fwp%2Fv2%2Fcategories&post=26984"},{"taxonomy":"post_tag","embeddable":true,"href":"https:\/\/radiorevelacionfm.cl\/index.php?rest_route=%2Fwp%2Fv2%2Ftags&post=26984"}],"curies":[{"name":"wp","href":"https:\/\/api.w.org\/{rel}","templated":true}]}}