{"id":2698,"date":"2021-02-17T10:07:52","date_gmt":"2021-02-17T13:07:52","guid":{"rendered":"https:\/\/radiorevelacionfm.cl\/?p=2698"},"modified":"2021-02-17T10:07:52","modified_gmt":"2021-02-17T13:07:52","slug":"instituto-de-seguridad-laboral-recorrio-la-comuna-de-rio-ibanez-y-puerto-guadal-asesorando-a-trabajadores-y-empresas-para-prevenir-riesgos-en-verano","status":"publish","type":"post","link":"https:\/\/radiorevelacionfm.cl\/?p=2698","title":{"rendered":"Instituto de Seguridad Laboral recorri\u00f3 la Comuna de R\u00edo Ib\u00e1\u00f1ez y Puerto Guadal asesorando a trabajadores y empresas para prevenir riesgos en verano"},"content":{"rendered":"<div class=\"flex_column av_one_full  flex_column_div av-zero-column-padding first  avia-builder-el-0  el_before_av_one_full  avia-builder-el-first  \" style='border-radius:0px; '><div  class='avia-image-container  av-styling-    avia-builder-el-1  avia-builder-el-no-sibling  avia-align-center '  itemprop=\"image\" itemscope=\"itemscope\" itemtype=\"https:\/\/schema.org\/ImageObject\"  ><div class='avia-image-container-inner'><div class='avia-image-overlay-wrap'><img decoding=\"async\" class='wp-image-0 avia-img-lazy-loading-not-0 avia_image' src=\"https:\/\/radiorevelacionfm.cl\/wp-content\/uploads\/2021\/02\/ISL_PuertoTranquilo_VeranoCheck-1-1.jpg\" alt='' title=''   itemprop=\"thumbnailUrl\"  \/><\/div><\/div><\/div><\/div><div class=\"flex_column av_one_full  flex_column_div av-zero-column-padding first  avia-builder-el-2  el_after_av_one_full  el_before_av_one_full  column-top-margin\" style='border-radius:0px; '><section class=\"av_textblock_section \"  itemscope=\"itemscope\" itemtype=\"https:\/\/schema.org\/BlogPosting\" itemprop=\"blogPost\" ><div class='avia_textblock  '   itemprop=\"text\" ><p style=\"text-align: center;\"><span style=\"font-size: 18pt;\"><strong>Instituto de Seguridad Laboral recorri\u00f3 la Comuna de R\u00edo Ib\u00e1\u00f1ez y Puerto Guadal asesorando a trabajadores y empresas para prevenir riesgos en verano<\/strong><\/span><\/p>\n<div id=\"gtx-trans\" style=\"position: absolute; left: -50px; top: 4.31534px;\">\n<div class=\"gtx-trans-icon\"><\/div>\n<\/div>\n<\/div><\/section><\/div><div class=\"flex_column av_one_full  flex_column_div av-zero-column-padding first  avia-builder-el-4  el_after_av_one_full  el_before_av_hr  column-top-margin\" style='border-radius:0px; '><section class=\"av_textblock_section \"  itemscope=\"itemscope\" itemtype=\"https:\/\/schema.org\/BlogPosting\" itemprop=\"blogPost\" ><div class='avia_textblock  '   itemprop=\"text\" ><p style=\"text-align: justify;\"><em>\u201cVerano Check: Las condiciones cambiaron, los riesgos no\u201d <\/em>es el lema de prevenci\u00f3n del ISL que busca alertar sobre los riesgos en esta \u00e9poca, visitando el Director Regional junto a la Seremi Andrea Ponce a trabajadores y empresas para entregar material y recomendaciones para una \u00e9poca estival m\u00e1s segura.<\/p>\n<p style=\"text-align: justify;\">Para difundir una cultura preventiva para los riesgos presentes en esta \u00e9poca del a\u00f1o, el Director Regional del Instituto de Seguridad Laboral, ISL, Mario Garay, recorri\u00f3 Puerto Ib\u00e1\u00f1ez, Cerro Castillo, Bah\u00eda Murta, Puerto S\u00e1nchez, Puerto R\u00edo Tranquilo y Puerto Guadal, para entregar recomendaciones a trabajadores y empresas afiliadas, material informativo y elementos de protecci\u00f3n personal, como bloqueador solar, gorro tipo legionario, alcohol gel, mascarillas, entre otros.<\/p>\n<p style=\"text-align: justify;\">El programa Verano Check del ISL, cuyo lema es <em>Las condiciones cambiaron, los riesgos no, <\/em>busca reforzar las medidas generales de seguridad y contra el Covid-19, teniendo como centro la protecci\u00f3n a trabajadores y trabajadoras de las amenazas de la exposici\u00f3n a las altas temperaturas y la radiaci\u00f3n UV.<\/p>\n<p style=\"text-align: justify;\">En la primera parte del recorrido la Seremi de Trabajo y Previsi\u00f3n Social, Andrea Ponce, acompa\u00f1\u00f3 a Garay, visitando la I. Municipalidad de R\u00edo Ib\u00e1\u00f1ez, locales comerciales y tur\u00edsticos de Puerto Ib\u00e1\u00f1ez y Cerro Castillo. \u201cPr\u00e1cticamente a un a\u00f1o del inicio de la pandemia del coronavirus en Chile, nos enfrentamos a varios desaf\u00edos en material laboral y uno de ellos es construir una cultura de prevenci\u00f3n de riesgos en el trabajo. Tanto los empleadores como los trabajadores deben recordar que no solo existe el Covid 19 del cual debemos cuidarnos, sino que tambi\u00e9n la exposici\u00f3n a los Rayos UV, la deshidrataci\u00f3n y muchos factores que el programa Verano Check del ISL busca recordar. Hacemos \u00e9nfasis en que por ley el empleador debe entregar los elementos de seguridad y protecci\u00f3n personal a sus trabajadores. Quiero destacar el recorrido en terreno que realiz\u00f3 el director regional, Mario Garay, comenzando con los trabajadores de la Municipalidad de R\u00edo Ib\u00e1\u00f1ez y su Alcalde Marcelo Santana, continuando por locales comerciales, obras de construcci\u00f3n y sector tur\u00edstico adherido, adem\u00e1s de aclarar consultas en las radios locales de la comunidad. Todos debemos ser responsables de la seguridad laboral\u201d., afirm\u00f3 la autoridad.<\/p>\n<p style=\"text-align: justify;\">Mario Garay entreg\u00f3 detalles sobre el recorrido, \u201cLa promoci\u00f3n del programa Verano Check fue orientada al rubro tur\u00edstico y hotelero, as\u00ed tambi\u00e9n al sector construcci\u00f3n, trabajadores que en general se ven expuestos a los peligros de la radiaci\u00f3n UV. Entre todas las actividades que realizamos, se destaca la efectuada con boteros de Puerto R\u00edo Tranquilo, a quienes se les entreg\u00f3 un kit de seguridad, los que contienen gorro legionario, botellas de agua reutilizables, protector solar y alcohol gel, entre otros\u201d. Garay agreg\u00f3 que continuar\u00e1n realizando asesor\u00edas en terreno, fuera de la capital regional, cuando finalice la cuarentena de Coyhaique \u201cEsta actividad se replicar\u00e1 en la zona norte de nuestra regi\u00f3n, apenas la pandemia as\u00ed lo permita\u201d, mencion\u00f3 el Director de ISL Ays\u00e9n.<\/p>\n<p style=\"text-align: justify;\">Tal como mencion\u00f3 la Seremi Andrea Ponce, se entregaron consejos de seguridad laboral y medidas de prevenci\u00f3n en las radios de todas las localidades recorridas, respondiendo dudas de la comunidad. Por ejemplo, la exposici\u00f3n excesiva y\/o acumulada de radiaci\u00f3n ultravioleta, ya sea de fuentes naturales o artificiales, produce efectos da\u00f1inos a corto y largo plazo, principalmente en ojos y piel, que van desde quemaduras solares, queratitis act\u00ednica y alteraciones de la respuesta inmune hasta fotoenvejecimiento, tumores malignos de la piel y cataratas a nivel ocular, siendo la mayor radiaci\u00f3n solar entre las 10:00 y las 16:00 hrs. cuando la protecci\u00f3n de la piel durante este periodo es fundamental, coloc\u00e1ndose protector solar, hidrat\u00e1ndose, usando sombrero, lentes y ropa con mangas y pantalones largos, entre otros.<\/p>\n<p style=\"text-align: justify;\">Para conocer todas las recomendaciones de Verano Check, ingresa a <a href=\"http:\/\/www.isl.gob.cl\/veranocheck\/\">www.isl.gob.cl\/veranocheck\/<\/a><\/p>\n<\/div><\/section><\/div><div  style='height:50px' class='hr hr-invisible   avia-builder-el-6  el_after_av_one_full  el_before_av_social_share '><span class='hr-inner ' ><span class='hr-inner-style'><\/span><\/span><\/div><\/p>\n<div  class='av-social-sharing-box  avia-builder-el-7  el_after_av_hr  el_before_av_hr  '><div class='av-share-box'><h5 class='av-share-link-description av-no-toc '>Compartir esta noticia<\/h5><ul class='av-share-box-list noLightbox'><li class='av-share-link av-social-link-facebook' ><a target=\"_blank\" aria-label=\"Compartir en Facebook\" href='https:\/\/www.facebook.com\/sharer.php?u=https:\/\/radiorevelacionfm.cl\/?p=2698&#038;t=Instituto%20de%20Seguridad%20Laboral%20recorri%C3%B3%20la%20Comuna%20de%20R%C3%ADo%20Ib%C3%A1%C3%B1ez%20y%20Puerto%20Guadal%20asesorando%20a%20trabajadores%20y%20empresas%20para%20prevenir%20riesgos%20en%20verano' aria-hidden='false' data-av_icon='\ue8f3' data-av_iconfont='entypo-fontello' title='' data-avia-related-tooltip='Compartir en Facebook' rel=\"noopener\"><span class='avia_hidden_link_text'>Compartir en Facebook<\/span><\/a><\/li><li class='av-share-link av-social-link-twitter' ><a target=\"_blank\" aria-label=\"Compartir en Twitter\" href='https:\/\/twitter.com\/share?text=Instituto%20de%20Seguridad%20Laboral%20recorri%C3%B3%20la%20Comuna%20de%20R%C3%ADo%20Ib%C3%A1%C3%B1ez%20y%20Puerto%20Guadal%20asesorando%20a%20trabajadores%20y%20empresas%20para%20prevenir%20riesgos%20en%20verano&#038;url=https:\/\/radiorevelacionfm.cl\/?p=2698' aria-hidden='false' data-av_icon='\ue8f1' data-av_iconfont='entypo-fontello' title='' data-avia-related-tooltip='Compartir en Twitter' rel=\"noopener\"><span class='avia_hidden_link_text'>Compartir en Twitter<\/span><\/a><\/li><li class='av-share-link av-social-link-whatsapp' ><a target=\"_blank\" aria-label=\"Compartir en Whatsapp\" href='https:\/\/api.whatsapp.com\/send?text=https:\/\/radiorevelacionfm.cl\/?p=2698' aria-hidden='false' data-av_icon='\uf232' data-av_iconfont='entypo-fontello' title='' data-avia-related-tooltip='Compartir en Whatsapp' rel=\"noopener\"><span class='avia_hidden_link_text'>Compartir en Whatsapp<\/span><\/a><\/li><li class='av-share-link av-social-link-linkedin' ><a target=\"_blank\" aria-label=\"Compartir en LinkedIn\" href='https:\/\/linkedin.com\/shareArticle?mini=true&#038;title=Instituto%20de%20Seguridad%20Laboral%20recorri%C3%B3%20la%20Comuna%20de%20R%C3%ADo%20Ib%C3%A1%C3%B1ez%20y%20Puerto%20Guadal%20asesorando%20a%20trabajadores%20y%20empresas%20para%20prevenir%20riesgos%20en%20verano&#038;url=https:\/\/radiorevelacionfm.cl\/?p=2698' aria-hidden='false' data-av_icon='\ue8fc' data-av_iconfont='entypo-fontello' title='' data-avia-related-tooltip='Compartir en LinkedIn' rel=\"noopener\"><span class='avia_hidden_link_text'>Compartir en LinkedIn<\/span><\/a><\/li><li class='av-share-link av-social-link-mail' ><a  aria-label=\"Compartir por correo\" href='mailto:?subject=Instituto%20de%20Seguridad%20Laboral%20recorri%C3%B3%20la%20Comuna%20de%20R%C3%ADo%20Ib%C3%A1%C3%B1ez%20y%20Puerto%20Guadal%20asesorando%20a%20trabajadores%20y%20empresas%20para%20prevenir%20riesgos%20en%20verano&#038;body=https:\/\/radiorevelacionfm.cl\/?p=2698' aria-hidden='false' data-av_icon='\ue805' data-av_iconfont='entypo-fontello' title='' data-avia-related-tooltip='Compartir por correo'><span class='avia_hidden_link_text'>Compartir por correo<\/span><\/a><\/li><\/ul><\/div><\/div>\n<div  style='height:50px' class='hr hr-invisible   avia-builder-el-8  el_after_av_social_share  el_before_av_comments_list '><span class='hr-inner ' ><span class='hr-inner-style'><\/span><\/span><\/div>\n<div  class='av-buildercomment  av-blog-meta-html-info-disabled av-blog-meta-tag-disabled  '><\/div>\n","protected":false},"excerpt":{"rendered":"","protected":false},"author":1,"featured_media":0,"comment_status":"open","ping_status":"open","sticky":false,"template":"","format":"standard","meta":{"footnotes":""},"categories":[56],"tags":[],"class_list":["post-2698","post","type-post","status-publish","format-standard","hentry","category-trabajo"],"jetpack_featured_media_url":"","_links":{"self":[{"href":"https:\/\/radiorevelacionfm.cl\/index.php?rest_route=\/wp\/v2\/posts\/2698","targetHints":{"allow":["GET"]}}],"collection":[{"href":"https:\/\/radiorevelacionfm.cl\/index.php?rest_route=\/wp\/v2\/posts"}],"about":[{"href":"https:\/\/radiorevelacionfm.cl\/index.php?rest_route=\/wp\/v2\/types\/post"}],"author":[{"embeddable":true,"href":"https:\/\/radiorevelacionfm.cl\/index.php?rest_route=\/wp\/v2\/users\/1"}],"replies":[{"embeddable":true,"href":"https:\/\/radiorevelacionfm.cl\/index.php?rest_route=%2Fwp%2Fv2%2Fcomments&post=2698"}],"version-history":[{"count":1,"href":"https:\/\/radiorevelacionfm.cl\/index.php?rest_route=\/wp\/v2\/posts\/2698\/revisions"}],"predecessor-version":[{"id":2700,"href":"https:\/\/radiorevelacionfm.cl\/index.php?rest_route=\/wp\/v2\/posts\/2698\/revisions\/2700"}],"wp:attachment":[{"href":"https:\/\/radiorevelacionfm.cl\/index.php?rest_route=%2Fwp%2Fv2%2Fmedia&parent=2698"}],"wp:term":[{"taxonomy":"category","embeddable":true,"href":"https:\/\/radiorevelacionfm.cl\/index.php?rest_route=%2Fwp%2Fv2%2Fcategories&post=2698"},{"taxonomy":"post_tag","embeddable":true,"href":"https:\/\/radiorevelacionfm.cl\/index.php?rest_route=%2Fwp%2Fv2%2Ftags&post=2698"}],"curies":[{"name":"wp","href":"https:\/\/api.w.org\/{rel}","templated":true}]}}