{"id":26979,"date":"2023-01-24T09:51:06","date_gmt":"2023-01-24T12:51:06","guid":{"rendered":"https:\/\/radiorevelacionfm.cl\/?p=26979"},"modified":"2023-01-24T09:51:06","modified_gmt":"2023-01-24T12:51:06","slug":"abren-convocatoria-a-concurso-ponle-energia-a-tu-empresa","status":"publish","type":"post","link":"https:\/\/radiorevelacionfm.cl\/?p=26979","title":{"rendered":"Abren convocatoria a concurso \u201cPonle Energ\u00eda a tu Empresa\u201d"},"content":{"rendered":"<div class=\"flex_column av_one_full  flex_column_div av-zero-column-padding first  avia-builder-el-0  el_before_av_one_full  avia-builder-el-first  \" style='border-radius:0px; '><div  class='avia-image-container  av-styling-    avia-builder-el-1  avia-builder-el-no-sibling  avia-align-center '  itemprop=\"image\" itemscope=\"itemscope\" itemtype=\"https:\/\/schema.org\/ImageObject\"  ><div class='avia-image-container-inner'><div class='avia-image-overlay-wrap'><img decoding=\"async\" class='wp-image-26980 avia-img-lazy-loading-not-26980 avia_image' src=\"https:\/\/radiorevelacionfm.cl\/wp-content\/uploads\/2023\/01\/foto1-9-1_optimized-1.jpg\" alt='' title='foto1-(9)-(1)_optimized (1)' height=\"600\" width=\"898\"  itemprop=\"thumbnailUrl\" srcset=\"https:\/\/radiorevelacionfm.cl\/wp-content\/uploads\/2023\/01\/foto1-9-1_optimized-1.jpg 898w, https:\/\/radiorevelacionfm.cl\/wp-content\/uploads\/2023\/01\/foto1-9-1_optimized-1-300x200.jpg 300w, https:\/\/radiorevelacionfm.cl\/wp-content\/uploads\/2023\/01\/foto1-9-1_optimized-1-768x513.jpg 768w, https:\/\/radiorevelacionfm.cl\/wp-content\/uploads\/2023\/01\/foto1-9-1_optimized-1-705x471.jpg 705w, https:\/\/radiorevelacionfm.cl\/wp-content\/uploads\/2023\/01\/foto1-9-1_optimized-1-600x401.jpg 600w\" sizes=\"(max-width: 898px) 100vw, 898px\" \/><\/div><\/div><\/div><\/div><div class=\"flex_column av_one_full  flex_column_div av-zero-column-padding first  avia-builder-el-2  el_after_av_one_full  el_before_av_one_full  column-top-margin\" style='border-radius:0px; '><section class=\"av_textblock_section \"  itemscope=\"itemscope\" itemtype=\"https:\/\/schema.org\/BlogPosting\" itemprop=\"blogPost\" ><div class='avia_textblock  '   itemprop=\"text\" ><p style=\"text-align: center;\"><span style=\"font-size: 18pt;\"><strong>Abren convocatoria a concurso \u201cPonle Energ\u00eda a tu Empresa\u201d<\/strong><\/span><\/p>\n<div id=\"gtx-trans\" style=\"position: absolute; left: -50px; top: 4.31534px;\">\n<div class=\"gtx-trans-icon\"><\/div>\n<\/div>\n<\/div><\/section><\/div><div class=\"flex_column av_one_full  flex_column_div av-zero-column-padding first  avia-builder-el-4  el_after_av_one_full  el_before_av_hr  column-top-margin\" style='border-radius:0px; '><section class=\"av_textblock_section \"  itemscope=\"itemscope\" itemtype=\"https:\/\/schema.org\/BlogPosting\" itemprop=\"blogPost\" ><div class='avia_textblock  '   itemprop=\"text\" ><p style=\"text-align: justify;\">En Chile, m\u00e1s del 38% del consumo de energ\u00eda es utilizada por el sector de industria y miner\u00eda. En ese sentido, entendiendo que las energ\u00edas renovables y la eficiencia energ\u00e9tica son pilares fundamentales para incorporar en estos sectores, el Ministerio de Energ\u00eda abri\u00f3 la convocatoria para postular al concurso \u201cPonle Energ\u00eda a tu Empresa\u201d.<\/p>\n<p style=\"text-align: justify;\">Esta iniciativa cuenta con un fondo nacional de $1.200 millones de pesos, y entrega un cofinanciamiento de hasta $60.000.000 para implementar proyectos de autoconsumo a trav\u00e9s de energ\u00edas renovables, dirigido a micro, peque\u00f1as, medianas y grandes empresas.<\/p>\n<p style=\"text-align: justify;\">Esta iniciativa, del Ministerio de Energ\u00eda y la Uni\u00f3n Europea busca beneficiar directamente a m\u00e1s de 100 empresas a nivel nacional.<\/p>\n<p style=\"text-align: justify;\">Al respecto el Seremi de Energ\u00eda de Ays\u00e9n, Carlos D\u00edaz, destac\u00f3 que \u201choy tenemos como desaf\u00edo acelerar nuestras acciones para reducir las emisiones de CO2 y alcanzar la carbono neutralidad en Chile. Es por eso que desde el Ministerio de Energ\u00eda estamos incentivando la incorporaci\u00f3n de energ\u00edas renovables en los sectores productivos del pa\u00eds, para que de esta manera puedan sumarse a la transici\u00f3n energ\u00e9tica renovable, con tecnolog\u00edas que les permitan reducir los costos asociado a sus procesos productivos y tambi\u00e9n, de manera muy importante, reducir su huella de carbono\u201d.<\/p>\n<p style=\"text-align: justify;\">\u201cPonle Energ\u00eda a tu Empresa\u201d se encuentra enmarcado en el proyecto \u00abEnerg\u00edas renovables para el autoconsumo en Chile\u00bb, de NAMA Facility, implementado por KFW y GIZ, por encargo del Ministerio de Asuntos Econ\u00f3micos y Acci\u00f3n Clim\u00e1tica (BMWK) de Alemania, el Departamento de Negocios, Energ\u00eda y Estrategia Industrial (BEIS) de Reino Unido, el Ministerio de Clima Energ\u00eda y Servicios P\u00fablicos (KEFM) de Dinamarca, el Ministerio de Asuntos Exteriores (MFA) de Dinamarca, la Uni\u00f3n Europea y la Fundaci\u00f3n Childrens Investment Fund (CIFF), a trav\u00e9s de la KfW.<\/p>\n<p style=\"text-align: justify;\">A trav\u00e9s de esta iniciativa se podr\u00e1n cofinanciar proyectos de energ\u00edas renovables para energ\u00eda el\u00e9ctrica, t\u00e9rmica o cogeneraci\u00f3n, a trav\u00e9s de cualquier tecnolog\u00eda renovable para autoconsumo. El cofinanciamiento no reembolsable, ser\u00e1 diferenciado seg\u00fan medio de generaci\u00f3n renovable del proyecto y el tama\u00f1o de la empresa postulante.<\/p>\n<p style=\"text-align: justify;\">Adem\u00e1s, los postulantes podr\u00e1n optar a una bonificaci\u00f3n sobre el porcentaje de cofinanciamiento de un 5% adicional para los proyectos que se localicen en zonas extremas o en comunas en transici\u00f3n justa en energ\u00eda, y tambi\u00e9n a los proyectos donde el postulante o el jefe de proyecto del proveedor, sea una mujer o una persona que pertenezca a alguno de los pueblos originarios de Chile, los que pueden ser acumulativos.<\/p>\n<p style=\"text-align: justify;\">El concurso estar\u00e1 abierto hasta el 31 de marzo de 2023. El\u00a0Seremi D\u00edaz detall\u00f3 que \u201ces importante destacar que la postulaci\u00f3n debe realizarse junto a un proveedor de servicios energ\u00e9ticos, por lo que \u00a0implica tambi\u00e9n un impulso al ecosistema de proveedores y consultores del sector. El llamado entonces es a todas las empresas de la regi\u00f3n de Ays\u00e9n a postular y a sumarse a las energ\u00edas limpias\u201d.<\/p>\n<p style=\"text-align: justify;\">M\u00e1s informaciones de este programa en <a href=\"http:\/\/www.ponleenergia.cl\">www.ponleenergia.cl<\/a>.<\/p>\n<\/div><\/section><\/div><div  style='height:50px' class='hr hr-invisible   avia-builder-el-6  el_after_av_one_full  el_before_av_social_share '><span class='hr-inner ' ><span class='hr-inner-style'><\/span><\/span><\/div><\/p>\n<div  class='av-social-sharing-box  avia-builder-el-7  el_after_av_hr  el_before_av_hr  '><div class='av-share-box'><h5 class='av-share-link-description av-no-toc '>Compartir esta noticia<\/h5><ul class='av-share-box-list noLightbox'><li class='av-share-link av-social-link-facebook' ><a target=\"_blank\" aria-label=\"Compartir en Facebook\" href='https:\/\/www.facebook.com\/sharer.php?u=https:\/\/radiorevelacionfm.cl\/?p=26979&#038;t=Abren%20convocatoria%20a%20concurso%20%E2%80%9CPonle%20Energ%C3%ADa%20a%20tu%20Empresa%E2%80%9D' aria-hidden='false' data-av_icon='\ue8f3' data-av_iconfont='entypo-fontello' title='' data-avia-related-tooltip='Compartir en Facebook' rel=\"noopener\"><span class='avia_hidden_link_text'>Compartir en Facebook<\/span><\/a><\/li><li class='av-share-link av-social-link-twitter' ><a target=\"_blank\" aria-label=\"Compartir en Twitter\" href='https:\/\/twitter.com\/share?text=Abren%20convocatoria%20a%20concurso%20%E2%80%9CPonle%20Energ%C3%ADa%20a%20tu%20Empresa%E2%80%9D&#038;url=https:\/\/radiorevelacionfm.cl\/?p=26979' aria-hidden='false' data-av_icon='\ue8f1' data-av_iconfont='entypo-fontello' title='' data-avia-related-tooltip='Compartir en Twitter' rel=\"noopener\"><span class='avia_hidden_link_text'>Compartir en Twitter<\/span><\/a><\/li><li class='av-share-link av-social-link-whatsapp' ><a target=\"_blank\" aria-label=\"Compartir en Whatsapp\" href='https:\/\/api.whatsapp.com\/send?text=https:\/\/radiorevelacionfm.cl\/?p=26979' aria-hidden='false' data-av_icon='\uf232' data-av_iconfont='entypo-fontello' title='' data-avia-related-tooltip='Compartir en Whatsapp' rel=\"noopener\"><span class='avia_hidden_link_text'>Compartir en Whatsapp<\/span><\/a><\/li><li class='av-share-link av-social-link-linkedin' ><a target=\"_blank\" aria-label=\"Compartir en LinkedIn\" href='https:\/\/linkedin.com\/shareArticle?mini=true&#038;title=Abren%20convocatoria%20a%20concurso%20%E2%80%9CPonle%20Energ%C3%ADa%20a%20tu%20Empresa%E2%80%9D&#038;url=https:\/\/radiorevelacionfm.cl\/?p=26979' aria-hidden='false' data-av_icon='\ue8fc' data-av_iconfont='entypo-fontello' title='' data-avia-related-tooltip='Compartir en LinkedIn' rel=\"noopener\"><span class='avia_hidden_link_text'>Compartir en LinkedIn<\/span><\/a><\/li><li class='av-share-link av-social-link-mail' ><a  aria-label=\"Compartir por correo\" href='mailto:?subject=Abren%20convocatoria%20a%20concurso%20%E2%80%9CPonle%20Energ%C3%ADa%20a%20tu%20Empresa%E2%80%9D&#038;body=https:\/\/radiorevelacionfm.cl\/?p=26979' aria-hidden='false' data-av_icon='\ue805' data-av_iconfont='entypo-fontello' title='' data-avia-related-tooltip='Compartir por correo'><span class='avia_hidden_link_text'>Compartir por correo<\/span><\/a><\/li><\/ul><\/div><\/div>\n<div  style='height:50px' class='hr hr-invisible   avia-builder-el-8  el_after_av_social_share  el_before_av_comments_list '><span class='hr-inner ' ><span class='hr-inner-style'><\/span><\/span><\/div>\n<div  class='av-buildercomment  av-blog-meta-html-info-disabled av-blog-meta-tag-disabled  '><\/div>\n","protected":false},"excerpt":{"rendered":"","protected":false},"author":1,"featured_media":26980,"comment_status":"open","ping_status":"open","sticky":false,"template":"","format":"standard","meta":{"footnotes":""},"categories":[38],"tags":[],"class_list":["post-26979","post","type-post","status-publish","format-standard","has-post-thumbnail","hentry","category-regional"],"jetpack_featured_media_url":"https:\/\/radiorevelacionfm.cl\/wp-content\/uploads\/2023\/01\/foto1-9-1_optimized-1.jpg","_links":{"self":[{"href":"https:\/\/radiorevelacionfm.cl\/index.php?rest_route=\/wp\/v2\/posts\/26979","targetHints":{"allow":["GET"]}}],"collection":[{"href":"https:\/\/radiorevelacionfm.cl\/index.php?rest_route=\/wp\/v2\/posts"}],"about":[{"href":"https:\/\/radiorevelacionfm.cl\/index.php?rest_route=\/wp\/v2\/types\/post"}],"author":[{"embeddable":true,"href":"https:\/\/radiorevelacionfm.cl\/index.php?rest_route=\/wp\/v2\/users\/1"}],"replies":[{"embeddable":true,"href":"https:\/\/radiorevelacionfm.cl\/index.php?rest_route=%2Fwp%2Fv2%2Fcomments&post=26979"}],"version-history":[{"count":2,"href":"https:\/\/radiorevelacionfm.cl\/index.php?rest_route=\/wp\/v2\/posts\/26979\/revisions"}],"predecessor-version":[{"id":26983,"href":"https:\/\/radiorevelacionfm.cl\/index.php?rest_route=\/wp\/v2\/posts\/26979\/revisions\/26983"}],"wp:featuredmedia":[{"embeddable":true,"href":"https:\/\/radiorevelacionfm.cl\/index.php?rest_route=\/wp\/v2\/media\/26980"}],"wp:attachment":[{"href":"https:\/\/radiorevelacionfm.cl\/index.php?rest_route=%2Fwp%2Fv2%2Fmedia&parent=26979"}],"wp:term":[{"taxonomy":"category","embeddable":true,"href":"https:\/\/radiorevelacionfm.cl\/index.php?rest_route=%2Fwp%2Fv2%2Fcategories&post=26979"},{"taxonomy":"post_tag","embeddable":true,"href":"https:\/\/radiorevelacionfm.cl\/index.php?rest_route=%2Fwp%2Fv2%2Ftags&post=26979"}],"curies":[{"name":"wp","href":"https:\/\/api.w.org\/{rel}","templated":true}]}}