{"id":26975,"date":"2023-01-24T09:21:23","date_gmt":"2023-01-24T12:21:23","guid":{"rendered":"https:\/\/radiorevelacionfm.cl\/?p=26975"},"modified":"2023-01-24T09:21:23","modified_gmt":"2023-01-24T12:21:23","slug":"xii-version-del-festival-de-jineteadas-de-puerto-ibanez-se-continua-consolidando-a-nivel-regional-e-internacional","status":"publish","type":"post","link":"https:\/\/radiorevelacionfm.cl\/?p=26975","title":{"rendered":"XII versi\u00f3n del Festival de Jineteadas de Puerto Ib\u00e1\u00f1ez se contin\u00faa consolidando a nivel regional e internacional"},"content":{"rendered":"<div class=\"flex_column av_one_full  flex_column_div av-zero-column-padding first  avia-builder-el-0  el_before_av_one_full  avia-builder-el-first  \" style='border-radius:0px; '><div  class='avia-image-container  av-styling-    avia-builder-el-1  avia-builder-el-no-sibling  avia-align-center '  itemprop=\"image\" itemscope=\"itemscope\" itemtype=\"https:\/\/schema.org\/ImageObject\"  ><div class='avia-image-container-inner'><div class='avia-image-overlay-wrap'><img decoding=\"async\" class='wp-image-26976 avia-img-lazy-loading-not-26976 avia_image' src=\"https:\/\/radiorevelacionfm.cl\/wp-content\/uploads\/2023\/01\/dsc_0502-1_optimized-1.jpg\" alt='' title='dsc_0502-(1)_optimized (1)' height=\"600\" width=\"900\"  itemprop=\"thumbnailUrl\" srcset=\"https:\/\/radiorevelacionfm.cl\/wp-content\/uploads\/2023\/01\/dsc_0502-1_optimized-1.jpg 900w, https:\/\/radiorevelacionfm.cl\/wp-content\/uploads\/2023\/01\/dsc_0502-1_optimized-1-300x200.jpg 300w, https:\/\/radiorevelacionfm.cl\/wp-content\/uploads\/2023\/01\/dsc_0502-1_optimized-1-768x512.jpg 768w, https:\/\/radiorevelacionfm.cl\/wp-content\/uploads\/2023\/01\/dsc_0502-1_optimized-1-705x470.jpg 705w, https:\/\/radiorevelacionfm.cl\/wp-content\/uploads\/2023\/01\/dsc_0502-1_optimized-1-600x400.jpg 600w\" sizes=\"(max-width: 900px) 100vw, 900px\" \/><\/div><\/div><\/div><\/div><div class=\"flex_column av_one_full  flex_column_div av-zero-column-padding first  avia-builder-el-2  el_after_av_one_full  el_before_av_one_full  column-top-margin\" style='border-radius:0px; '><section class=\"av_textblock_section \"  itemscope=\"itemscope\" itemtype=\"https:\/\/schema.org\/BlogPosting\" itemprop=\"blogPost\" ><div class='avia_textblock  '   itemprop=\"text\" ><p style=\"text-align: center;\"><strong><span style=\"font-size: 18pt;\">XII versi\u00f3n del Festival de Jineteadas de Puerto Ib\u00e1\u00f1ez se contin\u00faa consolidando a nivel regional e internacional<\/span><\/strong><\/p>\n<div id=\"gtx-trans\" style=\"position: absolute; left: -50px; top: 4.31534px;\">\n<div class=\"gtx-trans-icon\"><\/div>\n<\/div>\n<\/div><\/section><\/div><div class=\"flex_column av_one_full  flex_column_div av-zero-column-padding first  avia-builder-el-4  el_after_av_one_full  el_before_av_hr  column-top-margin\" style='border-radius:0px; '><section class=\"av_textblock_section \"  itemscope=\"itemscope\" itemtype=\"https:\/\/schema.org\/BlogPosting\" itemprop=\"blogPost\" ><div class='avia_textblock  '   itemprop=\"text\" ><p style=\"text-align: justify;\">Este 20, 21 y 22 de enero se celebr\u00f3 una nueva versi\u00f3n del Festival Internacional de Jineteadas de Puerto Ingeniero Ib\u00e1\u00f1ez, donde destac\u00f3 la presencia de jinetes nacionales e internacionales provenientes de Argentina, Brasil y Uruguay, quienes compitieron en las categor\u00edas bastos con encimera y grupa surera.<\/p>\n<p style=\"text-align: justify;\">Competidores que viajaron miles de kil\u00f3metros para llegar hasta el campo de jineteadas de la localidad, donde se vivi\u00f3 un ambiente alegre junto a amigos y familia, en torno a las tradiciones gauchas que representan a la Patagonia, y que a\u00f1o a a\u00f1o atraen m\u00e1s miradas.<\/p>\n<p style=\"text-align: justify;\">El evento organizado por la Agrupaci\u00f3n Cultural de Jineteadas y Tradiciones de la Patagonia, junto a la Municipalidad de R\u00edo Ib\u00e1\u00f1ez, tom\u00f3 meses de preparaci\u00f3n para esperar con un espect\u00e1culo de primer nivel a los m\u00e1s de 8.000 visitantes que llegaron a la zona durante todo el Festival. El presidente de la agrupaci\u00f3n, Ren\u00e1n Catal\u00e1n, finaliz\u00f3 la jornada con un balance positivo \u201cpara m\u00ed ha sido exitoso en cuanto a la cantidad de montas, participantes y tropilleros; adem\u00e1s, el p\u00fablico y el tiempo que nos acompa\u00f1\u00f3 (\u2026) Nos sentimos contentos y orgullosos de disfrutar de esto que es el caballo\u201d afirm\u00f3.<\/p>\n<p style=\"text-align: justify;\">A pesar de la cancelaci\u00f3n del show principal, Sele Vera, el p\u00fablico regional estuvo presente en Puerto Ingeniero Ib\u00e1\u00f1ez, celebrando la versi\u00f3n n\u00famero veintiuno de este festival. Luis Fern\u00e1ndez, lleg\u00f3 desde Ays\u00e9n a ver en primera fila esta destacada competencia \u201ces primera vez que vengo a la jineteada de Ib\u00e1\u00f1ez, hoy vine con mi se\u00f1ora, nietos y bisnietos. Es bueno que se mantengan las costumbres, soy de ac\u00e1 de la Regi\u00f3n, las tradiciones tienen que seguir, no se pueden terminar\u201d coment\u00f3.<\/p>\n<p style=\"text-align: justify;\">El alcalde de R\u00edo Ib\u00e1\u00f1ez, Marcelo Santana, valor\u00f3 la importancia de este evento para la comuna, el cual potencia econ\u00f3micamente a todos los vecinos y vecinas de la localidad \u201cestoy agradecido por la compa\u00f1\u00eda del p\u00fablico regional que ha estado presente s\u00e1bado y domingo, y tambi\u00e9n por toda la gente que nos ha ayudado a organizar este evento (\u2026) han sido varios meses de trabajo, junto a la agrupaci\u00f3n de jineteadas, generando redes con la institucionalidad p\u00fablica, como con la empresa privada y tambi\u00e9n con organizaciones de ac\u00e1 de Puerto Ib\u00e1\u00f1ez que hoy se suman a este evento\u201d.<\/p>\n<p style=\"text-align: justify;\">En la misma l\u00ednea, la Consejera Regional, Lilian Inostroza, se\u00f1ala que \u201c. Much\u00edsima gente ha visitado la localidad de R\u00edo Ib\u00e1\u00f1ez, lo que es un punto a favor para toda la gente que ha venido aqu\u00ed a buscar su progreso y desarrollo, con las pymes y personas que venden artesan\u00eda\u201d.<\/p>\n<p style=\"text-align: justify;\">El festival de jineteadas cont\u00f3 con numerosos puestos de artesan\u00eda y de gastronom\u00eda, para que sus visitantes pudieran disfrutar de una experiencia completa en este rinc\u00f3n de la Patagonia a orillas de la cuenca del Lago General Carrera.<\/p>\n<p style=\"text-align: justify;\">Una organizaci\u00f3n que tom\u00f3 meses de trabajo, parte de esto lo comenta el concejal de la comuna de R\u00edo Ib\u00e1\u00f1ez, Juan Saldivia \u201csignifica organizar todo lo que ocurre dentro del campo de jineteadas, conseguir las tropillas, contactar a los jinetes y quienes son los relatores que estar\u00e1n en el escenario\u201d.<\/p>\n<p style=\"text-align: justify;\">El evento cont\u00f3 con un alto resguardo policial y de seguridad privada del evento, por lo que no se registr\u00f3 mayores incidentes. Adem\u00e1s, estuvo a disposici\u00f3n dos ambulancias en todo momento para atender a los jinetes de ser necesario. Durante estas jornadas solo hubo un accidente de mayor preocupaci\u00f3n, sin embargo, el jinete se encuentra estable y en recuperaci\u00f3n.<\/p>\n<p style=\"text-align: justify;\">Lista de ganadores del XXI Festival de Jineteadas de Puerto Ingeniero Ib\u00e1\u00f1ez:<\/p>\n<p style=\"text-align: justify;\"><u>Categor\u00eda basto con encimera<\/u><\/p>\n<p style=\"text-align: justify;\"><u>1\u00b0lugar<br \/>\n<\/u>Jinete: Marcelino Ib\u00e1\u00f1ez, de C\u00f3rdoba Argentina<u><br \/>\n<\/u>Reservado: El cantinero<br \/>\nTropilleros: Los cata de Ren\u00e1n catal\u00e1n<\/p>\n<p style=\"text-align: justify;\"><u>2\u00b0lugar<\/u><\/p>\n<p style=\"text-align: justify;\">Jinete: Claudio Vel\u00e1squez, de Miramar<br \/>\nReservado: el talero<br \/>\nTropilla: los entreverados de Jos\u00e9 Quilodr\u00e1n<\/p>\n<p style=\"text-align: justify;\"><u>3\u00b0 lugar<\/u><\/p>\n<p style=\"text-align: justify;\">Jinete: David Toro, de Torres de Paine<br \/>\nReservado: La India<br \/>\nTropilla: lo andariega de juan Villagr\u00e1n<\/p>\n<p style=\"text-align: justify;\"><u>Categor\u00eda gurupa surera<\/u><\/p>\n<p style=\"text-align: justify;\"><u>1\u00b0lugar<\/u><\/p>\n<p style=\"text-align: justify;\">Jinete: Gustavo Sep\u00falveda, de Chile Chico<br \/>\nReservado: El matrero<br \/>\nTropilla: la andariega de juan Vel\u00e1squez<\/p>\n<p style=\"text-align: justify;\"><u>2\u00b0 lugar<\/u><\/p>\n<p style=\"text-align: justify;\">Jinete: Marcelo V\u00e1squez, de Chile Chico<br \/>\nReservado: El caldillo<br \/>\nTropilla: los pichones de Alejandro mansilla.<br \/>\n<u><br \/>\n3\u00b0 lugar<\/u><br \/>\nJinete: Mat\u00edas Johnson, de Chile Chico.<br \/>\nReservado: el desp\u00eddete<br \/>\nTropilla: El rinc\u00f3n de los amigos de Ignacio Sandoval<\/p>\n<\/div><\/section><\/div><div  style='height:50px' class='hr hr-invisible   avia-builder-el-6  el_after_av_one_full  el_before_av_social_share '><span class='hr-inner ' ><span class='hr-inner-style'><\/span><\/span><\/div><\/p>\n<div  class='av-social-sharing-box  avia-builder-el-7  el_after_av_hr  el_before_av_hr  '><div class='av-share-box'><h5 class='av-share-link-description av-no-toc '>Compartir esta noticia<\/h5><ul class='av-share-box-list noLightbox'><li class='av-share-link av-social-link-facebook' ><a target=\"_blank\" aria-label=\"Compartir en Facebook\" href='https:\/\/www.facebook.com\/sharer.php?u=https:\/\/radiorevelacionfm.cl\/?p=26975&#038;t=XII%20versi%C3%B3n%20del%20Festival%20de%20Jineteadas%20de%20Puerto%20Ib%C3%A1%C3%B1ez%20se%20contin%C3%BAa%20consolidando%20a%20nivel%20regional%20e%20internacional' aria-hidden='false' data-av_icon='\ue8f3' data-av_iconfont='entypo-fontello' title='' data-avia-related-tooltip='Compartir en Facebook' rel=\"noopener\"><span class='avia_hidden_link_text'>Compartir en Facebook<\/span><\/a><\/li><li class='av-share-link av-social-link-twitter' ><a target=\"_blank\" aria-label=\"Compartir en Twitter\" href='https:\/\/twitter.com\/share?text=XII%20versi%C3%B3n%20del%20Festival%20de%20Jineteadas%20de%20Puerto%20Ib%C3%A1%C3%B1ez%20se%20contin%C3%BAa%20consolidando%20a%20nivel%20regional%20e%20internacional&#038;url=https:\/\/radiorevelacionfm.cl\/?p=26975' aria-hidden='false' data-av_icon='\ue8f1' data-av_iconfont='entypo-fontello' title='' data-avia-related-tooltip='Compartir en Twitter' rel=\"noopener\"><span class='avia_hidden_link_text'>Compartir en Twitter<\/span><\/a><\/li><li class='av-share-link av-social-link-whatsapp' ><a target=\"_blank\" aria-label=\"Compartir en Whatsapp\" href='https:\/\/api.whatsapp.com\/send?text=https:\/\/radiorevelacionfm.cl\/?p=26975' aria-hidden='false' data-av_icon='\uf232' data-av_iconfont='entypo-fontello' title='' data-avia-related-tooltip='Compartir en Whatsapp' rel=\"noopener\"><span class='avia_hidden_link_text'>Compartir en Whatsapp<\/span><\/a><\/li><li class='av-share-link av-social-link-linkedin' ><a target=\"_blank\" aria-label=\"Compartir en LinkedIn\" href='https:\/\/linkedin.com\/shareArticle?mini=true&#038;title=XII%20versi%C3%B3n%20del%20Festival%20de%20Jineteadas%20de%20Puerto%20Ib%C3%A1%C3%B1ez%20se%20contin%C3%BAa%20consolidando%20a%20nivel%20regional%20e%20internacional&#038;url=https:\/\/radiorevelacionfm.cl\/?p=26975' aria-hidden='false' data-av_icon='\ue8fc' data-av_iconfont='entypo-fontello' title='' data-avia-related-tooltip='Compartir en LinkedIn' rel=\"noopener\"><span class='avia_hidden_link_text'>Compartir en LinkedIn<\/span><\/a><\/li><li class='av-share-link av-social-link-mail' ><a  aria-label=\"Compartir por correo\" href='mailto:?subject=XII%20versi%C3%B3n%20del%20Festival%20de%20Jineteadas%20de%20Puerto%20Ib%C3%A1%C3%B1ez%20se%20contin%C3%BAa%20consolidando%20a%20nivel%20regional%20e%20internacional&#038;body=https:\/\/radiorevelacionfm.cl\/?p=26975' aria-hidden='false' data-av_icon='\ue805' data-av_iconfont='entypo-fontello' title='' data-avia-related-tooltip='Compartir por correo'><span class='avia_hidden_link_text'>Compartir por correo<\/span><\/a><\/li><\/ul><\/div><\/div>\n<div  style='height:50px' class='hr hr-invisible   avia-builder-el-8  el_after_av_social_share  el_before_av_comments_list '><span class='hr-inner ' ><span class='hr-inner-style'><\/span><\/span><\/div>\n<div  class='av-buildercomment  av-blog-meta-html-info-disabled av-blog-meta-tag-disabled  '><\/div>\n","protected":false},"excerpt":{"rendered":"","protected":false},"author":1,"featured_media":26976,"comment_status":"open","ping_status":"open","sticky":false,"template":"","format":"standard","meta":{"footnotes":""},"categories":[38],"tags":[],"class_list":["post-26975","post","type-post","status-publish","format-standard","has-post-thumbnail","hentry","category-regional"],"jetpack_featured_media_url":"https:\/\/radiorevelacionfm.cl\/wp-content\/uploads\/2023\/01\/dsc_0502-1_optimized-1.jpg","_links":{"self":[{"href":"https:\/\/radiorevelacionfm.cl\/index.php?rest_route=\/wp\/v2\/posts\/26975","targetHints":{"allow":["GET"]}}],"collection":[{"href":"https:\/\/radiorevelacionfm.cl\/index.php?rest_route=\/wp\/v2\/posts"}],"about":[{"href":"https:\/\/radiorevelacionfm.cl\/index.php?rest_route=\/wp\/v2\/types\/post"}],"author":[{"embeddable":true,"href":"https:\/\/radiorevelacionfm.cl\/index.php?rest_route=\/wp\/v2\/users\/1"}],"replies":[{"embeddable":true,"href":"https:\/\/radiorevelacionfm.cl\/index.php?rest_route=%2Fwp%2Fv2%2Fcomments&post=26975"}],"version-history":[{"count":2,"href":"https:\/\/radiorevelacionfm.cl\/index.php?rest_route=\/wp\/v2\/posts\/26975\/revisions"}],"predecessor-version":[{"id":26978,"href":"https:\/\/radiorevelacionfm.cl\/index.php?rest_route=\/wp\/v2\/posts\/26975\/revisions\/26978"}],"wp:featuredmedia":[{"embeddable":true,"href":"https:\/\/radiorevelacionfm.cl\/index.php?rest_route=\/wp\/v2\/media\/26976"}],"wp:attachment":[{"href":"https:\/\/radiorevelacionfm.cl\/index.php?rest_route=%2Fwp%2Fv2%2Fmedia&parent=26975"}],"wp:term":[{"taxonomy":"category","embeddable":true,"href":"https:\/\/radiorevelacionfm.cl\/index.php?rest_route=%2Fwp%2Fv2%2Fcategories&post=26975"},{"taxonomy":"post_tag","embeddable":true,"href":"https:\/\/radiorevelacionfm.cl\/index.php?rest_route=%2Fwp%2Fv2%2Ftags&post=26975"}],"curies":[{"name":"wp","href":"https:\/\/api.w.org\/{rel}","templated":true}]}}