{"id":26970,"date":"2023-01-23T19:47:21","date_gmt":"2023-01-23T22:47:21","guid":{"rendered":"https:\/\/radiorevelacionfm.cl\/?p=26970"},"modified":"2023-01-23T19:47:21","modified_gmt":"2023-01-23T22:47:21","slug":"difunden-linea-telefonica-para-prevenir-el-suicidio-no-estas-solo-no-estas-sola","status":"publish","type":"post","link":"https:\/\/radiorevelacionfm.cl\/?p=26970","title":{"rendered":"Difunden L\u00ednea Telef\u00f3nica para Prevenir el Suicidio \u201cNo Est\u00e1s Solo, No Est\u00e1s Sola\u201d"},"content":{"rendered":"<div class=\"flex_column av_one_full  flex_column_div av-zero-column-padding first  avia-builder-el-0  el_before_av_one_full  avia-builder-el-first  \" style='border-radius:0px; '><div  class='avia-image-container  av-styling-    avia-builder-el-1  avia-builder-el-no-sibling  avia-align-center '  itemprop=\"image\" itemscope=\"itemscope\" itemtype=\"https:\/\/schema.org\/ImageObject\"  ><div class='avia-image-container-inner'><div class='avia-image-overlay-wrap'><img decoding=\"async\" class='wp-image-26971 avia-img-lazy-loading-not-26971 avia_image' src=\"https:\/\/radiorevelacionfm.cl\/wp-content\/uploads\/2023\/01\/salud-mental-1-1_optimized-1.jpeg\" alt='' title='salud-mental-1-(1)_optimized (1)' height=\"600\" width=\"941\"  itemprop=\"thumbnailUrl\" srcset=\"https:\/\/radiorevelacionfm.cl\/wp-content\/uploads\/2023\/01\/salud-mental-1-1_optimized-1.jpeg 941w, https:\/\/radiorevelacionfm.cl\/wp-content\/uploads\/2023\/01\/salud-mental-1-1_optimized-1-300x191.jpeg 300w, https:\/\/radiorevelacionfm.cl\/wp-content\/uploads\/2023\/01\/salud-mental-1-1_optimized-1-768x490.jpeg 768w, https:\/\/radiorevelacionfm.cl\/wp-content\/uploads\/2023\/01\/salud-mental-1-1_optimized-1-705x450.jpeg 705w, https:\/\/radiorevelacionfm.cl\/wp-content\/uploads\/2023\/01\/salud-mental-1-1_optimized-1-600x383.jpeg 600w\" sizes=\"(max-width: 941px) 100vw, 941px\" \/><\/div><\/div><\/div><\/div><div class=\"flex_column av_one_full  flex_column_div av-zero-column-padding first  avia-builder-el-2  el_after_av_one_full  el_before_av_one_full  column-top-margin\" style='border-radius:0px; '><section class=\"av_textblock_section \"  itemscope=\"itemscope\" itemtype=\"https:\/\/schema.org\/BlogPosting\" itemprop=\"blogPost\" ><div class='avia_textblock  '   itemprop=\"text\" ><p style=\"text-align: center;\"><strong><span style=\"font-size: 18pt;\">Difunden L\u00ednea Telef\u00f3nica para Prevenir el Suicidio \u201cNo Est\u00e1s Solo, No Est\u00e1s Sola\u201d<\/span><\/strong><\/p>\n<div id=\"gtx-trans\" style=\"position: absolute; left: -50px; top: 4.31534px;\">\n<div class=\"gtx-trans-icon\"><\/div>\n<\/div>\n<\/div><\/section><\/div><div class=\"flex_column av_one_full  flex_column_div av-zero-column-padding first  avia-builder-el-4  el_after_av_one_full  el_before_av_hr  column-top-margin\" style='border-radius:0px; '><section class=\"av_textblock_section \"  itemscope=\"itemscope\" itemtype=\"https:\/\/schema.org\/BlogPosting\" itemprop=\"blogPost\" ><div class='avia_textblock  '   itemprop=\"text\" ><p style=\"text-align: justify;\">El Parque Los Ni\u00f1os Rio Simpson de Coyhaique, entorno saludable y de vida sana y familiar, fue el lugar escogido para dar el vamos en la regi\u00f3n de Ays\u00e9n, a la l\u00ednea \u201c *4141 No Est\u00e1s Solo, No Est\u00e1s Sola\u201d, para atender emergencias o crisis de salud mental. Una l\u00ednea gratuita donde los usuarios podr\u00e1n contactarse con un profesional que los escuchar\u00e1 y ayudar\u00e1.<\/p>\n<p style=\"text-align: justify;\">As\u00ed lo inform\u00f3 la Seremi de Salud Ays\u00e9n, Carmen Gloria Monsalve, quien valor\u00f3 esta estrategia de gobierno que,\u00a0 \u201den adelante, ninguna persona m\u00e1s estar\u00e1 sola para enfrentar sus problemas de salud mental y eso, por supuesto, significa un gran desaf\u00edo, no solo para nosotros como sector salud, sino que para todas las instituciones del instersector porque, adem\u00e1s, hoy se est\u00e1 impulsando lograr la transversalizaci\u00f3n de la mirada de salud mental y la protecci\u00f3n de las personas en este contexto\u201d, destac\u00f3 la autoridad sanitaria.<\/p>\n<p style=\"text-align: justify;\">La seremi dijo que las dificultades que se han debido enfrentar en los \u00faltimos a\u00f1os ponen a chilenos y chilenas en una situaci\u00f3n compleja reflejada despu\u00e9s de pandemia, donde se ha incrementado la demanda en salud mental. \u201cImpacto que tiene que ver con la socializaci\u00f3n de ni\u00f1os y ni\u00f1as en su etapa inicial y que eso, por supuesto, ha afectado las herramientas que tienen que adquirir para enfrentar \u00a0de mejor manera el mundo, adem\u00e1s de muchos otros factores que debemos abordar. Lo primero, atacar con esta l\u00ednea muy importante, a trav\u00e9s de la prevenci\u00f3n del suicidio\u201d.<\/p>\n<p style=\"text-align: justify;\">El objetivo de esta l\u00ednea es fortalecer el componente de \u201cSistema de Ayuda en Crisis\u201d, incorporando una l\u00ednea de atenci\u00f3n telef\u00f3nica exclusiva para la contenci\u00f3n de personas y familiares que se encuentren en una situaci\u00f3n de crisis asociada a ideaci\u00f3n o intento suicida. L\u00ednea especializada que entregar\u00e1 apoyo, a trav\u00e9s de atenci\u00f3n de psic\u00f3logos especializados en intervenci\u00f3n de crisis, manejo, contenci\u00f3n, seguimiento y derivaci\u00f3n priorizada a la red de salud p\u00fablica.<\/p>\n<p style=\"text-align: justify;\">Para Hern\u00e1n Barrientos, Subdirector de Gesti\u00f3n Asistencial del Servicio de Salud Ays\u00e9n, \u201c es\u00a0 muy relevante \u00a0que todos los problemas de salud mental sean visibilizados para poder abordarlos con sinceridad, apertura y con compromiso de todos \u00a0los equipos de salud\u201d. El directivo complement\u00f3 que hoy los equipos de salud mental, tanto de la seremi como del Servicio de Salud Ays\u00e9n y su Red, est\u00e1n trabajando para poder sacar adelante todas las iniciativas. \u201cEstamos fortaleciendo los equipos de recurso humano dentro del Servicio de Salud en todos los dispositivos, para hacer atenciones directas en salud mental \u201c.<\/p>\n<p style=\"text-align: justify;\">La l\u00ednea cuenta con un equipo de 13 psic\u00f3logos capacitados para la atenci\u00f3n en crisis que realizaran turnos para cubrir horario 24\/7 de manera que la l\u00ednea tenga un funcionamiento continuo. La llamada a trav\u00e9s del n\u00famero \u00fanico y directo *4141, ser\u00e1 recibida por un psic\u00f3logo especializado, qui\u00e9n realizar\u00e1 intervenci\u00f3n en crisis incluye la contenci\u00f3n, evaluaci\u00f3n y elaboraci\u00f3n de plan de seguridad y seguimiento, adem\u00e1s de la notificaci\u00f3n a la red lo que permite priorizaci\u00f3n de la atenci\u00f3n de estos usuarios con mayor necesidad.<\/p>\n<p style=\"text-align: justify;\">Andrea Fuentes, profesional jefa del subdepartamento de salud mental del Servicio de Salud Ays\u00e9n, quien particip\u00f3 de esta actividad, destac\u00f3 que se est\u00e1 trabajando en la generaci\u00f3n del rol de referentes de suicidio en cada uno de los establecimientos, lo que permite una mejor articulaci\u00f3n.\u201c Nosotros ya tenemos la experiencia de la l\u00ednea Salud Responde, donde logramos llegar \u00a0a 97 personas en riesgo el a\u00f1o pasado, personas que pudieron ser atendidas en la red de salud. Estamos constantemente apoyando el programa de vigilancia de suicidio de la Seremi de Salud, dentro de ello hemos logrado mantener, contener el problema y, efectivamente esta l\u00ednea telef\u00f3nica, viene a resolver un tema puntual que es reforzar la atenci\u00f3n remota para acercar el acceso a una atenci\u00f3n, entendiendo que hay muchos mitos relacionados y estigma asociado a la salud mental\u201d, complement\u00f3 la profesional.<\/p>\n<p style=\"text-align: justify;\">La l\u00ednea tiene una capacidad de 5 llamadas simult\u00e1neas. Con esto alcanzar\u00eda una capacidad diaria de casi 100 llamadas aproximadamente.<\/p>\n<p style=\"text-align: justify;\">En paralelo, en la l\u00ednea Salud Responde se desempe\u00f1ar\u00e1n otros 40 psic\u00f3logos distintos, quienes atendr\u00e1n temas de salud mental, como crisis de angustia. Cada uno tendr\u00e1 un r\u00e9gimen de 44 horas semanales, en el horario de Salud Responde: de 8.00 a 20.30 horas, lunes a viernes.\u00a0Anteriormente en Salud Responde trabajaban 80 psic\u00f3logos, pero con menos horas semanales.<\/p>\n<\/div><\/section><\/div><div  style='height:50px' class='hr hr-invisible   avia-builder-el-6  el_after_av_one_full  el_before_av_social_share '><span class='hr-inner ' ><span class='hr-inner-style'><\/span><\/span><\/div><\/p>\n<div  class='av-social-sharing-box  avia-builder-el-7  el_after_av_hr  el_before_av_hr  '><div class='av-share-box'><h5 class='av-share-link-description av-no-toc '>Compartir esta noticia<\/h5><ul class='av-share-box-list noLightbox'><li class='av-share-link av-social-link-facebook' ><a target=\"_blank\" aria-label=\"Compartir en Facebook\" href='https:\/\/www.facebook.com\/sharer.php?u=https:\/\/radiorevelacionfm.cl\/?p=26970&#038;t=Difunden%20L%C3%ADnea%20Telef%C3%B3nica%20para%20Prevenir%20el%20Suicidio%20%E2%80%9CNo%20Est%C3%A1s%20Solo%2C%20No%20Est%C3%A1s%20Sola%E2%80%9D' aria-hidden='false' data-av_icon='\ue8f3' data-av_iconfont='entypo-fontello' title='' data-avia-related-tooltip='Compartir en Facebook' rel=\"noopener\"><span class='avia_hidden_link_text'>Compartir en Facebook<\/span><\/a><\/li><li class='av-share-link av-social-link-twitter' ><a target=\"_blank\" aria-label=\"Compartir en Twitter\" href='https:\/\/twitter.com\/share?text=Difunden%20L%C3%ADnea%20Telef%C3%B3nica%20para%20Prevenir%20el%20Suicidio%20%E2%80%9CNo%20Est%C3%A1s%20Solo%2C%20No%20Est%C3%A1s%20Sola%E2%80%9D&#038;url=https:\/\/radiorevelacionfm.cl\/?p=26970' aria-hidden='false' data-av_icon='\ue8f1' data-av_iconfont='entypo-fontello' title='' data-avia-related-tooltip='Compartir en Twitter' rel=\"noopener\"><span class='avia_hidden_link_text'>Compartir en Twitter<\/span><\/a><\/li><li class='av-share-link av-social-link-whatsapp' ><a target=\"_blank\" aria-label=\"Compartir en Whatsapp\" href='https:\/\/api.whatsapp.com\/send?text=https:\/\/radiorevelacionfm.cl\/?p=26970' aria-hidden='false' data-av_icon='\uf232' data-av_iconfont='entypo-fontello' title='' data-avia-related-tooltip='Compartir en Whatsapp' rel=\"noopener\"><span class='avia_hidden_link_text'>Compartir en Whatsapp<\/span><\/a><\/li><li class='av-share-link av-social-link-linkedin' ><a target=\"_blank\" aria-label=\"Compartir en LinkedIn\" href='https:\/\/linkedin.com\/shareArticle?mini=true&#038;title=Difunden%20L%C3%ADnea%20Telef%C3%B3nica%20para%20Prevenir%20el%20Suicidio%20%E2%80%9CNo%20Est%C3%A1s%20Solo%2C%20No%20Est%C3%A1s%20Sola%E2%80%9D&#038;url=https:\/\/radiorevelacionfm.cl\/?p=26970' aria-hidden='false' data-av_icon='\ue8fc' data-av_iconfont='entypo-fontello' title='' data-avia-related-tooltip='Compartir en LinkedIn' rel=\"noopener\"><span class='avia_hidden_link_text'>Compartir en LinkedIn<\/span><\/a><\/li><li class='av-share-link av-social-link-mail' ><a  aria-label=\"Compartir por correo\" href='mailto:?subject=Difunden%20L%C3%ADnea%20Telef%C3%B3nica%20para%20Prevenir%20el%20Suicidio%20%E2%80%9CNo%20Est%C3%A1s%20Solo%2C%20No%20Est%C3%A1s%20Sola%E2%80%9D&#038;body=https:\/\/radiorevelacionfm.cl\/?p=26970' aria-hidden='false' data-av_icon='\ue805' data-av_iconfont='entypo-fontello' title='' data-avia-related-tooltip='Compartir por correo'><span class='avia_hidden_link_text'>Compartir por correo<\/span><\/a><\/li><\/ul><\/div><\/div>\n<div  style='height:50px' class='hr hr-invisible   avia-builder-el-8  el_after_av_social_share  el_before_av_comments_list '><span class='hr-inner ' ><span class='hr-inner-style'><\/span><\/span><\/div>\n<div  class='av-buildercomment  av-blog-meta-html-info-disabled av-blog-meta-tag-disabled  '><\/div>\n","protected":false},"excerpt":{"rendered":"","protected":false},"author":1,"featured_media":26971,"comment_status":"open","ping_status":"open","sticky":false,"template":"","format":"standard","meta":{"footnotes":""},"categories":[46],"tags":[],"class_list":["post-26970","post","type-post","status-publish","format-standard","has-post-thumbnail","hentry","category-salud"],"jetpack_featured_media_url":"https:\/\/radiorevelacionfm.cl\/wp-content\/uploads\/2023\/01\/salud-mental-1-1_optimized-1.jpeg","_links":{"self":[{"href":"https:\/\/radiorevelacionfm.cl\/index.php?rest_route=\/wp\/v2\/posts\/26970","targetHints":{"allow":["GET"]}}],"collection":[{"href":"https:\/\/radiorevelacionfm.cl\/index.php?rest_route=\/wp\/v2\/posts"}],"about":[{"href":"https:\/\/radiorevelacionfm.cl\/index.php?rest_route=\/wp\/v2\/types\/post"}],"author":[{"embeddable":true,"href":"https:\/\/radiorevelacionfm.cl\/index.php?rest_route=\/wp\/v2\/users\/1"}],"replies":[{"embeddable":true,"href":"https:\/\/radiorevelacionfm.cl\/index.php?rest_route=%2Fwp%2Fv2%2Fcomments&post=26970"}],"version-history":[{"count":2,"href":"https:\/\/radiorevelacionfm.cl\/index.php?rest_route=\/wp\/v2\/posts\/26970\/revisions"}],"predecessor-version":[{"id":26973,"href":"https:\/\/radiorevelacionfm.cl\/index.php?rest_route=\/wp\/v2\/posts\/26970\/revisions\/26973"}],"wp:featuredmedia":[{"embeddable":true,"href":"https:\/\/radiorevelacionfm.cl\/index.php?rest_route=\/wp\/v2\/media\/26971"}],"wp:attachment":[{"href":"https:\/\/radiorevelacionfm.cl\/index.php?rest_route=%2Fwp%2Fv2%2Fmedia&parent=26970"}],"wp:term":[{"taxonomy":"category","embeddable":true,"href":"https:\/\/radiorevelacionfm.cl\/index.php?rest_route=%2Fwp%2Fv2%2Fcategories&post=26970"},{"taxonomy":"post_tag","embeddable":true,"href":"https:\/\/radiorevelacionfm.cl\/index.php?rest_route=%2Fwp%2Fv2%2Ftags&post=26970"}],"curies":[{"name":"wp","href":"https:\/\/api.w.org\/{rel}","templated":true}]}}