{"id":26962,"date":"2023-01-24T09:40:07","date_gmt":"2023-01-24T12:40:07","guid":{"rendered":"https:\/\/radiorevelacionfm.cl\/?p=26962"},"modified":"2023-01-24T09:40:07","modified_gmt":"2023-01-24T12:40:07","slug":"plan-de-descontaminacion-atmosferica-convocan-a-comunidad-de-puerto-de-aysen-a-sumarse-actividades-de-participacion-ciudadana","status":"publish","type":"post","link":"https:\/\/radiorevelacionfm.cl\/?p=26962","title":{"rendered":"Plan de Descontaminaci\u00f3n Atmosf\u00e9rica: Convocan a comunidad de Puerto de Ays\u00e9n a sumarse actividades de participaci\u00f3n ciudadana"},"content":{"rendered":"<div class=\"flex_column av_one_full  flex_column_div av-zero-column-padding first  avia-builder-el-0  el_before_av_one_full  avia-builder-el-first  \" style='border-radius:0px; '><div  class='avia-image-container  av-styling-    avia-builder-el-1  avia-builder-el-no-sibling  avia-align-center '  itemprop=\"image\" itemscope=\"itemscope\" itemtype=\"https:\/\/schema.org\/ImageObject\"  ><div class='avia-image-container-inner'><div class='avia-image-overlay-wrap'><img decoding=\"async\" class='wp-image-26963 avia-img-lazy-loading-not-26963 avia_image' src=\"https:\/\/radiorevelacionfm.cl\/wp-content\/uploads\/2023\/01\/2-2023-01-23T185535.113-1-1.jpg\" alt='' title='2 - 2023-01-23T185535.113 (1) (1)' height=\"600\" width=\"880\"  itemprop=\"thumbnailUrl\" srcset=\"https:\/\/radiorevelacionfm.cl\/wp-content\/uploads\/2023\/01\/2-2023-01-23T185535.113-1-1.jpg 880w, https:\/\/radiorevelacionfm.cl\/wp-content\/uploads\/2023\/01\/2-2023-01-23T185535.113-1-1-300x205.jpg 300w, https:\/\/radiorevelacionfm.cl\/wp-content\/uploads\/2023\/01\/2-2023-01-23T185535.113-1-1-768x524.jpg 768w, https:\/\/radiorevelacionfm.cl\/wp-content\/uploads\/2023\/01\/2-2023-01-23T185535.113-1-1-705x481.jpg 705w, https:\/\/radiorevelacionfm.cl\/wp-content\/uploads\/2023\/01\/2-2023-01-23T185535.113-1-1-600x409.jpg 600w\" sizes=\"(max-width: 880px) 100vw, 880px\" \/><\/div><\/div><\/div><\/div><div class=\"flex_column av_one_full  flex_column_div av-zero-column-padding first  avia-builder-el-2  el_after_av_one_full  el_before_av_one_full  column-top-margin\" style='border-radius:0px; '><section class=\"av_textblock_section \"  itemscope=\"itemscope\" itemtype=\"https:\/\/schema.org\/BlogPosting\" itemprop=\"blogPost\" ><div class='avia_textblock  '   itemprop=\"text\" ><p style=\"text-align: center;\"><strong><span style=\"font-size: 18pt;\">Plan de Descontaminaci\u00f3n Atmosf\u00e9rica: Convocan a comunidad de Puerto de Ays\u00e9n a sumarse actividades de participaci\u00f3n ciudadana<\/span><\/strong><\/p>\n<div id=\"gtx-trans\" style=\"position: absolute; left: -50px; top: 4.31534px;\">\n<div class=\"gtx-trans-icon\"><\/div>\n<\/div>\n<\/div><\/section><\/div><div class=\"flex_column av_one_full  flex_column_div av-zero-column-padding first  avia-builder-el-4  el_after_av_one_full  el_before_av_hr  column-top-margin\" style='border-radius:0px; '><section class=\"av_textblock_section \"  itemscope=\"itemscope\" itemtype=\"https:\/\/schema.org\/BlogPosting\" itemprop=\"blogPost\" ><div class='avia_textblock  '   itemprop=\"text\" ><p style=\"text-align: justify;\">Desde la publicaci\u00f3n del Decreto de Zona Saturada de Puerto Ays\u00e9n en el Diario oficial, en marzo de 2022, se han activado una serie de gestiones para avanzar en la descontaminaci\u00f3n atmosf\u00e9rica de la ciudad, inici\u00e1ndose el proceso de elaboraci\u00f3n del Anteproyecto del Plan de Descontaminaci\u00f3n Atmosf\u00e9rica PDA; la constituci\u00f3n del Comit\u00e9 Operativo del PDA, y su versi\u00f3n ampliada; la contrataci\u00f3n de un estudio para generar antecedentes t\u00e9cnicos, inventario de emisiones y evaluar posibles medidas; y la difusi\u00f3n a la ciudadan\u00eda.<\/p>\n<p style=\"text-align: justify;\">\u201cPara nosotros, desde el principio ha sido relevante contar con la voz de vecinos y vecinas porque entendemos que esta pol\u00edtica p\u00fablica debe ser co-construida con mirada local y pertinente a la realidad de las familias de Puerto Ays\u00e9n\u201d, recalc\u00f3 el SEREMI del Medio Ambiente, Juli\u00e1n C\u00e1rdenas.<\/p>\n<p style=\"text-align: justify;\">Es as\u00ed como en una iniciativa in\u00e9dita en calidad del aire, el SEREMI del Medio Ambiente comenz\u00f3 este jueves un proceso de participaci\u00f3n ciudadana anticipado, si bien el anteproyecto del PDA se someter\u00e1 a consulta p\u00fablica el segundo semestre de 2023, la autoridad ambiental regional ha iniciado las gestiones para mantener a la comunidad informada mediante talleres, que permitan sensibilizar sobre la problem\u00e1tica, los detalles del proceso y recoger tambi\u00e9n sus inquietudes.<\/p>\n<p style=\"text-align: justify;\">Se han organizado, en conjunto con la I. Municipalidad de Ays\u00e9n y la Delegaci\u00f3n Presidencial Provincial de Ays\u00e9n, una serie de talleres enfocados a diversos grupos de la ciudad de Puerto Ays\u00e9n, las primeras actividades, fueron dirigidas a los clubes deportivos de la localidad, y a las juntas vecinales de la ciudad.<\/p>\n<p style=\"text-align: justify;\">El presidente la Uni\u00f3n Comunal de Juntas de Vecinos, Carlos D\u00edaz, presente en el taller valor\u00f3 la iniciativa destacando que ya hab\u00edan sido sensibilizado en marzo de 2022 mediante una presentaci\u00f3n del SEREMI de Medio Ambiente y esperaban con ansias el nuevo encuentro \u201cEl trabajo que viene de aqu\u00ed en adelante se va a plasmar de lo que quiere el vecino, eso es lo que hoy d\u00eda se va a ver reflejado, sabemos que estamos en zona saturada y de marzo para adelante el invierno pega y no nos deja tranquilos, as\u00ed que vamos a trabajar en conjunto gobierno, autoridades y vecinos\u201d.<\/p>\n<p style=\"text-align: justify;\">La elaboraci\u00f3n del anteproyecto sigue en curso en manos del Comit\u00e9 Operativo integrado por las Serem\u00edas de Medio Ambiente; Salud; Vivienda y Urbanismo; Transporte y Telecomunicaciones; Energ\u00eda; Educaci\u00f3n; Desarrollo Social y Familia; la Delegaci\u00f3n Presidencial Provincial de Ays\u00e9n; Superintendencia del Medio Ambiente; Corporaci\u00f3n Nacional Forestal de la Regi\u00f3n de Ays\u00e9n; y la Municipalidad de Puerto Ays\u00e9n. Y as\u00ed tambi\u00e9n con los aportes de su versi\u00f3n ampliada que convoca a organizaciones de la sociedad civil, academia y sector privado, sin embargo, durante el proceso, cualquier persona, puede aportar antecedentes t\u00e9cnicos, cient\u00edficos, sociales y econ\u00f3micos adicionales sobre la zona saturada.<\/p>\n<p style=\"text-align: justify;\">Una vez elaborado el Anteproyecto, debe someterse a consulta p\u00fablica, donde adem\u00e1s se solicita la opini\u00f3n del Consejo Consultivo Regional del Medio Ambiente. Una vez consolidadas las observaciones de la ciudadan\u00eda, \u00a0el texto del proyecto definitivo, se someter\u00e1 a pronunciamiento por parte del Consejo de Ministros para la Sustentabilidad y el Cambio Clim\u00e1tico \u201cPor eso es tremendamente relevante que desde hoy la comunidad aysenina se sume a este proceso de participaci\u00f3n, que nos compartan sus inquietudes y propuestas, y que as\u00ed las medidas de este PDA puedan reflejar de mejor manera los requerimientos de los habitantes de Puerto Ays\u00e9n\u201d, explic\u00f3 el SEREMI invitando a la comunidad a mantenerse informada, a revisar las redes sociales de la SEREMI del Medio Ambiente y a participar de las diversas instancias planificadas.<\/p>\n<\/div><\/section><\/div><div  style='height:50px' class='hr hr-invisible   avia-builder-el-6  el_after_av_one_full  el_before_av_social_share '><span class='hr-inner ' ><span class='hr-inner-style'><\/span><\/span><\/div><\/p>\n<div  class='av-social-sharing-box  avia-builder-el-7  el_after_av_hr  el_before_av_hr  '><div class='av-share-box'><h5 class='av-share-link-description av-no-toc '>Compartir esta noticia<\/h5><ul class='av-share-box-list noLightbox'><li class='av-share-link av-social-link-facebook' ><a target=\"_blank\" aria-label=\"Compartir en Facebook\" href='https:\/\/www.facebook.com\/sharer.php?u=https:\/\/radiorevelacionfm.cl\/?p=26962&#038;t=Plan%20de%20Descontaminaci%C3%B3n%20Atmosf%C3%A9rica%3A%20Convocan%20a%20comunidad%20de%20Puerto%20de%20Ays%C3%A9n%20a%20sumarse%20actividades%20de%20participaci%C3%B3n%20ciudadana' aria-hidden='false' data-av_icon='\ue8f3' data-av_iconfont='entypo-fontello' title='' data-avia-related-tooltip='Compartir en Facebook' rel=\"noopener\"><span class='avia_hidden_link_text'>Compartir en Facebook<\/span><\/a><\/li><li class='av-share-link av-social-link-twitter' ><a target=\"_blank\" aria-label=\"Compartir en Twitter\" href='https:\/\/twitter.com\/share?text=Plan%20de%20Descontaminaci%C3%B3n%20Atmosf%C3%A9rica%3A%20Convocan%20a%20comunidad%20de%20Puerto%20de%20Ays%C3%A9n%20a%20sumarse%20actividades%20de%20participaci%C3%B3n%20ciudadana&#038;url=https:\/\/radiorevelacionfm.cl\/?p=26962' aria-hidden='false' data-av_icon='\ue8f1' data-av_iconfont='entypo-fontello' title='' data-avia-related-tooltip='Compartir en Twitter' rel=\"noopener\"><span class='avia_hidden_link_text'>Compartir en Twitter<\/span><\/a><\/li><li class='av-share-link av-social-link-whatsapp' ><a target=\"_blank\" aria-label=\"Compartir en Whatsapp\" href='https:\/\/api.whatsapp.com\/send?text=https:\/\/radiorevelacionfm.cl\/?p=26962' aria-hidden='false' data-av_icon='\uf232' data-av_iconfont='entypo-fontello' title='' data-avia-related-tooltip='Compartir en Whatsapp' rel=\"noopener\"><span class='avia_hidden_link_text'>Compartir en Whatsapp<\/span><\/a><\/li><li class='av-share-link av-social-link-linkedin' ><a target=\"_blank\" aria-label=\"Compartir en LinkedIn\" href='https:\/\/linkedin.com\/shareArticle?mini=true&#038;title=Plan%20de%20Descontaminaci%C3%B3n%20Atmosf%C3%A9rica%3A%20Convocan%20a%20comunidad%20de%20Puerto%20de%20Ays%C3%A9n%20a%20sumarse%20actividades%20de%20participaci%C3%B3n%20ciudadana&#038;url=https:\/\/radiorevelacionfm.cl\/?p=26962' aria-hidden='false' data-av_icon='\ue8fc' data-av_iconfont='entypo-fontello' title='' data-avia-related-tooltip='Compartir en LinkedIn' rel=\"noopener\"><span class='avia_hidden_link_text'>Compartir en LinkedIn<\/span><\/a><\/li><li class='av-share-link av-social-link-mail' ><a  aria-label=\"Compartir por correo\" href='mailto:?subject=Plan%20de%20Descontaminaci%C3%B3n%20Atmosf%C3%A9rica%3A%20Convocan%20a%20comunidad%20de%20Puerto%20de%20Ays%C3%A9n%20a%20sumarse%20actividades%20de%20participaci%C3%B3n%20ciudadana&#038;body=https:\/\/radiorevelacionfm.cl\/?p=26962' aria-hidden='false' data-av_icon='\ue805' data-av_iconfont='entypo-fontello' title='' data-avia-related-tooltip='Compartir por correo'><span class='avia_hidden_link_text'>Compartir por correo<\/span><\/a><\/li><\/ul><\/div><\/div>\n<div  style='height:50px' class='hr hr-invisible   avia-builder-el-8  el_after_av_social_share  el_before_av_comments_list '><span class='hr-inner ' ><span class='hr-inner-style'><\/span><\/span><\/div>\n<div  class='av-buildercomment  av-blog-meta-html-info-disabled av-blog-meta-tag-disabled  '><\/div>\n","protected":false},"excerpt":{"rendered":"","protected":false},"author":1,"featured_media":26963,"comment_status":"open","ping_status":"open","sticky":false,"template":"","format":"standard","meta":{"footnotes":""},"categories":[39],"tags":[],"class_list":["post-26962","post","type-post","status-publish","format-standard","has-post-thumbnail","hentry","category-medio-ambiente"],"jetpack_featured_media_url":"https:\/\/radiorevelacionfm.cl\/wp-content\/uploads\/2023\/01\/2-2023-01-23T185535.113-1-1.jpg","_links":{"self":[{"href":"https:\/\/radiorevelacionfm.cl\/index.php?rest_route=\/wp\/v2\/posts\/26962","targetHints":{"allow":["GET"]}}],"collection":[{"href":"https:\/\/radiorevelacionfm.cl\/index.php?rest_route=\/wp\/v2\/posts"}],"about":[{"href":"https:\/\/radiorevelacionfm.cl\/index.php?rest_route=\/wp\/v2\/types\/post"}],"author":[{"embeddable":true,"href":"https:\/\/radiorevelacionfm.cl\/index.php?rest_route=\/wp\/v2\/users\/1"}],"replies":[{"embeddable":true,"href":"https:\/\/radiorevelacionfm.cl\/index.php?rest_route=%2Fwp%2Fv2%2Fcomments&post=26962"}],"version-history":[{"count":2,"href":"https:\/\/radiorevelacionfm.cl\/index.php?rest_route=\/wp\/v2\/posts\/26962\/revisions"}],"predecessor-version":[{"id":26982,"href":"https:\/\/radiorevelacionfm.cl\/index.php?rest_route=\/wp\/v2\/posts\/26962\/revisions\/26982"}],"wp:featuredmedia":[{"embeddable":true,"href":"https:\/\/radiorevelacionfm.cl\/index.php?rest_route=\/wp\/v2\/media\/26963"}],"wp:attachment":[{"href":"https:\/\/radiorevelacionfm.cl\/index.php?rest_route=%2Fwp%2Fv2%2Fmedia&parent=26962"}],"wp:term":[{"taxonomy":"category","embeddable":true,"href":"https:\/\/radiorevelacionfm.cl\/index.php?rest_route=%2Fwp%2Fv2%2Fcategories&post=26962"},{"taxonomy":"post_tag","embeddable":true,"href":"https:\/\/radiorevelacionfm.cl\/index.php?rest_route=%2Fwp%2Fv2%2Ftags&post=26962"}],"curies":[{"name":"wp","href":"https:\/\/api.w.org\/{rel}","templated":true}]}}