{"id":26952,"date":"2023-01-23T19:10:28","date_gmt":"2023-01-23T22:10:28","guid":{"rendered":"https:\/\/radiorevelacionfm.cl\/?p=26952"},"modified":"2023-01-23T19:10:28","modified_gmt":"2023-01-23T22:10:28","slug":"seremi-de-gobierno-se-reunio-con-dirigentes-sociales-de-la-junta-de-vecinos-el-mirador","status":"publish","type":"post","link":"https:\/\/radiorevelacionfm.cl\/?p=26952","title":{"rendered":"Seremi de Gobierno se reuni\u00f3 con dirigentes sociales de la Junta de Vecinos El Mirador"},"content":{"rendered":"<div class=\"flex_column av_one_full  flex_column_div av-zero-column-padding first  avia-builder-el-0  el_before_av_one_full  avia-builder-el-first  \" style='border-radius:0px; '><div  class='avia-image-container  av-styling-    avia-builder-el-1  avia-builder-el-no-sibling  avia-align-center '  itemprop=\"image\" itemscope=\"itemscope\" itemtype=\"https:\/\/schema.org\/ImageObject\"  ><div class='avia-image-container-inner'><div class='avia-image-overlay-wrap'><img decoding=\"async\" class='wp-image-26953 avia-img-lazy-loading-not-26953 avia_image' src=\"https:\/\/radiorevelacionfm.cl\/wp-content\/uploads\/2023\/01\/foto-2-21-1-1.jpg\" alt='' title='foto 2 (21) (1) (1)' height=\"600\" width=\"797\"  itemprop=\"thumbnailUrl\" srcset=\"https:\/\/radiorevelacionfm.cl\/wp-content\/uploads\/2023\/01\/foto-2-21-1-1.jpg 797w, https:\/\/radiorevelacionfm.cl\/wp-content\/uploads\/2023\/01\/foto-2-21-1-1-300x226.jpg 300w, https:\/\/radiorevelacionfm.cl\/wp-content\/uploads\/2023\/01\/foto-2-21-1-1-768x578.jpg 768w, https:\/\/radiorevelacionfm.cl\/wp-content\/uploads\/2023\/01\/foto-2-21-1-1-705x531.jpg 705w, https:\/\/radiorevelacionfm.cl\/wp-content\/uploads\/2023\/01\/foto-2-21-1-1-600x452.jpg 600w\" sizes=\"(max-width: 797px) 100vw, 797px\" \/><\/div><\/div><\/div><\/div><div class=\"flex_column av_one_full  flex_column_div av-zero-column-padding first  avia-builder-el-2  el_after_av_one_full  el_before_av_one_full  column-top-margin\" style='border-radius:0px; '><section class=\"av_textblock_section \"  itemscope=\"itemscope\" itemtype=\"https:\/\/schema.org\/BlogPosting\" itemprop=\"blogPost\" ><div class='avia_textblock  '   itemprop=\"text\" ><p style=\"text-align: center;\"><strong><span style=\"font-size: 18pt;\">Seremi de Gobierno se reuni\u00f3 con dirigentes sociales de la Junta de Vecinos El Mirador<\/span><\/strong><\/p>\n<div id=\"gtx-trans\" style=\"position: absolute; left: -50px; top: 4.31534px;\">\n<div class=\"gtx-trans-icon\"><\/div>\n<\/div>\n<\/div><\/section><\/div><div class=\"flex_column av_one_full  flex_column_div av-zero-column-padding first  avia-builder-el-4  el_after_av_one_full  el_before_av_hr  column-top-margin\" style='border-radius:0px; '><section class=\"av_textblock_section \"  itemscope=\"itemscope\" itemtype=\"https:\/\/schema.org\/BlogPosting\" itemprop=\"blogPost\" ><div class='avia_textblock  '   itemprop=\"text\" ><div>\n<p class=\"v1MsoNormal\" style=\"text-align: justify;\">En la oportunidad, Tatiana Pl\u00e1 \u00c1lvarez explic\u00f3 a los asistentes -en su mayor\u00eda adultas y adultos mayores-, las siete medidas de Seguridad Econ\u00f3mica y otras medidas concretas impulsadas por el Gobierno del Presidente Gabriel Boric para avanzar hacia un Estado de Bienestar.<\/p>\n<p class=\"v1MsoNormal\" style=\"text-align: justify;\">Con el objetivo de conversar y explicar los avances y m\u00e1s de 200 medidas concretas que ha impulsado el Gobierno del Presidente Gabriel Boric durante sus 10 meses de administraci\u00f3n, la Seremi Tatiana Pl\u00e1 \u00c1lvarez se reuni\u00f3 este fin de semana con los integrantes de la Junta de Vecinos El Mirador, de Coyhaique.<\/p>\n<p class=\"v1MsoNormal\" style=\"text-align: justify;\">\u00abHemos comenzado este 2023 trabajando en el territorio, socializando sobre la implementaci\u00f3n de las distintas medidas que hemos concretado, tal como ha mandatado el Presidente Gabriel Boric. Y hoy s\u00e1bado estamos con los dirigentes y asociados de esta Junta de Vecinos porque creemos que es muy importante que cada uno de ellos y ellas est\u00e9n al tanto de lo que hemos hecho en materia de seguridad, de vivienda, en econom\u00eda, productividad, medio ambiente, etc.\u00bb, indic\u00f3 la portavoz.<\/p>\n<p class=\"v1MsoNormal\" style=\"text-align: justify;\">\u00abPero tambi\u00e9n estamos aqu\u00ed para escuchar las propuestas de vecinas y vecinos, despejar sus dudas sobre las medidas de alto impacto especialmente para las familias de nuestra regi\u00f3n, tal como fueron los compromisos asumidos en campa\u00f1a\u00bb, agreg\u00f3 la Seremi, que tambi\u00e9n relev\u00f3 los avances en seguridad, transportes, salud, educaci\u00f3n y la Reforma de Pensiones, que deber\u00e1 ser votada en general este mi\u00e9rcoles 25 de enero, en la Comisi\u00f3n de Trabajo de la C\u00e1mara de Diputados.<\/p>\n<p class=\"v1MsoNormal\" style=\"text-align: justify;\">Tras concluir el encuentro con la seremi de Gobierno, Juan Vargas, presidente Junta de Vecinos El Mirador, valoro la instancia e indic\u00f3 que: \u00abFue una buena conversaci\u00f3n con la Seremi, agradecemos comenzar el a\u00f1o con esta visita, porque las autoridades tienen que estar m\u00e1s cerca de la comunidad. Ojal\u00e1 y siempre estuvieran disponibles. Con respecto a lo que est\u00e1 proponiendo el Gobierno, el aumento del Aporte Familiar Permanente y otras medidas que explic\u00f3, ojal\u00e1 que se apruebe en ambas C\u00e1maras la propuesta del Presidente\u00bb.<\/p>\n<\/div>\n<div style=\"text-align: justify;\"><\/div>\n<\/div><\/section><\/div><div  style='height:50px' class='hr hr-invisible   avia-builder-el-6  el_after_av_one_full  el_before_av_social_share '><span class='hr-inner ' ><span class='hr-inner-style'><\/span><\/span><\/div><\/p>\n<div  class='av-social-sharing-box  avia-builder-el-7  el_after_av_hr  el_before_av_hr  '><div class='av-share-box'><h5 class='av-share-link-description av-no-toc '>Compartir esta noticia<\/h5><ul class='av-share-box-list noLightbox'><li class='av-share-link av-social-link-facebook' ><a target=\"_blank\" aria-label=\"Compartir en Facebook\" href='https:\/\/www.facebook.com\/sharer.php?u=https:\/\/radiorevelacionfm.cl\/?p=26952&#038;t=Seremi%20de%20Gobierno%20se%20reuni%C3%B3%20con%20dirigentes%20sociales%20de%20la%20Junta%20de%20Vecinos%20El%20Mirador' aria-hidden='false' data-av_icon='\ue8f3' data-av_iconfont='entypo-fontello' title='' data-avia-related-tooltip='Compartir en Facebook' rel=\"noopener\"><span class='avia_hidden_link_text'>Compartir en Facebook<\/span><\/a><\/li><li class='av-share-link av-social-link-twitter' ><a target=\"_blank\" aria-label=\"Compartir en Twitter\" href='https:\/\/twitter.com\/share?text=Seremi%20de%20Gobierno%20se%20reuni%C3%B3%20con%20dirigentes%20sociales%20de%20la%20Junta%20de%20Vecinos%20El%20Mirador&#038;url=https:\/\/radiorevelacionfm.cl\/?p=26952' aria-hidden='false' data-av_icon='\ue8f1' data-av_iconfont='entypo-fontello' title='' data-avia-related-tooltip='Compartir en Twitter' rel=\"noopener\"><span class='avia_hidden_link_text'>Compartir en Twitter<\/span><\/a><\/li><li class='av-share-link av-social-link-whatsapp' ><a target=\"_blank\" aria-label=\"Compartir en Whatsapp\" href='https:\/\/api.whatsapp.com\/send?text=https:\/\/radiorevelacionfm.cl\/?p=26952' aria-hidden='false' data-av_icon='\uf232' data-av_iconfont='entypo-fontello' title='' data-avia-related-tooltip='Compartir en Whatsapp' rel=\"noopener\"><span class='avia_hidden_link_text'>Compartir en Whatsapp<\/span><\/a><\/li><li class='av-share-link av-social-link-linkedin' ><a target=\"_blank\" aria-label=\"Compartir en LinkedIn\" href='https:\/\/linkedin.com\/shareArticle?mini=true&#038;title=Seremi%20de%20Gobierno%20se%20reuni%C3%B3%20con%20dirigentes%20sociales%20de%20la%20Junta%20de%20Vecinos%20El%20Mirador&#038;url=https:\/\/radiorevelacionfm.cl\/?p=26952' aria-hidden='false' data-av_icon='\ue8fc' data-av_iconfont='entypo-fontello' title='' data-avia-related-tooltip='Compartir en LinkedIn' rel=\"noopener\"><span class='avia_hidden_link_text'>Compartir en LinkedIn<\/span><\/a><\/li><li class='av-share-link av-social-link-mail' ><a  aria-label=\"Compartir por correo\" href='mailto:?subject=Seremi%20de%20Gobierno%20se%20reuni%C3%B3%20con%20dirigentes%20sociales%20de%20la%20Junta%20de%20Vecinos%20El%20Mirador&#038;body=https:\/\/radiorevelacionfm.cl\/?p=26952' aria-hidden='false' data-av_icon='\ue805' data-av_iconfont='entypo-fontello' title='' data-avia-related-tooltip='Compartir por correo'><span class='avia_hidden_link_text'>Compartir por correo<\/span><\/a><\/li><\/ul><\/div><\/div>\n<div  style='height:50px' class='hr hr-invisible   avia-builder-el-8  el_after_av_social_share  el_before_av_comments_list '><span class='hr-inner ' ><span class='hr-inner-style'><\/span><\/span><\/div>\n<div  class='av-buildercomment  av-blog-meta-html-info-disabled av-blog-meta-tag-disabled  '><\/div>\n","protected":false},"excerpt":{"rendered":"","protected":false},"author":1,"featured_media":26953,"comment_status":"open","ping_status":"open","sticky":false,"template":"","format":"standard","meta":{"footnotes":""},"categories":[38],"tags":[],"class_list":["post-26952","post","type-post","status-publish","format-standard","has-post-thumbnail","hentry","category-regional"],"jetpack_featured_media_url":"https:\/\/radiorevelacionfm.cl\/wp-content\/uploads\/2023\/01\/foto-2-21-1-1.jpg","_links":{"self":[{"href":"https:\/\/radiorevelacionfm.cl\/index.php?rest_route=\/wp\/v2\/posts\/26952","targetHints":{"allow":["GET"]}}],"collection":[{"href":"https:\/\/radiorevelacionfm.cl\/index.php?rest_route=\/wp\/v2\/posts"}],"about":[{"href":"https:\/\/radiorevelacionfm.cl\/index.php?rest_route=\/wp\/v2\/types\/post"}],"author":[{"embeddable":true,"href":"https:\/\/radiorevelacionfm.cl\/index.php?rest_route=\/wp\/v2\/users\/1"}],"replies":[{"embeddable":true,"href":"https:\/\/radiorevelacionfm.cl\/index.php?rest_route=%2Fwp%2Fv2%2Fcomments&post=26952"}],"version-history":[{"count":2,"href":"https:\/\/radiorevelacionfm.cl\/index.php?rest_route=\/wp\/v2\/posts\/26952\/revisions"}],"predecessor-version":[{"id":26969,"href":"https:\/\/radiorevelacionfm.cl\/index.php?rest_route=\/wp\/v2\/posts\/26952\/revisions\/26969"}],"wp:featuredmedia":[{"embeddable":true,"href":"https:\/\/radiorevelacionfm.cl\/index.php?rest_route=\/wp\/v2\/media\/26953"}],"wp:attachment":[{"href":"https:\/\/radiorevelacionfm.cl\/index.php?rest_route=%2Fwp%2Fv2%2Fmedia&parent=26952"}],"wp:term":[{"taxonomy":"category","embeddable":true,"href":"https:\/\/radiorevelacionfm.cl\/index.php?rest_route=%2Fwp%2Fv2%2Fcategories&post=26952"},{"taxonomy":"post_tag","embeddable":true,"href":"https:\/\/radiorevelacionfm.cl\/index.php?rest_route=%2Fwp%2Fv2%2Ftags&post=26952"}],"curies":[{"name":"wp","href":"https:\/\/api.w.org\/{rel}","templated":true}]}}