{"id":26949,"date":"2023-01-23T18:42:57","date_gmt":"2023-01-23T21:42:57","guid":{"rendered":"https:\/\/radiorevelacionfm.cl\/?p=26949"},"modified":"2023-01-23T18:42:57","modified_gmt":"2023-01-23T21:42:57","slug":"diputada-raphael-se-sumo-a-solicitud-de-adelantar-devolucion-de-impuestos-para-marzo-y-beneficiar-a-dos-millones-de-chilenos","status":"publish","type":"post","link":"https:\/\/radiorevelacionfm.cl\/?p=26949","title":{"rendered":"Diputada Raphael se sum\u00f3 a solicitud de adelantar devoluci\u00f3n de impuestos para Marzo y beneficiar a dos millones de chilenos"},"content":{"rendered":"<div class=\"flex_column av_one_full  flex_column_div av-zero-column-padding first  avia-builder-el-0  el_before_av_one_full  avia-builder-el-first  \" style='border-radius:0px; '><div  class='avia-image-container  av-styling-    avia-builder-el-1  avia-builder-el-no-sibling  avia-align-center '  itemprop=\"image\" itemscope=\"itemscope\" itemtype=\"https:\/\/schema.org\/ImageObject\"  ><div class='avia-image-container-inner'><div class='avia-image-overlay-wrap'><img decoding=\"async\" class='wp-image-26950 avia-img-lazy-loading-not-26950 avia_image' src=\"https:\/\/radiorevelacionfm.cl\/wp-content\/uploads\/2023\/01\/mr_01-2-1-1.jpeg\" alt='' title='mr_01 (2) (1) (1)' height=\"600\" width=\"901\"  itemprop=\"thumbnailUrl\" srcset=\"https:\/\/radiorevelacionfm.cl\/wp-content\/uploads\/2023\/01\/mr_01-2-1-1.jpeg 901w, https:\/\/radiorevelacionfm.cl\/wp-content\/uploads\/2023\/01\/mr_01-2-1-1-300x200.jpeg 300w, https:\/\/radiorevelacionfm.cl\/wp-content\/uploads\/2023\/01\/mr_01-2-1-1-768x511.jpeg 768w, https:\/\/radiorevelacionfm.cl\/wp-content\/uploads\/2023\/01\/mr_01-2-1-1-705x469.jpeg 705w, https:\/\/radiorevelacionfm.cl\/wp-content\/uploads\/2023\/01\/mr_01-2-1-1-600x400.jpeg 600w\" sizes=\"(max-width: 901px) 100vw, 901px\" \/><\/div><\/div><\/div><\/div><div class=\"flex_column av_one_full  flex_column_div av-zero-column-padding first  avia-builder-el-2  el_after_av_one_full  el_before_av_one_full  column-top-margin\" style='border-radius:0px; '><section class=\"av_textblock_section \"  itemscope=\"itemscope\" itemtype=\"https:\/\/schema.org\/BlogPosting\" itemprop=\"blogPost\" ><div class='avia_textblock  '   itemprop=\"text\" ><p style=\"text-align: center;\"><strong><span style=\"font-size: 18pt;\">Diputada Raphael se sum\u00f3 a solicitud de adelantar devoluci\u00f3n de impuestos para Marzo y beneficiar a dos millones de chilenos<\/span><\/strong><\/p>\n<div id=\"gtx-trans\" style=\"position: absolute; left: -50px; top: 4.31534px;\">\n<div class=\"gtx-trans-icon\"><\/div>\n<\/div>\n<\/div><\/section><\/div><div class=\"flex_column av_one_full  flex_column_div av-zero-column-padding first  avia-builder-el-4  el_after_av_one_full  el_before_av_hr  column-top-margin\" style='border-radius:0px; '><section class=\"av_textblock_section \"  itemscope=\"itemscope\" itemtype=\"https:\/\/schema.org\/BlogPosting\" itemprop=\"blogPost\" ><div class='avia_textblock  '   itemprop=\"text\" ><p style=\"text-align: justify;\">La legisladora por la Regi\u00f3n de Ays\u00e9n, dio su apoyo para buscar repetir la devoluci\u00f3n anticipada de impuestos ocurrida el a\u00f1o 2021, oportunidad en que 1,9 millones de contribuyentes recibieron su restituci\u00f3n anticipadamente. La solicitud se enmarca en una serie de propuestas de beneficios tributarios en favor de la clase media que la representante del Distrito 27 est\u00e1 impulsando junto a sus pares de bancada.<\/p>\n<p style=\"text-align: justify;\">La diputada,\u00a0 junto a su bancada parlamentaria, envi\u00f3 un oficio al ministro de Hacienda Mario Marcel, solicitando impulsar una ley que permita al Servicio de Impuestos Internos (SII) adelantar la devoluci\u00f3n de impuestos en el marco de la Operaci\u00f3n Renta 2023.<\/p>\n<p style=\"text-align: justify;\">En concreto, el escrito solicita al secretario de Estado \u201ciniciar el tr\u00e1mite de una iniciativa de ley que otorgue al Servicio de Impuestos Internos,\u00a0 la atribuci\u00f3n de adelantar la restituci\u00f3n de pagos provisionales mensuales hechos por concepto de Impuesto a la Renta en favor de los contribuyentes que quedar\u00edan exentos de dicho tributo para la pr\u00f3xima \u2018Operaci\u00f3n Renta 2023\u2019\u201d.<\/p>\n<p style=\"text-align: justify;\">Marcia Raphael destac\u00f3 que esta iniciativa tiene dentro de sus objetivos \u201chacer frente a los gastos extraordinarios del mes de marzo, como permisos de circulaci\u00f3n o gastos educativos, por lo que ser\u00eda apropiado considerar un calendario de devoluci\u00f3n especial para aquellas declaraciones que pudieran ser realizadas durante el mes de febrero\u201d.<\/p>\n<p style=\"text-align: justify;\">Cabe destacar que la solicitud se enmarca en una serie de propuestas de beneficios tributarios en favor de la clase media que est\u00e1n impulsando los parlamentarios desde hace alg\u00fan tiempo, con la finalidad de ayudar a las familias a enfrentar la compleja situaci\u00f3n econ\u00f3mica por la que atraviesa el pa\u00eds.<\/p>\n<p style=\"text-align: justify;\">Entre las medidas propuestas por Raphael, se encuentra perfeccionar acciones de beneficio tributario para arriendo de viviendas, incluyendo a quienes pagan dividendo hipotecario, aumentar el beneficio tributario en favor de personas que cuidan ni\u00f1os menores de dos a\u00f1os y personas en situaci\u00f3n de dependencia no severa, restituci\u00f3n de IVA a personas de segmentos socioecon\u00f3micos medios y vulnerables que deben adquirir medicamentos no cubiertos por garant\u00edas GES, entre otras iniciativas.<\/p>\n<\/div><\/section><\/div><div  style='height:50px' class='hr hr-invisible   avia-builder-el-6  el_after_av_one_full  el_before_av_social_share '><span class='hr-inner ' ><span class='hr-inner-style'><\/span><\/span><\/div><\/p>\n<div  class='av-social-sharing-box  avia-builder-el-7  el_after_av_hr  el_before_av_hr  '><div class='av-share-box'><h5 class='av-share-link-description av-no-toc '>Compartir esta noticia<\/h5><ul class='av-share-box-list noLightbox'><li class='av-share-link av-social-link-facebook' ><a target=\"_blank\" aria-label=\"Compartir en Facebook\" href='https:\/\/www.facebook.com\/sharer.php?u=https:\/\/radiorevelacionfm.cl\/?p=26949&#038;t=Diputada%20Raphael%20se%20sum%C3%B3%20a%20solicitud%20de%20adelantar%20devoluci%C3%B3n%20de%20impuestos%20para%20Marzo%20y%20beneficiar%20a%20dos%20millones%20de%20chilenos' aria-hidden='false' data-av_icon='\ue8f3' data-av_iconfont='entypo-fontello' title='' data-avia-related-tooltip='Compartir en Facebook' rel=\"noopener\"><span class='avia_hidden_link_text'>Compartir en Facebook<\/span><\/a><\/li><li class='av-share-link av-social-link-twitter' ><a target=\"_blank\" aria-label=\"Compartir en Twitter\" href='https:\/\/twitter.com\/share?text=Diputada%20Raphael%20se%20sum%C3%B3%20a%20solicitud%20de%20adelantar%20devoluci%C3%B3n%20de%20impuestos%20para%20Marzo%20y%20beneficiar%20a%20dos%20millones%20de%20chilenos&#038;url=https:\/\/radiorevelacionfm.cl\/?p=26949' aria-hidden='false' data-av_icon='\ue8f1' data-av_iconfont='entypo-fontello' title='' data-avia-related-tooltip='Compartir en Twitter' rel=\"noopener\"><span class='avia_hidden_link_text'>Compartir en Twitter<\/span><\/a><\/li><li class='av-share-link av-social-link-whatsapp' ><a target=\"_blank\" aria-label=\"Compartir en Whatsapp\" href='https:\/\/api.whatsapp.com\/send?text=https:\/\/radiorevelacionfm.cl\/?p=26949' aria-hidden='false' data-av_icon='\uf232' data-av_iconfont='entypo-fontello' title='' data-avia-related-tooltip='Compartir en Whatsapp' rel=\"noopener\"><span class='avia_hidden_link_text'>Compartir en Whatsapp<\/span><\/a><\/li><li class='av-share-link av-social-link-linkedin' ><a target=\"_blank\" aria-label=\"Compartir en LinkedIn\" href='https:\/\/linkedin.com\/shareArticle?mini=true&#038;title=Diputada%20Raphael%20se%20sum%C3%B3%20a%20solicitud%20de%20adelantar%20devoluci%C3%B3n%20de%20impuestos%20para%20Marzo%20y%20beneficiar%20a%20dos%20millones%20de%20chilenos&#038;url=https:\/\/radiorevelacionfm.cl\/?p=26949' aria-hidden='false' data-av_icon='\ue8fc' data-av_iconfont='entypo-fontello' title='' data-avia-related-tooltip='Compartir en LinkedIn' rel=\"noopener\"><span class='avia_hidden_link_text'>Compartir en LinkedIn<\/span><\/a><\/li><li class='av-share-link av-social-link-mail' ><a  aria-label=\"Compartir por correo\" href='mailto:?subject=Diputada%20Raphael%20se%20sum%C3%B3%20a%20solicitud%20de%20adelantar%20devoluci%C3%B3n%20de%20impuestos%20para%20Marzo%20y%20beneficiar%20a%20dos%20millones%20de%20chilenos&#038;body=https:\/\/radiorevelacionfm.cl\/?p=26949' aria-hidden='false' data-av_icon='\ue805' data-av_iconfont='entypo-fontello' title='' data-avia-related-tooltip='Compartir por correo'><span class='avia_hidden_link_text'>Compartir por correo<\/span><\/a><\/li><\/ul><\/div><\/div>\n<div  style='height:50px' class='hr hr-invisible   avia-builder-el-8  el_after_av_social_share  el_before_av_comments_list '><span class='hr-inner ' ><span class='hr-inner-style'><\/span><\/span><\/div>\n<div  class='av-buildercomment  av-blog-meta-html-info-disabled av-blog-meta-tag-disabled  '><\/div>\n","protected":false},"excerpt":{"rendered":"","protected":false},"author":1,"featured_media":26950,"comment_status":"open","ping_status":"open","sticky":false,"template":"","format":"standard","meta":{"footnotes":""},"categories":[35],"tags":[],"class_list":["post-26949","post","type-post","status-publish","format-standard","has-post-thumbnail","hentry","category-politica"],"jetpack_featured_media_url":"https:\/\/radiorevelacionfm.cl\/wp-content\/uploads\/2023\/01\/mr_01-2-1-1.jpeg","_links":{"self":[{"href":"https:\/\/radiorevelacionfm.cl\/index.php?rest_route=\/wp\/v2\/posts\/26949","targetHints":{"allow":["GET"]}}],"collection":[{"href":"https:\/\/radiorevelacionfm.cl\/index.php?rest_route=\/wp\/v2\/posts"}],"about":[{"href":"https:\/\/radiorevelacionfm.cl\/index.php?rest_route=\/wp\/v2\/types\/post"}],"author":[{"embeddable":true,"href":"https:\/\/radiorevelacionfm.cl\/index.php?rest_route=\/wp\/v2\/users\/1"}],"replies":[{"embeddable":true,"href":"https:\/\/radiorevelacionfm.cl\/index.php?rest_route=%2Fwp%2Fv2%2Fcomments&post=26949"}],"version-history":[{"count":2,"href":"https:\/\/radiorevelacionfm.cl\/index.php?rest_route=\/wp\/v2\/posts\/26949\/revisions"}],"predecessor-version":[{"id":26958,"href":"https:\/\/radiorevelacionfm.cl\/index.php?rest_route=\/wp\/v2\/posts\/26949\/revisions\/26958"}],"wp:featuredmedia":[{"embeddable":true,"href":"https:\/\/radiorevelacionfm.cl\/index.php?rest_route=\/wp\/v2\/media\/26950"}],"wp:attachment":[{"href":"https:\/\/radiorevelacionfm.cl\/index.php?rest_route=%2Fwp%2Fv2%2Fmedia&parent=26949"}],"wp:term":[{"taxonomy":"category","embeddable":true,"href":"https:\/\/radiorevelacionfm.cl\/index.php?rest_route=%2Fwp%2Fv2%2Fcategories&post=26949"},{"taxonomy":"post_tag","embeddable":true,"href":"https:\/\/radiorevelacionfm.cl\/index.php?rest_route=%2Fwp%2Fv2%2Ftags&post=26949"}],"curies":[{"name":"wp","href":"https:\/\/api.w.org\/{rel}","templated":true}]}}