{"id":26941,"date":"2023-01-23T17:57:38","date_gmt":"2023-01-23T20:57:38","guid":{"rendered":"https:\/\/radiorevelacionfm.cl\/?p=26941"},"modified":"2023-01-23T17:57:38","modified_gmt":"2023-01-23T20:57:38","slug":"28-especialistas-y-3-subespecialistas-llegan-a-reforzar-el-staff-del-hospital-regional-coyhaique-este-2023","status":"publish","type":"post","link":"https:\/\/radiorevelacionfm.cl\/?p=26941","title":{"rendered":"28 Especialistas y 3 subespecialistas llegan a reforzar el staff del Hospital Regional Coyhaique este 2023"},"content":{"rendered":"<div class=\"flex_column av_one_full  flex_column_div av-zero-column-padding first  avia-builder-el-0  el_before_av_one_full  avia-builder-el-first  \" style='border-radius:0px; '><div  class='avia-image-container  av-styling-    avia-builder-el-1  avia-builder-el-no-sibling  avia-align-center '  itemprop=\"image\" itemscope=\"itemscope\" itemtype=\"https:\/\/schema.org\/ImageObject\"  ><div class='avia-image-container-inner'><div class='avia-image-overlay-wrap'><img decoding=\"async\" class='wp-image-26942 avia-img-lazy-loading-not-26942 avia_image' src=\"https:\/\/radiorevelacionfm.cl\/wp-content\/uploads\/2023\/01\/llegada-especialistas-2023-1-1_optimized.jpg\" alt='' title='llegada-especialistas-2023-(1)-(1)_optimized' height=\"600\" width=\"811\"  itemprop=\"thumbnailUrl\" srcset=\"https:\/\/radiorevelacionfm.cl\/wp-content\/uploads\/2023\/01\/llegada-especialistas-2023-1-1_optimized.jpg 811w, https:\/\/radiorevelacionfm.cl\/wp-content\/uploads\/2023\/01\/llegada-especialistas-2023-1-1_optimized-300x222.jpg 300w, https:\/\/radiorevelacionfm.cl\/wp-content\/uploads\/2023\/01\/llegada-especialistas-2023-1-1_optimized-768x568.jpg 768w, https:\/\/radiorevelacionfm.cl\/wp-content\/uploads\/2023\/01\/llegada-especialistas-2023-1-1_optimized-705x522.jpg 705w, https:\/\/radiorevelacionfm.cl\/wp-content\/uploads\/2023\/01\/llegada-especialistas-2023-1-1_optimized-600x444.jpg 600w\" sizes=\"(max-width: 811px) 100vw, 811px\" \/><\/div><\/div><\/div><\/div><div class=\"flex_column av_one_full  flex_column_div av-zero-column-padding first  avia-builder-el-2  el_after_av_one_full  el_before_av_one_full  column-top-margin\" style='border-radius:0px; '><section class=\"av_textblock_section \"  itemscope=\"itemscope\" itemtype=\"https:\/\/schema.org\/BlogPosting\" itemprop=\"blogPost\" ><div class='avia_textblock  '   itemprop=\"text\" ><p style=\"text-align: center;\"><span style=\"font-size: 18pt;\"><strong>28 Especialistas y 3 subespecialistas llegan a reforzar el staff del Hospital Regional Coyhaique este 2023<\/strong><\/span><\/p>\n<div id=\"gtx-trans\" style=\"position: absolute; left: -50px; top: 4.31534px;\">\n<div class=\"gtx-trans-icon\"><\/div>\n<\/div>\n<\/div><\/section><\/div><div class=\"flex_column av_one_full  flex_column_div av-zero-column-padding first  avia-builder-el-4  el_after_av_one_full  el_before_av_hr  column-top-margin\" style='border-radius:0px; '><section class=\"av_textblock_section \"  itemscope=\"itemscope\" itemtype=\"https:\/\/schema.org\/BlogPosting\" itemprop=\"blogPost\" ><div class='avia_textblock  '   itemprop=\"text\" ><p style=\"text-align: justify;\">Un importante contingente de m\u00e9dicos especialistas arribar\u00e1 al Hospital Regional Coyhaique entre los meses de abril y junio de 2023, mediante el Per\u00edodo Asistencial Obligatorio (PAO), programa ministerial que consiste en la devoluci\u00f3n de la beca de especialidad trabajando en hospitales o consultorios el doble del tiempo que dura su especializaci\u00f3n, en el mismo servicio de salud que entreg\u00f3 la beca o en otro recinto p\u00fablico del pa\u00eds, previa autorizaci\u00f3n de \u00e9ste.<\/p>\n<p style=\"text-align: justify;\">En esta ocasi\u00f3n, llegar\u00e1n 28 especialistas, quienes reforzar\u00e1n el staff m\u00e9dico del establecimiento. Anatom\u00eda patol\u00f3gica, anestesiolog\u00eda, cirug\u00eda general, cirug\u00eda pedi\u00e1trica, medicina de urgencia, medicina interna, neurocirug\u00eda, neurolog\u00eda adultos, neurolog\u00eda pedi\u00e1trica, obstetricia y ginecolog\u00eda, oftalmolog\u00eda, pediatr\u00eda y traumatolog\u00eda ser\u00e1n las 13 especialidades que ser\u00e1n reforzadas en el \u00fanico hospital de alta complejidad de la regi\u00f3n de Ays\u00e9n.<\/p>\n<p style=\"text-align: justify;\">\u201cEste personal de alta calificaci\u00f3n nos va a ayudar mucho a resolver nuestra lista de espera, y por otro lado, nos har\u00e1 buscar m\u00e9todos alternativos e ingeniosos para poder aumentar la oferta. Dentro de ello, ampliaremos nuestras atenciones mediante una extensi\u00f3n horaria, la que estaremos comunicando cuando est\u00e9 debidamente organizado\u201d, indic\u00f3 el director del Hospital Regional Coyhaique, Jaime L\u00f3pez.<\/p>\n<p style=\"text-align: justify;\">El director del \u00fanico hospital de alta complejidad de la regi\u00f3n de Ays\u00e9n destac\u00f3 que junto con las 13 especialidades m\u00e9dicas que ser\u00e1n reforzadas, tambi\u00e9n llegar\u00e1n tres subespecialistas, incluyendo una nueva subespecialidad: cirug\u00eda vascular.<\/p>\n<p style=\"text-align: justify;\">\u201cLlega un cirujano vascular, una cirujana especializada en cirug\u00eda oncol\u00f3gica de mama y un nuevo gastroenter\u00f3logo. En general y en lo que respecta a los especialistas, las mayores ofertas estar\u00e1n dadas en cirug\u00eda general y en pediatr\u00eda, lo que nos permitir\u00e1 reforzar nuestros servicios de urgencia y tambi\u00e9n apoyar trabajos que haremos con la comunidad, probablemente rondas. Son todas estrategias que iremos implementando durante el 2023\u201d, precis\u00f3 Jaime L\u00f3pez.<\/p>\n<p style=\"text-align: justify;\">En efecto y en el marco de las nuevas estrategias que busca el Hospital Regional Coyhaique, la seremi de Salud, Carmen Monsalve, destac\u00f3 que \u201cen nuestra regi\u00f3n, esta es la mayor llegada de especialistas de la d\u00e9cada. Eso tambi\u00e9n supone desaf\u00edos para nuestra propia red asistencial. De qu\u00e9 manera damos un buen uso de los recursos para acercar, efectivamente, a la prestaci\u00f3n. Se est\u00e1n gestionando extensiones horarias, lo que acomoda a nuestra comunidad que, cuando trabaja, no puede acceder a sus horas de especialidad durante la jornada laboral. Como Gobierno, estamos mirando siempre el objetivo com\u00fan: lograr tiempos dignos de atenci\u00f3n para todos nuestros usuarios y usuarias en el territorio\u00bb.<\/p>\n<p style=\"text-align: justify;\"><strong>EXTENSI\u00d3N HORARIA<\/strong><\/p>\n<p style=\"text-align: justify;\">Debido a la falta de espacio f\u00edsico dentro del recinto hospitalario, en el caso de los especialistas que realizar\u00e1n atenciones en el policl\u00ednico de especialidades del HRC, se implementar\u00e1 un sistema de extensi\u00f3n horaria, que permita ampliar el n\u00famero de pacientes atendidos y as\u00ed avanzar en la lista de espera de atenci\u00f3n de especialistas.<\/p>\n<p style=\"text-align: justify;\">\u201cTenemos el agrado de informar que a partir de abril los especialistas har\u00e1n sus atenciones en extensi\u00f3n horaria, es decir, entre las 17.00 y 20.00 horas. Este es un hito para nuestro establecimiento, ya que no hemos contado nunca con ese servicio. Esto va a hacer que la poblaci\u00f3n que no tiene acceso a la atenci\u00f3n, ya sea por trabajo u otras actividades, va a tener m\u00e1s y mejor acceso. En el fondo, vamos a tener opciones desde las 08.00 de la ma\u00f1ana a las 20.00 horas\u201d, explica la Dra. Julia Palma, jefa del Policl\u00ednico del HRC.<\/p>\n<\/div><\/section><\/div><div  style='height:50px' class='hr hr-invisible   avia-builder-el-6  el_after_av_one_full  el_before_av_social_share '><span class='hr-inner ' ><span class='hr-inner-style'><\/span><\/span><\/div><\/p>\n<div  class='av-social-sharing-box  avia-builder-el-7  el_after_av_hr  el_before_av_hr  '><div class='av-share-box'><h5 class='av-share-link-description av-no-toc '>Compartir esta noticia<\/h5><ul class='av-share-box-list noLightbox'><li class='av-share-link av-social-link-facebook' ><a target=\"_blank\" aria-label=\"Compartir en Facebook\" href='https:\/\/www.facebook.com\/sharer.php?u=https:\/\/radiorevelacionfm.cl\/?p=26941&#038;t=28%20Especialistas%20y%203%20subespecialistas%20llegan%20a%20reforzar%20el%20staff%20del%20Hospital%20Regional%20Coyhaique%20este%202023' aria-hidden='false' data-av_icon='\ue8f3' data-av_iconfont='entypo-fontello' title='' data-avia-related-tooltip='Compartir en Facebook' rel=\"noopener\"><span class='avia_hidden_link_text'>Compartir en Facebook<\/span><\/a><\/li><li class='av-share-link av-social-link-twitter' ><a target=\"_blank\" aria-label=\"Compartir en Twitter\" href='https:\/\/twitter.com\/share?text=28%20Especialistas%20y%203%20subespecialistas%20llegan%20a%20reforzar%20el%20staff%20del%20Hospital%20Regional%20Coyhaique%20este%202023&#038;url=https:\/\/radiorevelacionfm.cl\/?p=26941' aria-hidden='false' data-av_icon='\ue8f1' data-av_iconfont='entypo-fontello' title='' data-avia-related-tooltip='Compartir en Twitter' rel=\"noopener\"><span class='avia_hidden_link_text'>Compartir en Twitter<\/span><\/a><\/li><li class='av-share-link av-social-link-whatsapp' ><a target=\"_blank\" aria-label=\"Compartir en Whatsapp\" href='https:\/\/api.whatsapp.com\/send?text=https:\/\/radiorevelacionfm.cl\/?p=26941' aria-hidden='false' data-av_icon='\uf232' data-av_iconfont='entypo-fontello' title='' data-avia-related-tooltip='Compartir en Whatsapp' rel=\"noopener\"><span class='avia_hidden_link_text'>Compartir en Whatsapp<\/span><\/a><\/li><li class='av-share-link av-social-link-linkedin' ><a target=\"_blank\" aria-label=\"Compartir en LinkedIn\" href='https:\/\/linkedin.com\/shareArticle?mini=true&#038;title=28%20Especialistas%20y%203%20subespecialistas%20llegan%20a%20reforzar%20el%20staff%20del%20Hospital%20Regional%20Coyhaique%20este%202023&#038;url=https:\/\/radiorevelacionfm.cl\/?p=26941' aria-hidden='false' data-av_icon='\ue8fc' data-av_iconfont='entypo-fontello' title='' data-avia-related-tooltip='Compartir en LinkedIn' rel=\"noopener\"><span class='avia_hidden_link_text'>Compartir en LinkedIn<\/span><\/a><\/li><li class='av-share-link av-social-link-mail' ><a  aria-label=\"Compartir por correo\" href='mailto:?subject=28%20Especialistas%20y%203%20subespecialistas%20llegan%20a%20reforzar%20el%20staff%20del%20Hospital%20Regional%20Coyhaique%20este%202023&#038;body=https:\/\/radiorevelacionfm.cl\/?p=26941' aria-hidden='false' data-av_icon='\ue805' data-av_iconfont='entypo-fontello' title='' data-avia-related-tooltip='Compartir por correo'><span class='avia_hidden_link_text'>Compartir por correo<\/span><\/a><\/li><\/ul><\/div><\/div>\n<div  style='height:50px' class='hr hr-invisible   avia-builder-el-8  el_after_av_social_share  el_before_av_comments_list '><span class='hr-inner ' ><span class='hr-inner-style'><\/span><\/span><\/div>\n<div  class='av-buildercomment  av-blog-meta-html-info-disabled av-blog-meta-tag-disabled  '><\/div>\n","protected":false},"excerpt":{"rendered":"","protected":false},"author":1,"featured_media":26942,"comment_status":"open","ping_status":"open","sticky":false,"template":"","format":"standard","meta":{"footnotes":""},"categories":[46],"tags":[],"class_list":["post-26941","post","type-post","status-publish","format-standard","has-post-thumbnail","hentry","category-salud"],"jetpack_featured_media_url":"https:\/\/radiorevelacionfm.cl\/wp-content\/uploads\/2023\/01\/llegada-especialistas-2023-1-1_optimized.jpg","_links":{"self":[{"href":"https:\/\/radiorevelacionfm.cl\/index.php?rest_route=\/wp\/v2\/posts\/26941","targetHints":{"allow":["GET"]}}],"collection":[{"href":"https:\/\/radiorevelacionfm.cl\/index.php?rest_route=\/wp\/v2\/posts"}],"about":[{"href":"https:\/\/radiorevelacionfm.cl\/index.php?rest_route=\/wp\/v2\/types\/post"}],"author":[{"embeddable":true,"href":"https:\/\/radiorevelacionfm.cl\/index.php?rest_route=\/wp\/v2\/users\/1"}],"replies":[{"embeddable":true,"href":"https:\/\/radiorevelacionfm.cl\/index.php?rest_route=%2Fwp%2Fv2%2Fcomments&post=26941"}],"version-history":[{"count":2,"href":"https:\/\/radiorevelacionfm.cl\/index.php?rest_route=\/wp\/v2\/posts\/26941\/revisions"}],"predecessor-version":[{"id":26944,"href":"https:\/\/radiorevelacionfm.cl\/index.php?rest_route=\/wp\/v2\/posts\/26941\/revisions\/26944"}],"wp:featuredmedia":[{"embeddable":true,"href":"https:\/\/radiorevelacionfm.cl\/index.php?rest_route=\/wp\/v2\/media\/26942"}],"wp:attachment":[{"href":"https:\/\/radiorevelacionfm.cl\/index.php?rest_route=%2Fwp%2Fv2%2Fmedia&parent=26941"}],"wp:term":[{"taxonomy":"category","embeddable":true,"href":"https:\/\/radiorevelacionfm.cl\/index.php?rest_route=%2Fwp%2Fv2%2Fcategories&post=26941"},{"taxonomy":"post_tag","embeddable":true,"href":"https:\/\/radiorevelacionfm.cl\/index.php?rest_route=%2Fwp%2Fv2%2Ftags&post=26941"}],"curies":[{"name":"wp","href":"https:\/\/api.w.org\/{rel}","templated":true}]}}