{"id":26937,"date":"2023-01-23T15:15:35","date_gmt":"2023-01-23T18:15:35","guid":{"rendered":"https:\/\/radiorevelacionfm.cl\/?p=26937"},"modified":"2023-01-23T15:15:35","modified_gmt":"2023-01-23T18:15:35","slug":"calisto-valora-avances-y-pide-a-serviu-agilizar-la-compra-del-terreno-para-distintos-comites-de-vivienda-de-puerto-aysen","status":"publish","type":"post","link":"https:\/\/radiorevelacionfm.cl\/?p=26937","title":{"rendered":"Calisto valora avances y pide a Serviu agilizar la compra del terreno para distintos comit\u00e9s de vivienda de Puerto Ays\u00e9n"},"content":{"rendered":"<div class=\"flex_column av_one_full  flex_column_div av-zero-column-padding first  avia-builder-el-0  el_before_av_one_full  avia-builder-el-first  \" style='border-radius:0px; '><div  class='avia-image-container  av-styling-    avia-builder-el-1  avia-builder-el-no-sibling  avia-align-center '  itemprop=\"image\" itemscope=\"itemscope\" itemtype=\"https:\/\/schema.org\/ImageObject\"  ><div class='avia-image-container-inner'><div class='avia-image-overlay-wrap'><img decoding=\"async\" class='wp-image-26938 avia-img-lazy-loading-not-26938 avia_image' src=\"https:\/\/radiorevelacionfm.cl\/wp-content\/uploads\/2023\/01\/Calisto_Comites-Aysen-1-1.jpg\" alt='' title='Calisto_Comites Aysen (1) (1)' height=\"600\" width=\"1004\"  itemprop=\"thumbnailUrl\" srcset=\"https:\/\/radiorevelacionfm.cl\/wp-content\/uploads\/2023\/01\/Calisto_Comites-Aysen-1-1.jpg 1004w, https:\/\/radiorevelacionfm.cl\/wp-content\/uploads\/2023\/01\/Calisto_Comites-Aysen-1-1-300x179.jpg 300w, https:\/\/radiorevelacionfm.cl\/wp-content\/uploads\/2023\/01\/Calisto_Comites-Aysen-1-1-768x459.jpg 768w, https:\/\/radiorevelacionfm.cl\/wp-content\/uploads\/2023\/01\/Calisto_Comites-Aysen-1-1-705x421.jpg 705w, https:\/\/radiorevelacionfm.cl\/wp-content\/uploads\/2023\/01\/Calisto_Comites-Aysen-1-1-600x359.jpg 600w\" sizes=\"(max-width: 1004px) 100vw, 1004px\" \/><\/div><\/div><\/div><\/div><div class=\"flex_column av_one_full  flex_column_div av-zero-column-padding first  avia-builder-el-2  el_after_av_one_full  el_before_av_one_full  column-top-margin\" style='border-radius:0px; '><section class=\"av_textblock_section \"  itemscope=\"itemscope\" itemtype=\"https:\/\/schema.org\/BlogPosting\" itemprop=\"blogPost\" ><div class='avia_textblock  '   itemprop=\"text\" ><p style=\"text-align: center;\"><strong><span style=\"font-size: 18pt;\"><span lang=\"ES\">Calisto valora avances y pide a Serviu agilizar la compra del terreno para distintos comit\u00e9s de vivienda de Puerto Ays\u00e9n<\/span><\/span><\/strong><\/p>\n<div id=\"gtx-trans\" style=\"position: absolute; left: -50px; top: 4.31534px;\">\n<div class=\"gtx-trans-icon\"><\/div>\n<\/div>\n<\/div><\/section><\/div><div class=\"flex_column av_one_full  flex_column_div av-zero-column-padding first  avia-builder-el-4  el_after_av_one_full  el_before_av_hr  column-top-margin\" style='border-radius:0px; '><section class=\"av_textblock_section \"  itemscope=\"itemscope\" itemtype=\"https:\/\/schema.org\/BlogPosting\" itemprop=\"blogPost\" ><div class='avia_textblock  '   itemprop=\"text\" ><p style=\"font-weight: 400; text-align: justify;\">El legislador y los dirigentes de los comit\u00e9s Zenchutu Mawun, Tesoro Austral 1 y Techo Digno se reunieron con Serviu en Puerto Ays\u00e9n.<\/p>\n<p style=\"font-weight: 400; text-align: justify;\">Aunque valor\u00f3 el resultado favorable del estudio de mec\u00e1nica de suelo para los terrenos denominados Chacra Weber en Puerto Ays\u00e9n, el diputado Miguel \u00c1ngel Calisto inst\u00f3 al ejecutivo a agilizar las gestiones para poder iniciar el proceso de compra del pa\u00f1o donde se proyectan las viviendas de los comit\u00e9s Zenchutu Mawun, Tesoro Austral 1 y Techo Digno, adem\u00e1s de otros comit\u00e9s.<\/p>\n<p style=\"font-weight: 400; text-align: justify;\">Seg\u00fan el legislador, quien particip\u00f3 en Serviu en una reuni\u00f3n junto a los tres comit\u00e9s \u201clas familias est\u00e1n hace mucho tiempo luchando por los terrenos de la chacra Weber. Son 4,2 hect\u00e1reas que el Serviu ya ha confirmado que son para estos comit\u00e9s. Hoy tenemos una buena noticia, el resultado de la mec\u00e1nica de suelo ha sido favorable para poder construir, lo que nos permite proyectar de manera m\u00e1s certera la construcci\u00f3n de las casas para estas familias\u201d.<\/p>\n<p style=\"font-weight: 400; text-align: justify;\">\u201cHay algunos tr\u00e1mites pendientes para poder hacer llegar toda la carpeta y la documentaci\u00f3n al Ministerio a nivel nacional para la compra definitiva del terreno y as\u00ed la entidad patrocinante pueda presentar la postulaci\u00f3n de los proyectos\u201d, se\u00f1al\u00f3.<\/p>\n<p style=\"font-weight: 400; text-align: justify;\">Calisto afirm\u00f3 que \u201cquiero destacar el trabajo de las dirigentas, tambi\u00e9n la informaci\u00f3n que nos han dado por parte de Serviu. Esperamos que prontamente tengamos la noticia por parte del Gobierno para la compra de este terreno que es tan importante, no solamente para estos tres comit\u00e9s, sino para los otros que tienen sus proyectos proyectados en el otro lote de la chacra Weber\u201d.<\/p>\n<p style=\"font-weight: 400; text-align: justify;\">Por su parte, la dirigenta del comit\u00e9 Tesoro Austral 1, Luisa Argel, se\u00f1al\u00f3 que \u201cagradecemos la instancia de conversaci\u00f3n y di\u00e1logo que se dio hoy en d\u00eda con Serviu. Tambi\u00e9n agradecemos las gestiones de Miguel \u00c1ngel, que ha estado desde el d\u00eda uno acompa\u00f1\u00e1ndonos en este largo proceso de tener una vivienda digna para cada uno de nosotros\u201d.<\/p>\n<p style=\"font-weight: 400; text-align: justify;\">Finalmente la Presidenta del Comit\u00e9, Carolina Mardones, se\u00f1al\u00f3 que \u201cagradecemos la oportunidad de tener una respuesta certera y clara, y as\u00ed evitar demoras. Tenemos para este a\u00f1o certeza que tendremos el compromiso de compra y venta, lo que es un gran avance\u201d.<\/p>\n<\/div><\/section><\/div><div  style='height:50px' class='hr hr-invisible   avia-builder-el-6  el_after_av_one_full  el_before_av_social_share '><span class='hr-inner ' ><span class='hr-inner-style'><\/span><\/span><\/div><\/p>\n<div  class='av-social-sharing-box  avia-builder-el-7  el_after_av_hr  el_before_av_hr  '><div class='av-share-box'><h5 class='av-share-link-description av-no-toc '>Compartir esta noticia<\/h5><ul class='av-share-box-list noLightbox'><li class='av-share-link av-social-link-facebook' ><a target=\"_blank\" aria-label=\"Compartir en Facebook\" href='https:\/\/www.facebook.com\/sharer.php?u=https:\/\/radiorevelacionfm.cl\/?p=26937&#038;t=Calisto%20valora%20avances%20y%20pide%20a%20Serviu%20agilizar%20la%20compra%20del%20terreno%20para%20distintos%20comit%C3%A9s%20de%20vivienda%20de%20Puerto%20Ays%C3%A9n' aria-hidden='false' data-av_icon='\ue8f3' data-av_iconfont='entypo-fontello' title='' data-avia-related-tooltip='Compartir en Facebook' rel=\"noopener\"><span class='avia_hidden_link_text'>Compartir en Facebook<\/span><\/a><\/li><li class='av-share-link av-social-link-twitter' ><a target=\"_blank\" aria-label=\"Compartir en Twitter\" href='https:\/\/twitter.com\/share?text=Calisto%20valora%20avances%20y%20pide%20a%20Serviu%20agilizar%20la%20compra%20del%20terreno%20para%20distintos%20comit%C3%A9s%20de%20vivienda%20de%20Puerto%20Ays%C3%A9n&#038;url=https:\/\/radiorevelacionfm.cl\/?p=26937' aria-hidden='false' data-av_icon='\ue8f1' data-av_iconfont='entypo-fontello' title='' data-avia-related-tooltip='Compartir en Twitter' rel=\"noopener\"><span class='avia_hidden_link_text'>Compartir en Twitter<\/span><\/a><\/li><li class='av-share-link av-social-link-whatsapp' ><a target=\"_blank\" aria-label=\"Compartir en Whatsapp\" href='https:\/\/api.whatsapp.com\/send?text=https:\/\/radiorevelacionfm.cl\/?p=26937' aria-hidden='false' data-av_icon='\uf232' data-av_iconfont='entypo-fontello' title='' data-avia-related-tooltip='Compartir en Whatsapp' rel=\"noopener\"><span class='avia_hidden_link_text'>Compartir en Whatsapp<\/span><\/a><\/li><li class='av-share-link av-social-link-linkedin' ><a target=\"_blank\" aria-label=\"Compartir en LinkedIn\" href='https:\/\/linkedin.com\/shareArticle?mini=true&#038;title=Calisto%20valora%20avances%20y%20pide%20a%20Serviu%20agilizar%20la%20compra%20del%20terreno%20para%20distintos%20comit%C3%A9s%20de%20vivienda%20de%20Puerto%20Ays%C3%A9n&#038;url=https:\/\/radiorevelacionfm.cl\/?p=26937' aria-hidden='false' data-av_icon='\ue8fc' data-av_iconfont='entypo-fontello' title='' data-avia-related-tooltip='Compartir en LinkedIn' rel=\"noopener\"><span class='avia_hidden_link_text'>Compartir en LinkedIn<\/span><\/a><\/li><li class='av-share-link av-social-link-mail' ><a  aria-label=\"Compartir por correo\" href='mailto:?subject=Calisto%20valora%20avances%20y%20pide%20a%20Serviu%20agilizar%20la%20compra%20del%20terreno%20para%20distintos%20comit%C3%A9s%20de%20vivienda%20de%20Puerto%20Ays%C3%A9n&#038;body=https:\/\/radiorevelacionfm.cl\/?p=26937' aria-hidden='false' data-av_icon='\ue805' data-av_iconfont='entypo-fontello' title='' data-avia-related-tooltip='Compartir por correo'><span class='avia_hidden_link_text'>Compartir por correo<\/span><\/a><\/li><\/ul><\/div><\/div>\n<div  style='height:50px' class='hr hr-invisible   avia-builder-el-8  el_after_av_social_share  el_before_av_comments_list '><span class='hr-inner ' ><span class='hr-inner-style'><\/span><\/span><\/div>\n<div  class='av-buildercomment  av-blog-meta-html-info-disabled av-blog-meta-tag-disabled  '><\/div>\n","protected":false},"excerpt":{"rendered":"","protected":false},"author":1,"featured_media":26938,"comment_status":"open","ping_status":"open","sticky":false,"template":"","format":"standard","meta":{"footnotes":""},"categories":[35],"tags":[],"class_list":["post-26937","post","type-post","status-publish","format-standard","has-post-thumbnail","hentry","category-politica"],"jetpack_featured_media_url":"https:\/\/radiorevelacionfm.cl\/wp-content\/uploads\/2023\/01\/Calisto_Comites-Aysen-1-1.jpg","_links":{"self":[{"href":"https:\/\/radiorevelacionfm.cl\/index.php?rest_route=\/wp\/v2\/posts\/26937","targetHints":{"allow":["GET"]}}],"collection":[{"href":"https:\/\/radiorevelacionfm.cl\/index.php?rest_route=\/wp\/v2\/posts"}],"about":[{"href":"https:\/\/radiorevelacionfm.cl\/index.php?rest_route=\/wp\/v2\/types\/post"}],"author":[{"embeddable":true,"href":"https:\/\/radiorevelacionfm.cl\/index.php?rest_route=\/wp\/v2\/users\/1"}],"replies":[{"embeddable":true,"href":"https:\/\/radiorevelacionfm.cl\/index.php?rest_route=%2Fwp%2Fv2%2Fcomments&post=26937"}],"version-history":[{"count":2,"href":"https:\/\/radiorevelacionfm.cl\/index.php?rest_route=\/wp\/v2\/posts\/26937\/revisions"}],"predecessor-version":[{"id":26940,"href":"https:\/\/radiorevelacionfm.cl\/index.php?rest_route=\/wp\/v2\/posts\/26937\/revisions\/26940"}],"wp:featuredmedia":[{"embeddable":true,"href":"https:\/\/radiorevelacionfm.cl\/index.php?rest_route=\/wp\/v2\/media\/26938"}],"wp:attachment":[{"href":"https:\/\/radiorevelacionfm.cl\/index.php?rest_route=%2Fwp%2Fv2%2Fmedia&parent=26937"}],"wp:term":[{"taxonomy":"category","embeddable":true,"href":"https:\/\/radiorevelacionfm.cl\/index.php?rest_route=%2Fwp%2Fv2%2Fcategories&post=26937"},{"taxonomy":"post_tag","embeddable":true,"href":"https:\/\/radiorevelacionfm.cl\/index.php?rest_route=%2Fwp%2Fv2%2Ftags&post=26937"}],"curies":[{"name":"wp","href":"https:\/\/api.w.org\/{rel}","templated":true}]}}