{"id":26931,"date":"2023-01-22T20:38:24","date_gmt":"2023-01-22T23:38:24","guid":{"rendered":"https:\/\/radiorevelacionfm.cl\/?p=26931"},"modified":"2023-01-22T20:38:24","modified_gmt":"2023-01-22T23:38:24","slug":"comunidad-y-funcionarios-conocieron-nueva-posta-de-salud-rural-de-caleta-andrade","status":"publish","type":"post","link":"https:\/\/radiorevelacionfm.cl\/?p=26931","title":{"rendered":"Comunidad y funcionarios conocieron nueva Posta de Salud Rural de Caleta Andrade"},"content":{"rendered":"<div class=\"flex_column av_one_full  flex_column_div av-zero-column-padding first  avia-builder-el-0  el_before_av_one_full  avia-builder-el-first  \" style='border-radius:0px; '><div  class='avia-image-container  av-styling-    avia-builder-el-1  avia-builder-el-no-sibling  avia-align-center '  itemprop=\"image\" itemscope=\"itemscope\" itemtype=\"https:\/\/schema.org\/ImageObject\"  ><div class='avia-image-container-inner'><div class='avia-image-overlay-wrap'><img decoding=\"async\" class='wp-image-26932 avia-img-lazy-loading-not-26932 avia_image' src=\"https:\/\/radiorevelacionfm.cl\/wp-content\/uploads\/2023\/01\/WhatsApp-Image-2023-01-20-at-12.46.06-1-1.jpeg\" alt='' title='WhatsApp Image 2023-01-20 at 12.46.06 (1) (1)' height=\"600\" width=\"800\"  itemprop=\"thumbnailUrl\" srcset=\"https:\/\/radiorevelacionfm.cl\/wp-content\/uploads\/2023\/01\/WhatsApp-Image-2023-01-20-at-12.46.06-1-1.jpeg 800w, https:\/\/radiorevelacionfm.cl\/wp-content\/uploads\/2023\/01\/WhatsApp-Image-2023-01-20-at-12.46.06-1-1-300x225.jpeg 300w, https:\/\/radiorevelacionfm.cl\/wp-content\/uploads\/2023\/01\/WhatsApp-Image-2023-01-20-at-12.46.06-1-1-768x576.jpeg 768w, https:\/\/radiorevelacionfm.cl\/wp-content\/uploads\/2023\/01\/WhatsApp-Image-2023-01-20-at-12.46.06-1-1-705x529.jpeg 705w, https:\/\/radiorevelacionfm.cl\/wp-content\/uploads\/2023\/01\/WhatsApp-Image-2023-01-20-at-12.46.06-1-1-600x450.jpeg 600w\" sizes=\"(max-width: 800px) 100vw, 800px\" \/><\/div><\/div><\/div><\/div><div class=\"flex_column av_one_full  flex_column_div av-zero-column-padding first  avia-builder-el-2  el_after_av_one_full  el_before_av_one_full  column-top-margin\" style='border-radius:0px; '><section class=\"av_textblock_section \"  itemscope=\"itemscope\" itemtype=\"https:\/\/schema.org\/BlogPosting\" itemprop=\"blogPost\" ><div class='avia_textblock  '   itemprop=\"text\" ><p style=\"text-align: center;\"><strong><span style=\"font-size: 18pt;\">Comunidad y funcionarios conocieron nueva Posta de Salud Rural de Caleta Andrade<\/span><\/strong><\/p>\n<div id=\"gtx-trans\" style=\"position: absolute; left: -50px; top: 4.31534px;\">\n<div class=\"gtx-trans-icon\"><\/div>\n<\/div>\n<\/div><\/section><\/div><div class=\"flex_column av_one_full  flex_column_div av-zero-column-padding first  avia-builder-el-4  el_after_av_one_full  el_before_av_hr  column-top-margin\" style='border-radius:0px; '><section class=\"av_textblock_section \"  itemscope=\"itemscope\" itemtype=\"https:\/\/schema.org\/BlogPosting\" itemprop=\"blogPost\" ><div class='avia_textblock  '   itemprop=\"text\" ><p style=\"text-align: justify;\">La comunidad organizada, voluntariado y funcionarios de la nueva Posta de Salud Rural de Caleta Andrade, establecimiento que se encuentra pr\u00f3ximo a su inauguraci\u00f3n, conocieron lo que ser\u00e1 el nuevo centro de salud, un anhelado proyecto de los habitantes de la localidad de Islas Huichas.<\/p>\n<p style=\"text-align: justify;\">Durante el desarrollo de esta visita, desde la comunidad destacaron la iniciativa, as\u00ed lo se\u00f1al\u00f3 Vanessa Chiguay, vecina de Caleta Andrade que conoci\u00f3 las instalaciones. \u201cEs un momento muy bonito ver esta posta nueva, en el que estuvimos recorriendo los espacios, los boxes, diferentes partes junto a las vecinas. Todo muy emocionante\u201d, recalc\u00f3.<\/p>\n<p style=\"text-align: justify;\">Por su parte, Libertad Chacano, Auxiliar Param\u00e9dico de Enfermer\u00eda del establecimiento y que lleva 40 a\u00f1os de trabajo, destac\u00f3 que \u201ces una alegr\u00eda enorme tener este recurso que es para la gente, van a tener una mejor atenci\u00f3n. Es una cosa linda, es un sue\u00f1o para toda la poblaci\u00f3n\u201d.<\/p>\n<p style=\"text-align: justify;\">Lorena Guerrero, directora (S) de Atenci\u00f3n Primaria y Salud Rural, dirigi\u00f3 la visita y aprovech\u00f3 de explicar a la comunidad y funcionarios la funci\u00f3n de cada una de las instalaciones del moderno edificio, que abrir\u00e1 sus puertas a usuarios pr\u00f3ximamente, el que \u201cviene a concretar uno de los imperativos del gobierno del presidente Boric, que es universalizar la atenci\u00f3n de salud y dar una atenci\u00f3n m\u00e1s digna, de calidad y segura a los usuarios de las localidades rurales. Es una posta de \u00faltima generaci\u00f3n y con todos los requisitos de seguridad que se requieren\u201d.<\/p>\n<p style=\"text-align: justify;\">Mientras, Andr\u00e9s Mansilla, subdirector administrativo (S) del Servicio de Salud, advirti\u00f3 que este proyecto \u201cnos tiene muy contentos, porque demuestra c\u00f3mo los alcances de la pol\u00edtica p\u00fablica y de la inversi\u00f3n llega a territorios como Islas Huichas. Tambi\u00e9n se enmarca dentro de un gran trabajo que se est\u00e1 haciendo para reponer todas las postas de la regi\u00f3n\u201d.<\/p>\n<p style=\"text-align: justify;\">Destacar que la autorizaci\u00f3n sanitaria fue revisada por la profesional Katherine S\u00e1ez, enfermera encargada de la Unidad de Prestadores de Salud de la Seremi de Salud Ays\u00e9n, quien se\u00f1al\u00f3 que es un \u201chito super importante para la localidad y la regi\u00f3n. Estamos actualizando y mejorando las postas. Vamos a terminar el proceso de revisi\u00f3n de antecedentes para poder generar su autorizaci\u00f3n y pr\u00f3xima inauguraci\u00f3n\u201d.<\/p>\n<p style=\"text-align: justify;\">Este proceso tuvo por objetivo informar y acercar las prestaciones a la comunidad, aumentar la confianza, adem\u00e1s de promover la informaci\u00f3n como base para su pr\u00f3xima habilitaci\u00f3n y las prestaciones m\u00e9dicas que otorgar\u00e1 este establecimiento de salud.<\/p>\n<\/div><\/section><\/div><div  style='height:50px' class='hr hr-invisible   avia-builder-el-6  el_after_av_one_full  el_before_av_social_share '><span class='hr-inner ' ><span class='hr-inner-style'><\/span><\/span><\/div><\/p>\n<div  class='av-social-sharing-box  avia-builder-el-7  el_after_av_hr  el_before_av_hr  '><div class='av-share-box'><h5 class='av-share-link-description av-no-toc '>Compartir esta noticia<\/h5><ul class='av-share-box-list noLightbox'><li class='av-share-link av-social-link-facebook' ><a target=\"_blank\" aria-label=\"Compartir en Facebook\" href='https:\/\/www.facebook.com\/sharer.php?u=https:\/\/radiorevelacionfm.cl\/?p=26931&#038;t=Comunidad%20y%20funcionarios%20conocieron%20nueva%20Posta%20de%20Salud%20Rural%20de%20Caleta%20Andrade' aria-hidden='false' data-av_icon='\ue8f3' data-av_iconfont='entypo-fontello' title='' data-avia-related-tooltip='Compartir en Facebook' rel=\"noopener\"><span class='avia_hidden_link_text'>Compartir en Facebook<\/span><\/a><\/li><li class='av-share-link av-social-link-twitter' ><a target=\"_blank\" aria-label=\"Compartir en Twitter\" href='https:\/\/twitter.com\/share?text=Comunidad%20y%20funcionarios%20conocieron%20nueva%20Posta%20de%20Salud%20Rural%20de%20Caleta%20Andrade&#038;url=https:\/\/radiorevelacionfm.cl\/?p=26931' aria-hidden='false' data-av_icon='\ue8f1' data-av_iconfont='entypo-fontello' title='' data-avia-related-tooltip='Compartir en Twitter' rel=\"noopener\"><span class='avia_hidden_link_text'>Compartir en Twitter<\/span><\/a><\/li><li class='av-share-link av-social-link-whatsapp' ><a target=\"_blank\" aria-label=\"Compartir en Whatsapp\" href='https:\/\/api.whatsapp.com\/send?text=https:\/\/radiorevelacionfm.cl\/?p=26931' aria-hidden='false' data-av_icon='\uf232' data-av_iconfont='entypo-fontello' title='' data-avia-related-tooltip='Compartir en Whatsapp' rel=\"noopener\"><span class='avia_hidden_link_text'>Compartir en Whatsapp<\/span><\/a><\/li><li class='av-share-link av-social-link-linkedin' ><a target=\"_blank\" aria-label=\"Compartir en LinkedIn\" href='https:\/\/linkedin.com\/shareArticle?mini=true&#038;title=Comunidad%20y%20funcionarios%20conocieron%20nueva%20Posta%20de%20Salud%20Rural%20de%20Caleta%20Andrade&#038;url=https:\/\/radiorevelacionfm.cl\/?p=26931' aria-hidden='false' data-av_icon='\ue8fc' data-av_iconfont='entypo-fontello' title='' data-avia-related-tooltip='Compartir en LinkedIn' rel=\"noopener\"><span class='avia_hidden_link_text'>Compartir en LinkedIn<\/span><\/a><\/li><li class='av-share-link av-social-link-mail' ><a  aria-label=\"Compartir por correo\" href='mailto:?subject=Comunidad%20y%20funcionarios%20conocieron%20nueva%20Posta%20de%20Salud%20Rural%20de%20Caleta%20Andrade&#038;body=https:\/\/radiorevelacionfm.cl\/?p=26931' aria-hidden='false' data-av_icon='\ue805' data-av_iconfont='entypo-fontello' title='' data-avia-related-tooltip='Compartir por correo'><span class='avia_hidden_link_text'>Compartir por correo<\/span><\/a><\/li><\/ul><\/div><\/div>\n<div  style='height:50px' class='hr hr-invisible   avia-builder-el-8  el_after_av_social_share  el_before_av_comments_list '><span class='hr-inner ' ><span class='hr-inner-style'><\/span><\/span><\/div>\n<div  class='av-buildercomment  av-blog-meta-html-info-disabled av-blog-meta-tag-disabled  '><\/div>\n","protected":false},"excerpt":{"rendered":"","protected":false},"author":1,"featured_media":26932,"comment_status":"open","ping_status":"open","sticky":false,"template":"","format":"standard","meta":{"footnotes":""},"categories":[46],"tags":[],"class_list":["post-26931","post","type-post","status-publish","format-standard","has-post-thumbnail","hentry","category-salud"],"jetpack_featured_media_url":"https:\/\/radiorevelacionfm.cl\/wp-content\/uploads\/2023\/01\/WhatsApp-Image-2023-01-20-at-12.46.06-1-1.jpeg","_links":{"self":[{"href":"https:\/\/radiorevelacionfm.cl\/index.php?rest_route=\/wp\/v2\/posts\/26931","targetHints":{"allow":["GET"]}}],"collection":[{"href":"https:\/\/radiorevelacionfm.cl\/index.php?rest_route=\/wp\/v2\/posts"}],"about":[{"href":"https:\/\/radiorevelacionfm.cl\/index.php?rest_route=\/wp\/v2\/types\/post"}],"author":[{"embeddable":true,"href":"https:\/\/radiorevelacionfm.cl\/index.php?rest_route=\/wp\/v2\/users\/1"}],"replies":[{"embeddable":true,"href":"https:\/\/radiorevelacionfm.cl\/index.php?rest_route=%2Fwp%2Fv2%2Fcomments&post=26931"}],"version-history":[{"count":2,"href":"https:\/\/radiorevelacionfm.cl\/index.php?rest_route=\/wp\/v2\/posts\/26931\/revisions"}],"predecessor-version":[{"id":26934,"href":"https:\/\/radiorevelacionfm.cl\/index.php?rest_route=\/wp\/v2\/posts\/26931\/revisions\/26934"}],"wp:featuredmedia":[{"embeddable":true,"href":"https:\/\/radiorevelacionfm.cl\/index.php?rest_route=\/wp\/v2\/media\/26932"}],"wp:attachment":[{"href":"https:\/\/radiorevelacionfm.cl\/index.php?rest_route=%2Fwp%2Fv2%2Fmedia&parent=26931"}],"wp:term":[{"taxonomy":"category","embeddable":true,"href":"https:\/\/radiorevelacionfm.cl\/index.php?rest_route=%2Fwp%2Fv2%2Fcategories&post=26931"},{"taxonomy":"post_tag","embeddable":true,"href":"https:\/\/radiorevelacionfm.cl\/index.php?rest_route=%2Fwp%2Fv2%2Ftags&post=26931"}],"curies":[{"name":"wp","href":"https:\/\/api.w.org\/{rel}","templated":true}]}}