{"id":26910,"date":"2023-01-22T17:40:38","date_gmt":"2023-01-22T20:40:38","guid":{"rendered":"https:\/\/radiorevelacionfm.cl\/?p=26910"},"modified":"2023-01-22T17:40:38","modified_gmt":"2023-01-22T20:40:38","slug":"arte-ciencias-gestion-de-residuos-y-activismo-autoformacion-comunitaria-en-puerto-guadal","status":"publish","type":"post","link":"https:\/\/radiorevelacionfm.cl\/?p=26910","title":{"rendered":"Arte, ciencias, gesti\u00f3n de residuos y activismo: Autoformaci\u00f3n comunitaria en Puerto Guadal"},"content":{"rendered":"<div class=\"flex_column av_one_full  flex_column_div av-zero-column-padding first  avia-builder-el-0  el_before_av_one_full  avia-builder-el-first  \" style='border-radius:0px; '><div  class='avia-image-container  av-styling-    avia-builder-el-1  avia-builder-el-no-sibling  avia-align-center '  itemprop=\"image\" itemscope=\"itemscope\" itemtype=\"https:\/\/schema.org\/ImageObject\"  ><div class='avia-image-container-inner'><div class='avia-image-overlay-wrap'><img decoding=\"async\" class='wp-image-26911 avia-img-lazy-loading-not-26911 avia_image' src=\"https:\/\/radiorevelacionfm.cl\/wp-content\/uploads\/2023\/01\/chelos-en-puerto-guadal-1_optimized-1.jpg\" alt='' title='chelos-en-puerto-guadal-(1)_optimized (1)' height=\"600\" width=\"1177\"  itemprop=\"thumbnailUrl\" srcset=\"https:\/\/radiorevelacionfm.cl\/wp-content\/uploads\/2023\/01\/chelos-en-puerto-guadal-1_optimized-1.jpg 1177w, https:\/\/radiorevelacionfm.cl\/wp-content\/uploads\/2023\/01\/chelos-en-puerto-guadal-1_optimized-1-300x153.jpg 300w, https:\/\/radiorevelacionfm.cl\/wp-content\/uploads\/2023\/01\/chelos-en-puerto-guadal-1_optimized-1-1030x525.jpg 1030w, https:\/\/radiorevelacionfm.cl\/wp-content\/uploads\/2023\/01\/chelos-en-puerto-guadal-1_optimized-1-768x392.jpg 768w, https:\/\/radiorevelacionfm.cl\/wp-content\/uploads\/2023\/01\/chelos-en-puerto-guadal-1_optimized-1-705x359.jpg 705w, https:\/\/radiorevelacionfm.cl\/wp-content\/uploads\/2023\/01\/chelos-en-puerto-guadal-1_optimized-1-600x306.jpg 600w\" sizes=\"(max-width: 1177px) 100vw, 1177px\" \/><\/div><\/div><\/div><\/div><div class=\"flex_column av_one_full  flex_column_div av-zero-column-padding first  avia-builder-el-2  el_after_av_one_full  el_before_av_one_full  column-top-margin\" style='border-radius:0px; '><section class=\"av_textblock_section \"  itemscope=\"itemscope\" itemtype=\"https:\/\/schema.org\/BlogPosting\" itemprop=\"blogPost\" ><div class='avia_textblock  '   itemprop=\"text\" ><p style=\"text-align: center;\"><span style=\"font-size: 18pt;\"><b><span lang=\"ES\">Arte, ciencias,<span class=\"v1gmail-Apple-converted-space\">\u00a0<\/span><\/span><\/b><b><span lang=\"X-NONE\">gesti\u00f3n de residuos y activismo: Autoformaci\u00f3n comunitaria en Puerto Guadal<\/span><\/b><\/span><\/p>\n<div id=\"gtx-trans\" style=\"position: absolute; left: -50px; top: 4.31534px;\">\n<div class=\"gtx-trans-icon\"><\/div>\n<\/div>\n<\/div><\/section><\/div><div class=\"flex_column av_one_full  flex_column_div av-zero-column-padding first  avia-builder-el-4  el_after_av_one_full  el_before_av_hr  column-top-margin\" style='border-radius:0px; '><section class=\"av_textblock_section \"  itemscope=\"itemscope\" itemtype=\"https:\/\/schema.org\/BlogPosting\" itemprop=\"blogPost\" ><div class='avia_textblock  '   itemprop=\"text\" ><p class=\"v1MsoNormal\" style=\"text-align: justify;\"><span lang=\"ES\">Una serie de actividades de verano, que buscan generar reflexi<\/span><span lang=\"X-NONE\">\u00f3n en el territorio sobre temas de inter\u00e9s p\u00fablico local y regional, se est\u00e1n desarrollando en Puerto Guadal.\u00a0<span class=\"v1gmail-Apple-converted-space\">\u00a0<\/span>La agenda es parte de las acciones que ha programado la Junta de Vecinos N8, cuya directiva est\u00e1 enfocada en abrir debates y generar acciones sobre la gesti\u00f3n de residuos, la crisis clim\u00e1tica, la actividad art\u00edstica, el conocimiento del territorio.<\/span><\/p>\n<p class=\"v1MsoNormal\" style=\"text-align: justify;\"><span lang=\"ES\">El a\u00f1o parti<\/span><span lang=\"X-NONE\">\u00f3 con la charla del PhD en Geolog\u00eda y acad\u00e9mico de la Universidad de Chile,<span class=\"v1gmail-Apple-converted-space\">\u00a0<\/span>Gregory de Pascale, quien reside en Puerto Guadal, con el tema:<span class=\"v1gmail-Apple-converted-space\">\u00a0<\/span>\u00abCordillera de los Andes: Geolog\u00eda, volcanes y terremotos\u00bb.\u00a0<span class=\"v1gmail-Apple-converted-space\">\u00a0<\/span>Ese<span class=\"v1gmail-Apple-converted-space\">\u00a0<\/span>martes 3 de enero<span class=\"v1gmail-Apple-converted-space\">\u00a0<\/span>se ahond\u00f3 en los riesgos asociados al vulcanismo presente en la cuenca del lago General Carrera y alrededores, motivando una discusi\u00f3n sobre la falta de pol\u00edticas p\u00fablicas y medidas de prevenci\u00f3n a nivel local y regional sobre \u00e9stas y otras materias.<\/span><\/p>\n<p class=\"v1MsoNormal\" style=\"text-align: justify;\"><span lang=\"X-NONE\">El<span class=\"v1gmail-Apple-converted-space\">\u00a0<\/span>viernes<span class=\"v1gmail-Apple-converted-space\">\u00a0<\/span>13 de enero, en tanto, el destacado chelista<span class=\"v1gmail-Apple-converted-space\">\u00a0<\/span>Mat\u00edas de Oliveira, junto a la int\u00e9rprete regional<span class=\"v1gmail-Apple-converted-space\">\u00a0<\/span>Magdalena Rosas, se present\u00f3 en el marco de la gira<span class=\"v1gmail-Apple-converted-space\">\u00a0<\/span>\u00abBach en la ruta\u00bb, proyecto ejecutado con fondos del Gobierno Regional de Ays\u00e9n y ejecutado por la Agrupaci\u00f3n Cultural de la Patagonia.\u00a0\u00a0<span class=\"v1gmail-Apple-converted-space\">\u00a0<\/span>Los asistentes tuvieron la oportunidad no s\u00f3lo de escuchar piezas de la creaci\u00f3n universal, sino dialogar sobre m\u00fasica, pol\u00edticas culturales y la dicotom\u00eda entre arte regional y global.\u00a0<span class=\"v1gmail-Apple-converted-space\">\u00a0<\/span>Fue \u00e9sta la segunda ocasi\u00f3n en que Oliveira se presenta en Puerto Guadal y otras localidades de la regi\u00f3n de Ays\u00e9n.<\/span><\/p>\n<p class=\"v1MsoNormal\" style=\"text-align: justify;\"><span lang=\"X-NONE\">Por esos d\u00edas tambi\u00e9n, el<span class=\"v1gmail-Apple-converted-space\">\u00a0<\/span>domingo 15, en una iniciativa autogestionada, el joven astr\u00f3nomo oriundo de Puerto Guadal<span class=\"v1gmail-Apple-converted-space\">\u00a0<\/span>Ra\u00fal Baier<span class=\"v1gmail-Apple-converted-space\">\u00a0<\/span>desarroll\u00f3 una acci\u00f3n nocturna de observaci\u00f3n astron\u00f3mica a orillas del lago.<\/span><\/p>\n<p class=\"v1MsoNormal\" style=\"text-align: justify;\"><span lang=\"X-NONE\">El<span class=\"v1gmail-Apple-converted-space\">\u00a0<\/span>viernes 20 de enero<span class=\"v1gmail-Apple-converted-space\">\u00a0<\/span>fue el turno de<span class=\"v1gmail-Apple-converted-space\">\u00a0<\/span>Erwin Sandoval, presidente de la Corporaci\u00f3n Privada para el Desarrollo de Ays\u00e9n (Codesa), quien expuso ante m\u00e1s de 40 personas sobre el<span class=\"v1gmail-Apple-converted-space\">\u00a0<\/span>proceso de evaluaci\u00f3n ambiental obligatorio de la central hidroel\u00e9ctrica Los Maquis.\u00a0<span class=\"v1gmail-Apple-converted-space\">\u00a0<\/span>La organizaci\u00f3n, junto a vecinos de Puerto Guadal y ONG Fima, logr\u00f3 que el Tribunal Ambiental de Valdivia, y luego la Superintendencia del Medio Ambiente (SMA), ordenara a Edelays\u00e9n someter este proyecto, ya construido al margen de la legalidad, al Sistema de Evaluaci\u00f3n de Impacto Ambiental.\u00a0<span class=\"v1gmail-Apple-converted-space\">\u00a0<\/span>La actividad fue organizada por la agrupaci\u00f3n Los Maquis Libres, con apoyo de la junta de vecinos.<\/span><\/p>\n<p class=\"v1MsoNormal\" style=\"text-align: justify;\"><span lang=\"X-NONE\">Hoy la empresa el\u00e9ctrica desarrolla un proceso de participaci\u00f3n ciudadana anticipada, para evaluar ex post los impactos del proyecto y as\u00ed establecer medidas de mitigaci\u00f3n, compensaci\u00f3n, reparaci\u00f3n.\u00a0<span class=\"v1gmail-Apple-converted-space\">\u00a0<\/span>Se se espera que la declaraci\u00f3n o estudio de impacto ambiental sea ingresado en los pr\u00f3ximos meses, seg\u00fan el cronograma que la compa\u00f1\u00eda present\u00f3 a la SMA.<\/span><\/p>\n<p class=\"v1MsoNormal\" style=\"text-align: justify;\"><span lang=\"X-NONE\">Y este<span class=\"v1gmail-Apple-converted-space\">\u00a0<\/span>s\u00e1bado 21, el<span class=\"v1gmail-Apple-converted-space\">\u00a0<\/span>creador audiovisual Daniel Casado<span class=\"v1gmail-Apple-converted-space\">\u00a0<\/span>present\u00f3 el<span class=\"v1gmail-Apple-converted-space\">\u00a0<\/span>documental \u00abEstado salmonero\u00bb financiado por la empresa Patagonia, el cual da cuenta de los impactos ambientales de esta industria en el sur de Chile.\u00a0<span class=\"v1gmail-Apple-converted-space\">\u00a0<\/span>El desastre en el fondo marino y el desplazamiento de otras actividades productivas tradicionales en Chilo\u00e9 y otras zonas son parte del relato, que fue la puerta de entrada a un di\u00e1logo directo con los asistentes.<\/span><\/p>\n<p class=\"v1MsoNormal\" style=\"text-align: justify;\"><span lang=\"X-NONE\">\u00abFue una muy buena oportunidad para compartir con la comunidad de Puerto Guadal y poder conversar estos temas tan contingentes para el \u00e1rea ya que, aunque estamos lejos de la costa, la salmonicultura es un t\u00f3pico regional bien importante\u00bb se\u00f1al\u00f3 en la ocasi\u00f3n Casado.<span class=\"v1gmail-Apple-converted-space\">\u00a0<\/span>\u00a0\u00a0\u00abPudimos compartir, escuchar a la gente, saber que es un tema que muchas personas de ac\u00e1 conocen, para ojal\u00e1 esto se siga conversando y comiencen a haber cambios.\u00a0<span class=\"v1gmail-Apple-converted-space\">\u00a0<\/span>Ya son muchos a\u00f1os que llevamos en esto y por m\u00e1s que las industrias se comprometen cada vez que son emplazados, en la pr\u00e1ctica no ha habido cambios.\u00a0<span class=\"v1gmail-Apple-converted-space\">\u00a0<\/span>S\u00faper valiosa la instancia\u00bb concluy\u00f3.<\/span><\/p>\n<p class=\"v1MsoNormal\" style=\"text-align: justify;\"><span lang=\"X-NONE\">Gran parte de estas actividades han sido desarrolladas en la sede comunitaria de la Municipalidad de Chile Chico.<\/span><\/p>\n<p class=\"v1MsoNormal\" style=\"text-align: justify;\"><strong><span lang=\"X-NONE\">Pr\u00f3ximas jornadas<\/span><\/strong><\/p>\n<p class=\"v1MsoNormal\" style=\"text-align: justify;\"><span lang=\"X-NONE\">Para el mes de enero est\u00e1n programados conversatorios y charlas relacionadas con la gesti\u00f3n de los residuos, bajo la \u00f3ptica de la reducci\u00f3n de la generaci\u00f3n de basura, en lo cual est\u00e1 involucrada la horticultura (autoproducci\u00f3n de alimentos, compostaje), el reciclaje y la forma de manejar grandes vol\u00famenes de residuos que no han podido ser reducidos.<\/span><\/p>\n<p class=\"v1MsoNormal\" style=\"text-align: justify;\"><span lang=\"X-NONE\">Es as\u00ed que este<span class=\"v1gmail-Apple-converted-space\">\u00a0<\/span>martes 24<span class=\"v1gmail-Apple-converted-space\">\u00a0<\/span>dialogar\u00e1 con los vecinos<span class=\"v1gmail-Apple-converted-space\">\u00a0<\/span>Alejandra Parra, bi\u00f3loga en gesti\u00f3n de recursos naturales y m\u00e1ster en Planificaci\u00f3n, cofundadora de la Red de Acci\u00f3n por los Derechos Ambientales (RADA), y parte de la coordinaci\u00f3n de la Alianza Basura Cero Chile y del equipo Latinoam\u00e9rica de la Alianza Global por Alternativas a la Incineraci\u00f3n GAIA.<span class=\"v1gmail-Apple-converted-space\">\u00a0<\/span>\u00a0<\/span><\/p>\n<p class=\"v1MsoNormal\" style=\"text-align: justify;\"><span lang=\"X-NONE\">Y el<span class=\"v1gmail-Apple-converted-space\">\u00a0<\/span>viernes 27, en una presentaci\u00f3n virtual de la alcaldesa de La Pintana,<span class=\"v1gmail-Apple-converted-space\">\u00a0<\/span>Claudia Pizarro, se desarrollar\u00e1 un di\u00e1logo con los vecinos de la zona sur de la cuenca del Lago General Carrera sobre la experiencia de la Direcci\u00f3n de Gesti\u00f3n Ambiental de esa comuna, emblem\u00e1tica a nivel nacional en t\u00e9rminos de gesti\u00f3n de residuos, incorporando reciclaje, compostaje, biocombustible en base de aceite usado, manejo de \u00e1reas verdes y chipeadoras. Recientemente el medio alem\u00e1n Deutsche Welle<span class=\"v1gmail-Apple-converted-space\">\u00a0<\/span><a>destac\u00f3<\/a><span class=\"v1gmail-Apple-converted-space\">\u00a0<\/span>este sistema, que \u00abse ha convertido en pionero de reciclaje y separaci\u00f3n de basuras que ser\u00e1 replicado en todo Chile. Una ganancia para la econom\u00eda, el medio ambiente y las comunidades\u00bb.\u00a0<span class=\"v1gmail-Apple-converted-space\">\u00a0<\/span><\/span><\/p>\n<p class=\"v1MsoNormal\" style=\"text-align: justify;\"><span lang=\"X-NONE\">Todo esto, dado el grave problema sanitario que genera la basura en Puerto Guadal y los alrededores.<\/span><\/p>\n<p class=\"v1MsoNormal\" style=\"text-align: justify;\"><span lang=\"ES\">En el mes de marzo, por<span class=\"v1gmail-Apple-converted-space\">\u00a0<\/span><\/span><span lang=\"X-NONE\">\u00faltimo, se impartir\u00e1 un completo<span class=\"v1gmail-Apple-converted-space\">\u00a0<\/span>taller de curtiembre<span class=\"v1gmail-Apple-converted-space\">\u00a0<\/span>a un grupo de vecinos y vecinas, a cargo de una artesana de Puerto Ingeniero Ib\u00e1\u00f1ez que ya ha desarrollado varias capacitaciones a nivel regional.\u00a0<span class=\"v1gmail-Apple-converted-space\">\u00a0<\/span>El objetivo, adem\u00e1s de aprender un oficio, reutilizar los residuos del faenamiento de animales en las localidades, donde muchos cueros de ovejas, chivos y vacunos terminan abultando los vertederos y contaminando suelo y aguas.\u00a0<span class=\"v1gmail-Apple-converted-space\">\u00a0<\/span>El proyecto de la Junta de Vecinos N8 es financiado por el 7% del FNDR del Gobierno Regional de Ays\u00e9n.<\/span><\/p>\n<p class=\"v1MsoNormal\" style=\"text-align: justify;\"><span lang=\"X-NONE\">\u00abSon varias las l\u00edneas tem\u00e1ticas de formaci\u00f3n que hemos ido ejecutando.\u00a0<span class=\"v1gmail-Apple-converted-space\">\u00a0<\/span>Esto est\u00e1 dirigido a los mismos habitantes de la localidad, tanto en calidad de expositores como de participantes, porque hemos identificado que hay mucha experiencia y conocimiento entre los socios de nuestra junta de vecinos, adem\u00e1s de personas que han llegado a la regi\u00f3n o han pasado por la localidad\u00bb explic\u00f3<span class=\"v1gmail-Apple-converted-space\">\u00a0<\/span>Miriam Chible Contreras, presidenta de la Junta de Vecinos N8.<\/span><\/p>\n<p class=\"v1MsoNormal\" style=\"text-align: justify;\"><span lang=\"X-NONE\">En este sentido, se\u00f1al\u00f3 que en la misma l\u00ednea \u00abse est\u00e1 elaborando una base de datos de los socios y socias con todas las profesiones y oficios que se pueden volcar en charlas y presentaciones, para que los vecinos y vecinas de la localidad nos vayamos formando y compartiendo experiencias. <span class=\"v1gmail-Apple-converted-space\">\u00a0<\/span>Esto es un aporte m\u00e1s a todas las acciones que se desarrollan en nuestra comuna\u00bb.<\/span><\/p>\n<\/div><\/section><\/div><div  style='height:50px' class='hr hr-invisible   avia-builder-el-6  el_after_av_one_full  el_before_av_social_share '><span class='hr-inner ' ><span class='hr-inner-style'><\/span><\/span><\/div><\/p>\n<div  class='av-social-sharing-box  avia-builder-el-7  el_after_av_hr  el_before_av_hr  '><div class='av-share-box'><h5 class='av-share-link-description av-no-toc '>Compartir esta noticia<\/h5><ul class='av-share-box-list noLightbox'><li class='av-share-link av-social-link-facebook' ><a target=\"_blank\" aria-label=\"Compartir en Facebook\" href='https:\/\/www.facebook.com\/sharer.php?u=https:\/\/radiorevelacionfm.cl\/?p=26910&#038;t=Arte%2C%20ciencias%2C%20gesti%C3%B3n%20de%20residuos%20y%20activismo%3A%20Autoformaci%C3%B3n%20comunitaria%20en%20Puerto%20Guadal' aria-hidden='false' data-av_icon='\ue8f3' data-av_iconfont='entypo-fontello' title='' data-avia-related-tooltip='Compartir en Facebook' rel=\"noopener\"><span class='avia_hidden_link_text'>Compartir en Facebook<\/span><\/a><\/li><li class='av-share-link av-social-link-twitter' ><a target=\"_blank\" aria-label=\"Compartir en Twitter\" href='https:\/\/twitter.com\/share?text=Arte%2C%20ciencias%2C%20gesti%C3%B3n%20de%20residuos%20y%20activismo%3A%20Autoformaci%C3%B3n%20comunitaria%20en%20Puerto%20Guadal&#038;url=https:\/\/radiorevelacionfm.cl\/?p=26910' aria-hidden='false' data-av_icon='\ue8f1' data-av_iconfont='entypo-fontello' title='' data-avia-related-tooltip='Compartir en Twitter' rel=\"noopener\"><span class='avia_hidden_link_text'>Compartir en Twitter<\/span><\/a><\/li><li class='av-share-link av-social-link-whatsapp' ><a target=\"_blank\" aria-label=\"Compartir en Whatsapp\" href='https:\/\/api.whatsapp.com\/send?text=https:\/\/radiorevelacionfm.cl\/?p=26910' aria-hidden='false' data-av_icon='\uf232' data-av_iconfont='entypo-fontello' title='' data-avia-related-tooltip='Compartir en Whatsapp' rel=\"noopener\"><span class='avia_hidden_link_text'>Compartir en Whatsapp<\/span><\/a><\/li><li class='av-share-link av-social-link-linkedin' ><a target=\"_blank\" aria-label=\"Compartir en LinkedIn\" href='https:\/\/linkedin.com\/shareArticle?mini=true&#038;title=Arte%2C%20ciencias%2C%20gesti%C3%B3n%20de%20residuos%20y%20activismo%3A%20Autoformaci%C3%B3n%20comunitaria%20en%20Puerto%20Guadal&#038;url=https:\/\/radiorevelacionfm.cl\/?p=26910' aria-hidden='false' data-av_icon='\ue8fc' data-av_iconfont='entypo-fontello' title='' data-avia-related-tooltip='Compartir en LinkedIn' rel=\"noopener\"><span class='avia_hidden_link_text'>Compartir en LinkedIn<\/span><\/a><\/li><li class='av-share-link av-social-link-mail' ><a  aria-label=\"Compartir por correo\" href='mailto:?subject=Arte%2C%20ciencias%2C%20gesti%C3%B3n%20de%20residuos%20y%20activismo%3A%20Autoformaci%C3%B3n%20comunitaria%20en%20Puerto%20Guadal&#038;body=https:\/\/radiorevelacionfm.cl\/?p=26910' aria-hidden='false' data-av_icon='\ue805' data-av_iconfont='entypo-fontello' title='' data-avia-related-tooltip='Compartir por correo'><span class='avia_hidden_link_text'>Compartir por correo<\/span><\/a><\/li><\/ul><\/div><\/div>\n<div  style='height:50px' class='hr hr-invisible   avia-builder-el-8  el_after_av_social_share  el_before_av_comments_list '><span class='hr-inner ' ><span class='hr-inner-style'><\/span><\/span><\/div>\n<div  class='av-buildercomment  av-blog-meta-html-info-disabled av-blog-meta-tag-disabled  '><\/div>\n","protected":false},"excerpt":{"rendered":"","protected":false},"author":1,"featured_media":26911,"comment_status":"open","ping_status":"open","sticky":false,"template":"","format":"standard","meta":{"footnotes":""},"categories":[38],"tags":[],"class_list":["post-26910","post","type-post","status-publish","format-standard","has-post-thumbnail","hentry","category-regional"],"jetpack_featured_media_url":"https:\/\/radiorevelacionfm.cl\/wp-content\/uploads\/2023\/01\/chelos-en-puerto-guadal-1_optimized-1.jpg","_links":{"self":[{"href":"https:\/\/radiorevelacionfm.cl\/index.php?rest_route=\/wp\/v2\/posts\/26910","targetHints":{"allow":["GET"]}}],"collection":[{"href":"https:\/\/radiorevelacionfm.cl\/index.php?rest_route=\/wp\/v2\/posts"}],"about":[{"href":"https:\/\/radiorevelacionfm.cl\/index.php?rest_route=\/wp\/v2\/types\/post"}],"author":[{"embeddable":true,"href":"https:\/\/radiorevelacionfm.cl\/index.php?rest_route=\/wp\/v2\/users\/1"}],"replies":[{"embeddable":true,"href":"https:\/\/radiorevelacionfm.cl\/index.php?rest_route=%2Fwp%2Fv2%2Fcomments&post=26910"}],"version-history":[{"count":2,"href":"https:\/\/radiorevelacionfm.cl\/index.php?rest_route=\/wp\/v2\/posts\/26910\/revisions"}],"predecessor-version":[{"id":26929,"href":"https:\/\/radiorevelacionfm.cl\/index.php?rest_route=\/wp\/v2\/posts\/26910\/revisions\/26929"}],"wp:featuredmedia":[{"embeddable":true,"href":"https:\/\/radiorevelacionfm.cl\/index.php?rest_route=\/wp\/v2\/media\/26911"}],"wp:attachment":[{"href":"https:\/\/radiorevelacionfm.cl\/index.php?rest_route=%2Fwp%2Fv2%2Fmedia&parent=26910"}],"wp:term":[{"taxonomy":"category","embeddable":true,"href":"https:\/\/radiorevelacionfm.cl\/index.php?rest_route=%2Fwp%2Fv2%2Fcategories&post=26910"},{"taxonomy":"post_tag","embeddable":true,"href":"https:\/\/radiorevelacionfm.cl\/index.php?rest_route=%2Fwp%2Fv2%2Ftags&post=26910"}],"curies":[{"name":"wp","href":"https:\/\/api.w.org\/{rel}","templated":true}]}}