{"id":26889,"date":"2023-01-20T18:16:02","date_gmt":"2023-01-20T21:16:02","guid":{"rendered":"https:\/\/radiorevelacionfm.cl\/?p=26889"},"modified":"2023-01-20T18:16:02","modified_gmt":"2023-01-20T21:16:02","slug":"pdi-informa-disponibilidad-de-tramite-para-obtener-salvoconducto-digital","status":"publish","type":"post","link":"https:\/\/radiorevelacionfm.cl\/?p=26889","title":{"rendered":"PDI informa disponibilidad de tr\u00e1mite para obtener salvoconducto digital"},"content":{"rendered":"<div class=\"flex_column av_one_full  flex_column_div av-zero-column-padding first  avia-builder-el-0  el_before_av_one_full  avia-builder-el-first  \" style='border-radius:0px; '><div  class='avia-image-container  av-styling-    avia-builder-el-1  avia-builder-el-no-sibling  avia-align-center '  itemprop=\"image\" itemscope=\"itemscope\" itemtype=\"https:\/\/schema.org\/ImageObject\"  ><div class='avia-image-container-inner'><div class='avia-image-overlay-wrap'><img decoding=\"async\" class='wp-image-26890 avia-img-lazy-loading-not-26890 avia_image' src=\"https:\/\/radiorevelacionfm.cl\/wp-content\/uploads\/2023\/01\/migraciones-pdi-generica-003-1-1.jpg\" alt='' title='migraciones pdi generica 003 (1) (1)' height=\"600\" width=\"904\"  itemprop=\"thumbnailUrl\" srcset=\"https:\/\/radiorevelacionfm.cl\/wp-content\/uploads\/2023\/01\/migraciones-pdi-generica-003-1-1.jpg 904w, https:\/\/radiorevelacionfm.cl\/wp-content\/uploads\/2023\/01\/migraciones-pdi-generica-003-1-1-300x199.jpg 300w, https:\/\/radiorevelacionfm.cl\/wp-content\/uploads\/2023\/01\/migraciones-pdi-generica-003-1-1-768x510.jpg 768w, https:\/\/radiorevelacionfm.cl\/wp-content\/uploads\/2023\/01\/migraciones-pdi-generica-003-1-1-705x468.jpg 705w, https:\/\/radiorevelacionfm.cl\/wp-content\/uploads\/2023\/01\/migraciones-pdi-generica-003-1-1-600x398.jpg 600w\" sizes=\"(max-width: 904px) 100vw, 904px\" \/><\/div><\/div><\/div><\/div><div class=\"flex_column av_one_full  flex_column_div av-zero-column-padding first  avia-builder-el-2  el_after_av_one_full  el_before_av_one_full  column-top-margin\" style='border-radius:0px; '><section class=\"av_textblock_section \"  itemscope=\"itemscope\" itemtype=\"https:\/\/schema.org\/BlogPosting\" itemprop=\"blogPost\" ><div class='avia_textblock  '   itemprop=\"text\" ><p style=\"text-align: center;\"><span style=\"font-size: 18pt;\"><strong>PDI informa disponibilidad de tr\u00e1mite para obtener salvoconducto digital<\/strong><\/span><\/p>\n<div id=\"gtx-trans\" style=\"position: absolute; left: -50px; top: 4.31534px;\">\n<div class=\"gtx-trans-icon\"><\/div>\n<\/div>\n<\/div><\/section><\/div><div class=\"flex_column av_one_full  flex_column_div av-zero-column-padding first  avia-builder-el-4  el_after_av_one_full  el_before_av_hr  column-top-margin\" style='border-radius:0px; '><section class=\"av_textblock_section \"  itemscope=\"itemscope\" itemtype=\"https:\/\/schema.org\/BlogPosting\" itemprop=\"blogPost\" ><div class='avia_textblock  '   itemprop=\"text\" ><p style=\"text-align: justify;\">Ante el creciente n\u00famero de personas que cruzan la frontera por los pasos fronterizos habilitados en la regi\u00f3n, la Polic\u00eda de Investigaciones de Chile inform\u00f3 que se encuentra disponible el tr\u00e1mite digital para obtener el salvoconducto, documento que habilita a su titular para salir el territorio nacional, conforme a las disposiciones establecidas en la legislaci\u00f3n, por aquellos pasos fronterizos que no son controlados por la PDI.<\/p>\n<p style=\"text-align: justify;\">Al respecto, el jefe subrogante del Departamento de Migraciones y Polic\u00eda Internacional Coyhaique, subcomisario Pablo Soto, se\u00f1al\u00f3 que \u201ceste es un documento otorgado por el \u00e1rea de Migraciones y Polic\u00eda Internacional, en el cual se acredita que una persona no tiene impedimentos para salir del territorio nacional por los pasos fronterizos donde no hay presencia de la Polic\u00eda de Investigaciones de Chile\u201d.<\/p>\n<p style=\"text-align: justify;\">Asimismo, el subcomisario Pablo Soto indic\u00f3 que \u201cse trata de un formulario de salvoconducto para viaje al extranjero que est\u00e1 dirigido a chilenos, extranjeros residentes y extranjeros con permanencia transitoria, que no tiene costo, ya que el tr\u00e1mite es gratuito\u201d.<\/p>\n<p style=\"text-align: justify;\">Sobre los requisitos, el oficial policial de la unidad especializada puntualiz\u00f3 que \u201cpara poder salir, las personas no deben estar sujetas a ning\u00fan tipo de arraigo judicial u otras medidas cautelares que impidan su salida del pa\u00eds, adem\u00e1s, deben contar con un documento de identidad v\u00e1lido y vigente, ya sea c\u00e9dula de identidad o pasaporte\u201d.<\/p>\n<p style=\"text-align: justify;\">Del mismo modo, se debe mantener un correo electr\u00f3nico porque ser\u00e1 el medio a trav\u00e9s del cual recibir\u00e1 el salvoconducto, cuya solicitud se realizar en <a href=\"https:\/\/pdivirtual.cerofilas.gob.cl\/\">https:\/\/pdivirtual.cerofilas.gob.cl\/<\/a>, debiendo ingresar los datos requeridos.<\/p>\n<p style=\"text-align: justify;\">Como recomendaci\u00f3n, el subcomisario Pablo Soto precis\u00f3 que \u201ceste tr\u00e1mite debe ser solicitado por cada persona que va a salir del pa\u00eds y debe ser tramitado con un m\u00ednimo cinco d\u00edas h\u00e1biles antes de la fecha de salida\u201d. Una vez obtenido el documento, \u201c\u00e9ste tendr\u00e1 una validez solo para el d\u00eda indicado en la solicitud de salida\u201d, durante las 24 horas.<\/p>\n<p style=\"text-align: justify;\">Finalmente, el jefe (s) del Departamento de Migraciones y Polic\u00eda Internacional Coyhaique enfatiz\u00f3 que la digitalizaci\u00f3n de este documento tan recurrente en la regi\u00f3n de Ays\u00e9n \u201cfacilita el tr\u00e1mite para aquellas personas que se encuentran en localidades m\u00e1s apartadas de la regi\u00f3n, que estaban imposibilitadas de realizar la diligencia de manera presencial, favoreciendo la validaci\u00f3n de la documentaci\u00f3n en l\u00ednea para llevar a cabo un proceso m\u00e1s expedito\u201d, lo que va en l\u00ednea con el proceso de modernizaci\u00f3n del Estado y la transformaci\u00f3n digital de la PDI.<\/p>\n<\/div><\/section><\/div><div  style='height:50px' class='hr hr-invisible   avia-builder-el-6  el_after_av_one_full  el_before_av_social_share '><span class='hr-inner ' ><span class='hr-inner-style'><\/span><\/span><\/div><\/p>\n<div  class='av-social-sharing-box  avia-builder-el-7  el_after_av_hr  el_before_av_hr  '><div class='av-share-box'><h5 class='av-share-link-description av-no-toc '>Compartir esta noticia<\/h5><ul class='av-share-box-list noLightbox'><li class='av-share-link av-social-link-facebook' ><a target=\"_blank\" aria-label=\"Compartir en Facebook\" href='https:\/\/www.facebook.com\/sharer.php?u=https:\/\/radiorevelacionfm.cl\/?p=26889&#038;t=PDI%20informa%20disponibilidad%20de%20tr%C3%A1mite%20para%20obtener%20salvoconducto%20digital' aria-hidden='false' data-av_icon='\ue8f3' data-av_iconfont='entypo-fontello' title='' data-avia-related-tooltip='Compartir en Facebook' rel=\"noopener\"><span class='avia_hidden_link_text'>Compartir en Facebook<\/span><\/a><\/li><li class='av-share-link av-social-link-twitter' ><a target=\"_blank\" aria-label=\"Compartir en Twitter\" href='https:\/\/twitter.com\/share?text=PDI%20informa%20disponibilidad%20de%20tr%C3%A1mite%20para%20obtener%20salvoconducto%20digital&#038;url=https:\/\/radiorevelacionfm.cl\/?p=26889' aria-hidden='false' data-av_icon='\ue8f1' data-av_iconfont='entypo-fontello' title='' data-avia-related-tooltip='Compartir en Twitter' rel=\"noopener\"><span class='avia_hidden_link_text'>Compartir en Twitter<\/span><\/a><\/li><li class='av-share-link av-social-link-whatsapp' ><a target=\"_blank\" aria-label=\"Compartir en Whatsapp\" href='https:\/\/api.whatsapp.com\/send?text=https:\/\/radiorevelacionfm.cl\/?p=26889' aria-hidden='false' data-av_icon='\uf232' data-av_iconfont='entypo-fontello' title='' data-avia-related-tooltip='Compartir en Whatsapp' rel=\"noopener\"><span class='avia_hidden_link_text'>Compartir en Whatsapp<\/span><\/a><\/li><li class='av-share-link av-social-link-linkedin' ><a target=\"_blank\" aria-label=\"Compartir en LinkedIn\" href='https:\/\/linkedin.com\/shareArticle?mini=true&#038;title=PDI%20informa%20disponibilidad%20de%20tr%C3%A1mite%20para%20obtener%20salvoconducto%20digital&#038;url=https:\/\/radiorevelacionfm.cl\/?p=26889' aria-hidden='false' data-av_icon='\ue8fc' data-av_iconfont='entypo-fontello' title='' data-avia-related-tooltip='Compartir en LinkedIn' rel=\"noopener\"><span class='avia_hidden_link_text'>Compartir en LinkedIn<\/span><\/a><\/li><li class='av-share-link av-social-link-mail' ><a  aria-label=\"Compartir por correo\" href='mailto:?subject=PDI%20informa%20disponibilidad%20de%20tr%C3%A1mite%20para%20obtener%20salvoconducto%20digital&#038;body=https:\/\/radiorevelacionfm.cl\/?p=26889' aria-hidden='false' data-av_icon='\ue805' data-av_iconfont='entypo-fontello' title='' data-avia-related-tooltip='Compartir por correo'><span class='avia_hidden_link_text'>Compartir por correo<\/span><\/a><\/li><\/ul><\/div><\/div>\n<div  style='height:50px' class='hr hr-invisible   avia-builder-el-8  el_after_av_social_share  el_before_av_comments_list '><span class='hr-inner ' ><span class='hr-inner-style'><\/span><\/span><\/div>\n<div  class='av-buildercomment  av-blog-meta-html-info-disabled av-blog-meta-tag-disabled  '><\/div>\n","protected":false},"excerpt":{"rendered":"","protected":false},"author":1,"featured_media":26890,"comment_status":"open","ping_status":"open","sticky":false,"template":"","format":"standard","meta":{"footnotes":""},"categories":[36],"tags":[],"class_list":["post-26889","post","type-post","status-publish","format-standard","has-post-thumbnail","hentry","category-policial"],"jetpack_featured_media_url":"https:\/\/radiorevelacionfm.cl\/wp-content\/uploads\/2023\/01\/migraciones-pdi-generica-003-1-1.jpg","_links":{"self":[{"href":"https:\/\/radiorevelacionfm.cl\/index.php?rest_route=\/wp\/v2\/posts\/26889","targetHints":{"allow":["GET"]}}],"collection":[{"href":"https:\/\/radiorevelacionfm.cl\/index.php?rest_route=\/wp\/v2\/posts"}],"about":[{"href":"https:\/\/radiorevelacionfm.cl\/index.php?rest_route=\/wp\/v2\/types\/post"}],"author":[{"embeddable":true,"href":"https:\/\/radiorevelacionfm.cl\/index.php?rest_route=\/wp\/v2\/users\/1"}],"replies":[{"embeddable":true,"href":"https:\/\/radiorevelacionfm.cl\/index.php?rest_route=%2Fwp%2Fv2%2Fcomments&post=26889"}],"version-history":[{"count":2,"href":"https:\/\/radiorevelacionfm.cl\/index.php?rest_route=\/wp\/v2\/posts\/26889\/revisions"}],"predecessor-version":[{"id":26898,"href":"https:\/\/radiorevelacionfm.cl\/index.php?rest_route=\/wp\/v2\/posts\/26889\/revisions\/26898"}],"wp:featuredmedia":[{"embeddable":true,"href":"https:\/\/radiorevelacionfm.cl\/index.php?rest_route=\/wp\/v2\/media\/26890"}],"wp:attachment":[{"href":"https:\/\/radiorevelacionfm.cl\/index.php?rest_route=%2Fwp%2Fv2%2Fmedia&parent=26889"}],"wp:term":[{"taxonomy":"category","embeddable":true,"href":"https:\/\/radiorevelacionfm.cl\/index.php?rest_route=%2Fwp%2Fv2%2Fcategories&post=26889"},{"taxonomy":"post_tag","embeddable":true,"href":"https:\/\/radiorevelacionfm.cl\/index.php?rest_route=%2Fwp%2Fv2%2Ftags&post=26889"}],"curies":[{"name":"wp","href":"https:\/\/api.w.org\/{rel}","templated":true}]}}