{"id":26885,"date":"2023-01-20T16:49:22","date_gmt":"2023-01-20T19:49:22","guid":{"rendered":"https:\/\/radiorevelacionfm.cl\/?p=26885"},"modified":"2023-01-20T16:49:22","modified_gmt":"2023-01-20T19:49:22","slug":"programa-red-cultura-aysen-impulsa-trabajo-asociativo-entre-agrupaciones-comunitarias-y-municipios","status":"publish","type":"post","link":"https:\/\/radiorevelacionfm.cl\/?p=26885","title":{"rendered":"Programa Red Cultura Ays\u00e9n impulsa trabajo asociativo entre agrupaciones comunitarias y municipios"},"content":{"rendered":"<div class=\"flex_column av_one_full  flex_column_div av-zero-column-padding first  avia-builder-el-0  el_before_av_one_full  avia-builder-el-first  \" style='border-radius:0px; '><div  class='avia-image-container  av-styling-    avia-builder-el-1  avia-builder-el-no-sibling  avia-align-center '  itemprop=\"image\" itemscope=\"itemscope\" itemtype=\"https:\/\/schema.org\/ImageObject\"  ><div class='avia-image-container-inner'><div class='avia-image-overlay-wrap'><img decoding=\"async\" class='wp-image-26886 avia-img-lazy-loading-not-26886 avia_image' src=\"https:\/\/radiorevelacionfm.cl\/wp-content\/uploads\/2023\/01\/ica-aysen-artesanas-1_optimized.jpg\" alt='' title='ica-ays\u00e9n---artesanas-(1)_optimized' height=\"600\" width=\"899\"  itemprop=\"thumbnailUrl\" srcset=\"https:\/\/radiorevelacionfm.cl\/wp-content\/uploads\/2023\/01\/ica-aysen-artesanas-1_optimized.jpg 899w, https:\/\/radiorevelacionfm.cl\/wp-content\/uploads\/2023\/01\/ica-aysen-artesanas-1_optimized-300x200.jpg 300w, https:\/\/radiorevelacionfm.cl\/wp-content\/uploads\/2023\/01\/ica-aysen-artesanas-1_optimized-768x513.jpg 768w, https:\/\/radiorevelacionfm.cl\/wp-content\/uploads\/2023\/01\/ica-aysen-artesanas-1_optimized-705x471.jpg 705w, https:\/\/radiorevelacionfm.cl\/wp-content\/uploads\/2023\/01\/ica-aysen-artesanas-1_optimized-600x400.jpg 600w\" sizes=\"(max-width: 899px) 100vw, 899px\" \/><\/div><\/div><\/div><\/div><div class=\"flex_column av_one_full  flex_column_div av-zero-column-padding first  avia-builder-el-2  el_after_av_one_full  el_before_av_one_full  column-top-margin\" style='border-radius:0px; '><section class=\"av_textblock_section \"  itemscope=\"itemscope\" itemtype=\"https:\/\/schema.org\/BlogPosting\" itemprop=\"blogPost\" ><div class='avia_textblock  '   itemprop=\"text\" ><p class=\"Cuerpo\" style=\"text-align: center;\"><span class=\"Ninguno\" style=\"font-size: 18pt;\"><b><span lang=\"ES-TRAD\" style=\"line-height: 107%;\">Programa Red Cultura Ays\u00e9n impulsa trabajo asociativo entre agrupaciones comunitarias y municipios<\/span><\/b><\/span><\/p>\n<div id=\"gtx-trans\" style=\"position: absolute; left: -50px; top: 4.31534px;\">\n<div class=\"gtx-trans-icon\"><\/div>\n<\/div>\n<\/div><\/section><\/div><div class=\"flex_column av_one_full  flex_column_div av-zero-column-padding first  avia-builder-el-4  el_after_av_one_full  el_before_av_hr  column-top-margin\" style='border-radius:0px; '><section class=\"av_textblock_section \"  itemscope=\"itemscope\" itemtype=\"https:\/\/schema.org\/BlogPosting\" itemprop=\"blogPost\" ><div class='avia_textblock  '   itemprop=\"text\" ><p style=\"text-align: justify;\">Como parte del trabajo desplegado en la regi\u00f3n, el programa Red Cultura Ays\u00e9n ha puesto su sello en la participaci\u00f3n local y construcci\u00f3n identitaria a partir de las expresiones colectivas. El a\u00f1o pasado, bajo esta premisa logr\u00f3 llegar a todas las comunas, incluidos sectores aislados, y el 2023 ya cuenta con una nutrida agenda de convenios e Iniciativas Culturales Asociativas (ICA).<\/p>\n<p style=\"text-align: justify;\">Mediante financiamiento del programa de Fortalecimiento de la Identidad Cultural Regional (FICR) de la Unidad de Ciudadan\u00eda de la Seremi de las Culturas, las Artes y el Patrimonio Ays\u00e9n, Red Cultura ha contribuido a la articulaci\u00f3n territorial y la entrega de herramientas para gestionar diferentes propuestas de intervenci\u00f3n en base al di\u00e1logo, situaci\u00f3n que viene a reforzar el v\u00ednculo con agentes culturales territoriales y municipios.<\/p>\n<p style=\"text-align: justify;\">\u201cEsta alianza tiene como foco estrechar los lazos que tenemos junto con las organizaciones y las mesas que existen a nivel comunal, adem\u00e1s con las comunidades, porque generamos un trabajo colaborativo entre distintas organizaciones, entre distintas personas naturales tambi\u00e9n, para levantar un proyecto colectivo que incida y posicione el \u00e9nfasis local con respecto a la programaci\u00f3n que ellos mismos quieren levantar\u201d, manifest\u00f3 el seremi de Culturas Ays\u00e9n, Felipe Quiroz.<\/p>\n<p style=\"text-align: justify;\">Dicha asociatividad dio como resultado diez proyectos con tem\u00e1ticas alusivas a macro variables de directo impacto en la poblaci\u00f3n. As\u00ed, durante el transcurso de 2022, Tortel, Coyhaique, Lago Verde, Guaitecas, Chile Chico, Cochrane, Ays\u00e9n, Cisnes, Ib\u00e1\u00f1ez y O\u2019Higgins plasmaron en recintos p\u00fablicos propuestas formativas y producciones art\u00edsticas creadas por sus habitantes.<\/p>\n<p style=\"text-align: justify;\">En Lago Verde, con \u201cFabulario Feminista\u201d, Teatro Austral y Teatro Ciudadano pusieron el acento en el enfoque de g\u00e9nero. \u201cEn el caso de nuestro ICA, cuyo objetivo era instaurar la educaci\u00f3n no sexista desde la infancia, no pod\u00eda haber mejor forma de llegar que a trav\u00e9s del arte, es por ello que tomamos algunos cuentos del &#8216;Fabulario Feminista&#8217; creado por Bernardita Villegas y Catalina Troncoso para ponerlos en escena a trav\u00e9s de los t\u00edteres y los audios cuentos\u201d, coment\u00f3 Mar\u00eda Jos\u00e9 Vivero, responsable de levantar el informe del proyecto cuyo fin colaborativo involucr\u00f3 la coordinaci\u00f3n con las comunidades educativas de escuelas y jardines infantiles.<\/p>\n<p style=\"text-align: justify;\">Algo parecido ocurri\u00f3 en el \u201cReencuentro de artistas, cultores y artesanos. Reflexi\u00f3n y asociatividad con OCC de Coyhaique\u201d, ICA a cargo de la agrupaci\u00f3n Mi Taller Che, en alianza con las organizaciones Carpintero Negro, Rituales, Colectivo de Danza, Trinchera Utop\u00eda y el Frente de Artistas, para gestionar talleres, n\u00fameros art\u00edsticos y una mateada en la Escuela Pablo Neruda y el Campo Jineteadas.<\/p>\n<p style=\"text-align: justify;\">\u201cEl poder hacer redes y conectarse con otras organizaciones culturales, lo que hace es que haya una retroalimentaci\u00f3n respecto a c\u00f3mo se trabaja, tambi\u00e9n te permite so\u00f1ar en conjunto\u201d, expres\u00f3 Marcela Ag\u00fcero, integrante de la agrupaci\u00f3n.<\/p>\n<p style=\"text-align: justify;\"><strong>Muestras art\u00edsticas y talleres <\/strong><\/p>\n<p style=\"text-align: justify;\">El resto de iniciativas se distribuy\u00f3 por puntos geogr\u00e1ficos. Al norte, la comuna de Guaitecas a trav\u00e9s del municipio y cultores, tuvo como variable la preservaci\u00f3n de la memoria hist\u00f3rica, sobre todo de oficios, entre los que destac\u00f3 la tejueler\u00eda, carpinter\u00eda de ribera, creaci\u00f3n de arpilleras y la puesta en escena de una obra de teatro al cierre del ICA \u201cSaberes y ra\u00edces culturales de Guaitecas\u201d, en el que particip\u00f3 como facilitador el tejuelero y Tesoro Humano Vivo, Ram\u00f3n Carimoney.<\/p>\n<p style=\"text-align: justify;\">En una l\u00ednea similar, la Agrupaci\u00f3n Social de Turismo N\u00e1utico y Conservaci\u00f3n de Cet\u00e1ceos, puso sobre la palestra la sensibilizaci\u00f3n de la protecci\u00f3n del medioambiente con el \u201cPrimer festival art\u00edstico-cultural conociendo y valorando a trav\u00e9s del arte, nuestro patrimonio natural, humedal desembocadura r\u00edo Cisnes\u201d. M\u00e1s al oeste, el colectivo de Folclore Espa\u00f1ol de Puerto Ays\u00e9n propuso la reactivaci\u00f3n de v\u00ednculos en \u201cFlamenco conecta cultura\u201d, mientras que Ib\u00e1\u00f1ez opt\u00f3 por efectuar actividades formativas guiadas por la Agrupaci\u00f3n Cultural Sinfon\u00eda del Viento, mediante la iniciativa \u201cTalleres de artesan\u00eda: vinculando saberes\u201d.<\/p>\n<p style=\"text-align: justify;\"><strong>Intercambio de saberes\u00a0<\/strong><\/p>\n<p style=\"text-align: justify;\">El ICA \u201cLo que une el Chelenko: encuentro de arte y cultura en la comuna de Chile Chico\u201d trajo a los chilechiquenses una jornada interdisciplinaria, acompa\u00f1ada de artesan\u00edas, donde los tejidos, orfebrer\u00eda y las degustaciones de platos captaron la atenci\u00f3n, actividad coordinada al alero del Taller Folcl\u00f3rico Los Caiquenes del Lago.<\/p>\n<p style=\"text-align: justify;\">En un contexto parecido, el Colectivo Cheelkenue de Cochrane, organiz\u00f3 la \u201cFeria de intercambio de saberes art\u00edsticos\u201d. En tanto la Unidad de Cultura de la Municipalidad de Tortel, en conjunto a agentes locales entablaron un v\u00ednculo asociativo y en continua cooperaci\u00f3n. \u201cEl Proyecto ICA fue un aporte a nivel patrimonial\u201d, detall\u00f3 la encargada de Cultura de Tortel, Scarlet Verdugo, tras la apertura de conocimientos en \u201cManos que transmiten patrimonio\u201d.<\/p>\n<p style=\"text-align: justify;\">\u201cSon oportunidades de encuentro, esparcimiento creativo y tambi\u00e9n representatividad de las OCC que forman parte de la elaboraci\u00f3n de un plan de trabajo colectivo\u201d, complement\u00f3 Verdugo para resaltar el di\u00e1logo y el despliegue en la comuna entre la casa edilicia y artesanos. En tanto, O\u2019Higgins a trav\u00e9s del Departamento de Cultura, entreg\u00f3 herramientas a j\u00f3venes para la producci\u00f3n del disco \u201cSon de glaciares\u201d en el marco del ICA \u201cArte y cultura en el R\u00edo Mayer\u201d.<\/p>\n<p style=\"text-align: justify;\">Actualmente el programa Red Cultura se encuentra con convenios en todas las comunas que, igual al 2022, deben realizarse con la participaci\u00f3n ciudadana e institucional.<\/p>\n<\/div><\/section><\/div><div  style='height:50px' class='hr hr-invisible   avia-builder-el-6  el_after_av_one_full  el_before_av_social_share '><span class='hr-inner ' ><span class='hr-inner-style'><\/span><\/span><\/div><\/p>\n<div  class='av-social-sharing-box  avia-builder-el-7  el_after_av_hr  el_before_av_hr  '><div class='av-share-box'><h5 class='av-share-link-description av-no-toc '>Compartir esta noticia<\/h5><ul class='av-share-box-list noLightbox'><li class='av-share-link av-social-link-facebook' ><a target=\"_blank\" aria-label=\"Compartir en Facebook\" href='https:\/\/www.facebook.com\/sharer.php?u=https:\/\/radiorevelacionfm.cl\/?p=26885&#038;t=Programa%20Red%20Cultura%20Ays%C3%A9n%20impulsa%20trabajo%20asociativo%20entre%20agrupaciones%20comunitarias%20y%20municipios' aria-hidden='false' data-av_icon='\ue8f3' data-av_iconfont='entypo-fontello' title='' data-avia-related-tooltip='Compartir en Facebook' rel=\"noopener\"><span class='avia_hidden_link_text'>Compartir en Facebook<\/span><\/a><\/li><li class='av-share-link av-social-link-twitter' ><a target=\"_blank\" aria-label=\"Compartir en Twitter\" href='https:\/\/twitter.com\/share?text=Programa%20Red%20Cultura%20Ays%C3%A9n%20impulsa%20trabajo%20asociativo%20entre%20agrupaciones%20comunitarias%20y%20municipios&#038;url=https:\/\/radiorevelacionfm.cl\/?p=26885' aria-hidden='false' data-av_icon='\ue8f1' data-av_iconfont='entypo-fontello' title='' data-avia-related-tooltip='Compartir en Twitter' rel=\"noopener\"><span class='avia_hidden_link_text'>Compartir en Twitter<\/span><\/a><\/li><li class='av-share-link av-social-link-whatsapp' ><a target=\"_blank\" aria-label=\"Compartir en Whatsapp\" href='https:\/\/api.whatsapp.com\/send?text=https:\/\/radiorevelacionfm.cl\/?p=26885' aria-hidden='false' data-av_icon='\uf232' data-av_iconfont='entypo-fontello' title='' data-avia-related-tooltip='Compartir en Whatsapp' rel=\"noopener\"><span class='avia_hidden_link_text'>Compartir en Whatsapp<\/span><\/a><\/li><li class='av-share-link av-social-link-linkedin' ><a target=\"_blank\" aria-label=\"Compartir en LinkedIn\" href='https:\/\/linkedin.com\/shareArticle?mini=true&#038;title=Programa%20Red%20Cultura%20Ays%C3%A9n%20impulsa%20trabajo%20asociativo%20entre%20agrupaciones%20comunitarias%20y%20municipios&#038;url=https:\/\/radiorevelacionfm.cl\/?p=26885' aria-hidden='false' data-av_icon='\ue8fc' data-av_iconfont='entypo-fontello' title='' data-avia-related-tooltip='Compartir en LinkedIn' rel=\"noopener\"><span class='avia_hidden_link_text'>Compartir en LinkedIn<\/span><\/a><\/li><li class='av-share-link av-social-link-mail' ><a  aria-label=\"Compartir por correo\" href='mailto:?subject=Programa%20Red%20Cultura%20Ays%C3%A9n%20impulsa%20trabajo%20asociativo%20entre%20agrupaciones%20comunitarias%20y%20municipios&#038;body=https:\/\/radiorevelacionfm.cl\/?p=26885' aria-hidden='false' data-av_icon='\ue805' data-av_iconfont='entypo-fontello' title='' data-avia-related-tooltip='Compartir por correo'><span class='avia_hidden_link_text'>Compartir por correo<\/span><\/a><\/li><\/ul><\/div><\/div>\n<div  style='height:50px' class='hr hr-invisible   avia-builder-el-8  el_after_av_social_share  el_before_av_comments_list '><span class='hr-inner ' ><span class='hr-inner-style'><\/span><\/span><\/div>\n<div  class='av-buildercomment  av-blog-meta-html-info-disabled av-blog-meta-tag-disabled  '><\/div>\n","protected":false},"excerpt":{"rendered":"","protected":false},"author":1,"featured_media":26886,"comment_status":"open","ping_status":"open","sticky":false,"template":"","format":"standard","meta":{"footnotes":""},"categories":[52],"tags":[],"class_list":["post-26885","post","type-post","status-publish","format-standard","has-post-thumbnail","hentry","category-cultura"],"jetpack_featured_media_url":"https:\/\/radiorevelacionfm.cl\/wp-content\/uploads\/2023\/01\/ica-aysen-artesanas-1_optimized.jpg","_links":{"self":[{"href":"https:\/\/radiorevelacionfm.cl\/index.php?rest_route=\/wp\/v2\/posts\/26885","targetHints":{"allow":["GET"]}}],"collection":[{"href":"https:\/\/radiorevelacionfm.cl\/index.php?rest_route=\/wp\/v2\/posts"}],"about":[{"href":"https:\/\/radiorevelacionfm.cl\/index.php?rest_route=\/wp\/v2\/types\/post"}],"author":[{"embeddable":true,"href":"https:\/\/radiorevelacionfm.cl\/index.php?rest_route=\/wp\/v2\/users\/1"}],"replies":[{"embeddable":true,"href":"https:\/\/radiorevelacionfm.cl\/index.php?rest_route=%2Fwp%2Fv2%2Fcomments&post=26885"}],"version-history":[{"count":2,"href":"https:\/\/radiorevelacionfm.cl\/index.php?rest_route=\/wp\/v2\/posts\/26885\/revisions"}],"predecessor-version":[{"id":26888,"href":"https:\/\/radiorevelacionfm.cl\/index.php?rest_route=\/wp\/v2\/posts\/26885\/revisions\/26888"}],"wp:featuredmedia":[{"embeddable":true,"href":"https:\/\/radiorevelacionfm.cl\/index.php?rest_route=\/wp\/v2\/media\/26886"}],"wp:attachment":[{"href":"https:\/\/radiorevelacionfm.cl\/index.php?rest_route=%2Fwp%2Fv2%2Fmedia&parent=26885"}],"wp:term":[{"taxonomy":"category","embeddable":true,"href":"https:\/\/radiorevelacionfm.cl\/index.php?rest_route=%2Fwp%2Fv2%2Fcategories&post=26885"},{"taxonomy":"post_tag","embeddable":true,"href":"https:\/\/radiorevelacionfm.cl\/index.php?rest_route=%2Fwp%2Fv2%2Ftags&post=26885"}],"curies":[{"name":"wp","href":"https:\/\/api.w.org\/{rel}","templated":true}]}}