{"id":26879,"date":"2023-01-20T15:49:44","date_gmt":"2023-01-20T18:49:44","guid":{"rendered":"https:\/\/radiorevelacionfm.cl\/?p=26879"},"modified":"2023-01-20T16:02:28","modified_gmt":"2023-01-20T19:02:28","slug":"seremi-de-bienes-nacionales-se-reune-con-productores-de-bajo-cero-stop-motion","status":"publish","type":"post","link":"https:\/\/radiorevelacionfm.cl\/?p=26879","title":{"rendered":"Seremi de Bienes Nacionales se re\u00fane con productores de Bajo Cero Stop Motion"},"content":{"rendered":"<div class=\"flex_column av_one_full  flex_column_div av-zero-column-padding first  avia-builder-el-0  el_before_av_one_full  avia-builder-el-first  \" style='border-radius:0px; '><div  class='avia-image-container  av-styling-    avia-builder-el-1  avia-builder-el-no-sibling  avia-align-center '  itemprop=\"image\" itemscope=\"itemscope\" itemtype=\"https:\/\/schema.org\/ImageObject\"  ><div class='avia-image-container-inner'><div class='avia-image-overlay-wrap'><img decoding=\"async\" class='wp-image-26881 avia-img-lazy-loading-not-26881 avia_image' src=\"https:\/\/radiorevelacionfm.cl\/wp-content\/uploads\/2023\/01\/3-2023-01-20T154002.542-2-1.jpg\" alt='' title='3 - 2023-01-20T154002.542 (2) (1)' height=\"600\" width=\"989\"  itemprop=\"thumbnailUrl\" srcset=\"https:\/\/radiorevelacionfm.cl\/wp-content\/uploads\/2023\/01\/3-2023-01-20T154002.542-2-1.jpg 989w, https:\/\/radiorevelacionfm.cl\/wp-content\/uploads\/2023\/01\/3-2023-01-20T154002.542-2-1-300x182.jpg 300w, https:\/\/radiorevelacionfm.cl\/wp-content\/uploads\/2023\/01\/3-2023-01-20T154002.542-2-1-768x466.jpg 768w, https:\/\/radiorevelacionfm.cl\/wp-content\/uploads\/2023\/01\/3-2023-01-20T154002.542-2-1-705x428.jpg 705w, https:\/\/radiorevelacionfm.cl\/wp-content\/uploads\/2023\/01\/3-2023-01-20T154002.542-2-1-600x364.jpg 600w\" sizes=\"(max-width: 989px) 100vw, 989px\" \/><\/div><\/div><\/div><\/div>\n<div class=\"flex_column av_one_full  flex_column_div av-zero-column-padding first  avia-builder-el-2  el_after_av_one_full  el_before_av_one_full  column-top-margin\" style='border-radius:0px; '><section class=\"av_textblock_section \"  itemscope=\"itemscope\" itemtype=\"https:\/\/schema.org\/BlogPosting\" itemprop=\"blogPost\" ><div class='avia_textblock  '   itemprop=\"text\" ><p style=\"text-align: center;\"><span style=\"font-size: 18pt;\"><strong>Seremi de Bienes Nacionales se re\u00fane con productores <\/strong><strong>de Bajo Cero Stop Motion<\/strong><\/span><\/p>\n<div id=\"gtx-trans\" style=\"position: absolute; left: -50px; top: 4.31534px;\">\n<div class=\"gtx-trans-icon\"><\/div>\n<\/div>\n<\/div><\/section><\/div><div class=\"flex_column av_one_full  flex_column_div av-zero-column-padding first  avia-builder-el-4  el_after_av_one_full  el_before_av_hr  column-top-margin\" style='border-radius:0px; '><section class=\"av_textblock_section \"  itemscope=\"itemscope\" itemtype=\"https:\/\/schema.org\/BlogPosting\" itemprop=\"blogPost\" ><div class='avia_textblock  '   itemprop=\"text\" ><p style=\"text-align: justify;\">Con el objetivo de conocer a los realizadores audiovisuales, la Seremi Irina Morend recibi\u00f3 en su oficina a Daniela Poblete y Polo Rossi, quienes recientemente dieron vida a la productora \u201cBajo Cero Stop Motion\u201d. Dupla que en plena pandemia se reinvent\u00f3 y encontr\u00f3 en la t\u00e9cnica de animaci\u00f3n el espacio perfecto para combinar distintas disciplinas art\u00edsticas y acad\u00e9micas, principalmente la historia, la m\u00fasica y la animaci\u00f3n.<\/p>\n<p style=\"text-align: justify;\">La t\u00e9cnica de animaci\u00f3n stop motion consiste en aparentar el movimiento de objetos est\u00e1ticos por medio de una serie de im\u00e1genes fijas sucesivas, en la lengua espa\u00f1ola su traducci\u00f3n ser\u00eda: animaci\u00f3n foto a foto o animaci\u00f3n fotograma a fotograma, entre otros conceptos acu\u00f1ados para esta t\u00e9cnica.<\/p>\n<p style=\"text-align: justify;\">\u201cDesde el inicio de nuestra administraci\u00f3n hemos fijado como uno de nuestros principales ejes de acci\u00f3n el reconocimiento de nuestro patrimonio material e inmaterial y realzar la funci\u00f3n del Ministerio de Bienes Nacionales en la historia de la regi\u00f3n de Ays\u00e9n. En concreto, ya hemos iniciamos un trabajo de rescate del patrimonio documental regional; buscamos poner en valor los inmuebles fiscales y reconocer a los actores que contribuyeron y contribuyen a la consolidaci\u00f3n del territorio, en ese sentido, lo que realizan Daniela y Polo es poner en valor nuestra historia y con quienes queremos seguir estrechando lazos para seguir apoy\u00e1ndonos en estos objetivos\u201d, apunt\u00f3 la Seremi Irina Morend.<\/p>\n<p style=\"text-align: justify;\">En esa l\u00ednea, Daniela Poblete quien es historiadora y guionista nos cont\u00f3 c\u00f3mo nace la idea de combinar distintas disciplinas y destaca el apoyo recibido desde la Serem\u00eda para la concreci\u00f3n de sus productos. \u201cPartimos el a\u00f1o 2020, en plena pandemia, un a\u00f1o en que estaba todo suspendido y fue ah\u00ed que surgi\u00f3 la idea de combinar distintas disciplinas art\u00edsticas, encontrando en el stop motion el lugar para juntarlas y as\u00ed retratar espacios hist\u00f3ricos del patrimonio de la regi\u00f3n\u201d.<\/p>\n<p style=\"text-align: justify;\">-Y agrega. \u201cFue fundamental el apoyo de Bienes Nacionales ya que nos permitieron tomar contacto con los ex funcionarios, Hugo Paz y Milton Rojas, quienes estuvieron en bienes nacionales muchas d\u00e9cadas, fueron ellos quienes nos dieron la base para poder escribir el guion, inclusive una vez desarrollado el texto lo revisaron para precisar datos de la historia del servicio en la regi\u00f3n de Ays\u00e9n, as\u00ed que agradecer la disposici\u00f3n que tuvieron para generar lograr este trabajo\u201d.<\/p>\n<p style=\"text-align: justify;\">En el siguiente link pueden revisar todos los trabajos que la productora ha realizado, material que pone en valor la historia material e inmaterial de la regi\u00f3n de Ays\u00e9n:<\/p>\n<p style=\"text-align: justify;\"><a href=\"https:\/\/www.youtube.com\/@BajoCeroStopMotion\/videos?fbclid=IwAR2QBTF2TKBcsJzaQRLogOHde5fbhBs8KV1cNNic86n8FlYUeAgAS-Z5s2I\">https:\/\/www.youtube.com\/@BajoCeroStopMotion\/videos<\/a><\/p>\n<\/div><\/section><\/div><\/p>\n<div  style='height:50px' class='hr hr-invisible   avia-builder-el-6  el_after_av_one_full  el_before_av_social_share '><span class='hr-inner ' ><span class='hr-inner-style'><\/span><\/span><\/div>\n<div  class='av-social-sharing-box  avia-builder-el-7  el_after_av_hr  el_before_av_hr  '><div class='av-share-box'><h5 class='av-share-link-description av-no-toc '>Compartir esta noticia<\/h5><ul class='av-share-box-list noLightbox'><li class='av-share-link av-social-link-facebook' ><a target=\"_blank\" aria-label=\"Compartir en Facebook\" href='https:\/\/www.facebook.com\/sharer.php?u=https:\/\/radiorevelacionfm.cl\/?p=26879&#038;t=Seremi%20de%20Bienes%20Nacionales%20se%20re%C3%BAne%20con%20productores%20de%20Bajo%20Cero%20Stop%20Motion' aria-hidden='false' data-av_icon='\ue8f3' data-av_iconfont='entypo-fontello' title='' data-avia-related-tooltip='Compartir en Facebook' rel=\"noopener\"><span class='avia_hidden_link_text'>Compartir en Facebook<\/span><\/a><\/li><li class='av-share-link av-social-link-twitter' ><a target=\"_blank\" aria-label=\"Compartir en Twitter\" href='https:\/\/twitter.com\/share?text=Seremi%20de%20Bienes%20Nacionales%20se%20re%C3%BAne%20con%20productores%20de%20Bajo%20Cero%20Stop%20Motion&#038;url=https:\/\/radiorevelacionfm.cl\/?p=26879' aria-hidden='false' data-av_icon='\ue8f1' data-av_iconfont='entypo-fontello' title='' data-avia-related-tooltip='Compartir en Twitter' rel=\"noopener\"><span class='avia_hidden_link_text'>Compartir en Twitter<\/span><\/a><\/li><li class='av-share-link av-social-link-whatsapp' ><a target=\"_blank\" aria-label=\"Compartir en Whatsapp\" href='https:\/\/api.whatsapp.com\/send?text=https:\/\/radiorevelacionfm.cl\/?p=26879' aria-hidden='false' data-av_icon='\uf232' data-av_iconfont='entypo-fontello' title='' data-avia-related-tooltip='Compartir en Whatsapp' rel=\"noopener\"><span class='avia_hidden_link_text'>Compartir en Whatsapp<\/span><\/a><\/li><li class='av-share-link av-social-link-linkedin' ><a target=\"_blank\" aria-label=\"Compartir en LinkedIn\" href='https:\/\/linkedin.com\/shareArticle?mini=true&#038;title=Seremi%20de%20Bienes%20Nacionales%20se%20re%C3%BAne%20con%20productores%20de%20Bajo%20Cero%20Stop%20Motion&#038;url=https:\/\/radiorevelacionfm.cl\/?p=26879' aria-hidden='false' data-av_icon='\ue8fc' data-av_iconfont='entypo-fontello' title='' data-avia-related-tooltip='Compartir en LinkedIn' rel=\"noopener\"><span class='avia_hidden_link_text'>Compartir en LinkedIn<\/span><\/a><\/li><li class='av-share-link av-social-link-mail' ><a  aria-label=\"Compartir por correo\" href='mailto:?subject=Seremi%20de%20Bienes%20Nacionales%20se%20re%C3%BAne%20con%20productores%20de%20Bajo%20Cero%20Stop%20Motion&#038;body=https:\/\/radiorevelacionfm.cl\/?p=26879' aria-hidden='false' data-av_icon='\ue805' data-av_iconfont='entypo-fontello' title='' data-avia-related-tooltip='Compartir por correo'><span class='avia_hidden_link_text'>Compartir por correo<\/span><\/a><\/li><\/ul><\/div><\/div>\n<div  style='height:50px' class='hr hr-invisible   avia-builder-el-8  el_after_av_social_share  el_before_av_comments_list '><span class='hr-inner ' ><span class='hr-inner-style'><\/span><\/span><\/div>\n<div  class='av-buildercomment  av-blog-meta-html-info-disabled av-blog-meta-tag-disabled  '><\/div>\n","protected":false},"excerpt":{"rendered":"","protected":false},"author":1,"featured_media":26881,"comment_status":"open","ping_status":"open","sticky":false,"template":"","format":"standard","meta":{"footnotes":""},"categories":[38],"tags":[],"class_list":["post-26879","post","type-post","status-publish","format-standard","has-post-thumbnail","hentry","category-regional"],"jetpack_featured_media_url":"https:\/\/radiorevelacionfm.cl\/wp-content\/uploads\/2023\/01\/3-2023-01-20T154002.542-2-1.jpg","_links":{"self":[{"href":"https:\/\/radiorevelacionfm.cl\/index.php?rest_route=\/wp\/v2\/posts\/26879","targetHints":{"allow":["GET"]}}],"collection":[{"href":"https:\/\/radiorevelacionfm.cl\/index.php?rest_route=\/wp\/v2\/posts"}],"about":[{"href":"https:\/\/radiorevelacionfm.cl\/index.php?rest_route=\/wp\/v2\/types\/post"}],"author":[{"embeddable":true,"href":"https:\/\/radiorevelacionfm.cl\/index.php?rest_route=\/wp\/v2\/users\/1"}],"replies":[{"embeddable":true,"href":"https:\/\/radiorevelacionfm.cl\/index.php?rest_route=%2Fwp%2Fv2%2Fcomments&post=26879"}],"version-history":[{"count":3,"href":"https:\/\/radiorevelacionfm.cl\/index.php?rest_route=\/wp\/v2\/posts\/26879\/revisions"}],"predecessor-version":[{"id":26883,"href":"https:\/\/radiorevelacionfm.cl\/index.php?rest_route=\/wp\/v2\/posts\/26879\/revisions\/26883"}],"wp:featuredmedia":[{"embeddable":true,"href":"https:\/\/radiorevelacionfm.cl\/index.php?rest_route=\/wp\/v2\/media\/26881"}],"wp:attachment":[{"href":"https:\/\/radiorevelacionfm.cl\/index.php?rest_route=%2Fwp%2Fv2%2Fmedia&parent=26879"}],"wp:term":[{"taxonomy":"category","embeddable":true,"href":"https:\/\/radiorevelacionfm.cl\/index.php?rest_route=%2Fwp%2Fv2%2Fcategories&post=26879"},{"taxonomy":"post_tag","embeddable":true,"href":"https:\/\/radiorevelacionfm.cl\/index.php?rest_route=%2Fwp%2Fv2%2Ftags&post=26879"}],"curies":[{"name":"wp","href":"https:\/\/api.w.org\/{rel}","templated":true}]}}