{"id":26872,"date":"2023-01-20T11:56:51","date_gmt":"2023-01-20T14:56:51","guid":{"rendered":"https:\/\/radiorevelacionfm.cl\/?p=26872"},"modified":"2023-01-20T11:56:51","modified_gmt":"2023-01-20T14:56:51","slug":"realizaran-apertura-progresiva-para-el-transito-vehicular-en-sector-puente-la-cruz","status":"publish","type":"post","link":"https:\/\/radiorevelacionfm.cl\/?p=26872","title":{"rendered":"Realizar\u00e1n apertura progresiva para el tr\u00e1nsito vehicular en sector puente La Cruz"},"content":{"rendered":"<div class=\"flex_column av_one_full  flex_column_div av-zero-column-padding first  avia-builder-el-0  el_before_av_one_full  avia-builder-el-first  \" style='border-radius:0px; '><div  class='avia-image-container  av-styling-    avia-builder-el-1  avia-builder-el-no-sibling  avia-align-center '  itemprop=\"image\" itemscope=\"itemscope\" itemtype=\"https:\/\/schema.org\/ImageObject\"  ><div class='avia-image-container-inner'><div class='avia-image-overlay-wrap'><img decoding=\"async\" class='wp-image-26873 avia-img-lazy-loading-not-26873 avia_image' src=\"https:\/\/radiorevelacionfm.cl\/wp-content\/uploads\/2023\/01\/foto-SRM-en-Obra-Baquedano-1-1.jpg\" alt='' title='foto-SRM-en-Obra-Baquedano (1) (1)' height=\"600\" width=\"713\"  itemprop=\"thumbnailUrl\" srcset=\"https:\/\/radiorevelacionfm.cl\/wp-content\/uploads\/2023\/01\/foto-SRM-en-Obra-Baquedano-1-1.jpg 713w, https:\/\/radiorevelacionfm.cl\/wp-content\/uploads\/2023\/01\/foto-SRM-en-Obra-Baquedano-1-1-300x252.jpg 300w, https:\/\/radiorevelacionfm.cl\/wp-content\/uploads\/2023\/01\/foto-SRM-en-Obra-Baquedano-1-1-705x593.jpg 705w, https:\/\/radiorevelacionfm.cl\/wp-content\/uploads\/2023\/01\/foto-SRM-en-Obra-Baquedano-1-1-600x505.jpg 600w\" sizes=\"(max-width: 713px) 100vw, 713px\" \/><\/div><\/div><\/div><\/div><div class=\"flex_column av_one_full  flex_column_div av-zero-column-padding first  avia-builder-el-2  el_after_av_one_full  el_before_av_one_full  column-top-margin\" style='border-radius:0px; '><section class=\"av_textblock_section \"  itemscope=\"itemscope\" itemtype=\"https:\/\/schema.org\/BlogPosting\" itemprop=\"blogPost\" ><div class='avia_textblock  '   itemprop=\"text\" ><p style=\"text-align: center;\"><strong><span style=\"font-size: 18pt;\">Realizar\u00e1n apertura progresiva para el tr\u00e1nsito vehicular en sector puente La Cruz<\/span><\/strong><\/p>\n<div id=\"gtx-trans\" style=\"position: absolute; left: -50px; top: 4.31534px;\">\n<div class=\"gtx-trans-icon\"><\/div>\n<\/div>\n<\/div><\/section><\/div><div class=\"flex_column av_one_full  flex_column_div av-zero-column-padding first  avia-builder-el-4  el_after_av_one_full  el_before_av_hr  column-top-margin\" style='border-radius:0px; '><section class=\"av_textblock_section \"  itemscope=\"itemscope\" itemtype=\"https:\/\/schema.org\/BlogPosting\" itemprop=\"blogPost\" ><div class='avia_textblock  '   itemprop=\"text\" ><p style=\"text-align: justify;\">Como MOP nuestra misi\u00f3n es recuperar, fortalecer y avanzar en la provisi\u00f3n y gesti\u00f3n de obras y servicios de infraestructura para la conectividad, siendo nuestro deber mejorar la calidad de vida de las personas, velando por la seguridad de todos nuestros usuarios y usuarias, en esta l\u00ednea y continuando con el cumplimiento de nuestros compromisos, nos complace informar que se encuentra ejecutado el 100% del Muro TEM y un 80% de los terraplenes en el Sector de La Cruz, por lo que a la fecha es factible habilitar en carpeta granular una pista para tr\u00e1nsito vehicular (de todo tipo) por Avenida Baquedano.<\/p>\n<p style=\"text-align: justify;\">Por lo tanto, se comunica que a partir del lunes 23 de enero de 2023 se habilitar\u00e1, la pista sur del eje existente en el Sector de Quebrada La Cruz que permitir\u00e1 la circulaci\u00f3n de tr\u00e1nsito vehicular por dicho sector. Esta habilitaci\u00f3n tendr\u00e1 horario diferido en sentido Oriente a Poniente (direcci\u00f3n Escuela Agr\u00edcola a Coyhaique Centro) seg\u00fan el siguiente detalle sujeto a la evaluaci\u00f3n de funcionamiento de esta jornada estival.<\/p>\n<p style=\"text-align: justify;\">7:00 a 10:00 para veh\u00edculos livianos, camiones y veh\u00edculos pesados (de lunes a viernes).<\/p>\n<p style=\"text-align: justify;\">19:00 a 20:00 solo para camiones y veh\u00edculos pesados (de lunes a viernes).<\/p>\n<p style=\"text-align: justify;\">Aplica para veh\u00edculos particulares, respecto a la locomoci\u00f3n colectiva ser\u00e1 resuelto por el Ministerio de transporte e informada durante los pr\u00f3ximos d\u00edas.<\/p>\n<p style=\"text-align: justify;\">Sin perjuicio de futuras adecuaciones tendientes a mejorar los tiempos de viaje, salvo las excepciones ya indicadas, el resto del d\u00eda el sentido del tr\u00e1nsito se mantiene de Poniente a Oriente (direcci\u00f3n Coyhaique Centro a Escuela Agr\u00edcola).<\/p>\n<\/div><\/section><\/div><div  style='height:50px' class='hr hr-invisible   avia-builder-el-6  el_after_av_one_full  el_before_av_social_share '><span class='hr-inner ' ><span class='hr-inner-style'><\/span><\/span><\/div><\/p>\n<div  class='av-social-sharing-box  avia-builder-el-7  el_after_av_hr  el_before_av_hr  '><div class='av-share-box'><h5 class='av-share-link-description av-no-toc '>Compartir esta noticia<\/h5><ul class='av-share-box-list noLightbox'><li class='av-share-link av-social-link-facebook' ><a target=\"_blank\" aria-label=\"Compartir en Facebook\" href='https:\/\/www.facebook.com\/sharer.php?u=https:\/\/radiorevelacionfm.cl\/?p=26872&#038;t=Realizar%C3%A1n%20apertura%20progresiva%20para%20el%20tr%C3%A1nsito%20vehicular%20en%20sector%20puente%20La%20Cruz' aria-hidden='false' data-av_icon='\ue8f3' data-av_iconfont='entypo-fontello' title='' data-avia-related-tooltip='Compartir en Facebook' rel=\"noopener\"><span class='avia_hidden_link_text'>Compartir en Facebook<\/span><\/a><\/li><li class='av-share-link av-social-link-twitter' ><a target=\"_blank\" aria-label=\"Compartir en Twitter\" href='https:\/\/twitter.com\/share?text=Realizar%C3%A1n%20apertura%20progresiva%20para%20el%20tr%C3%A1nsito%20vehicular%20en%20sector%20puente%20La%20Cruz&#038;url=https:\/\/radiorevelacionfm.cl\/?p=26872' aria-hidden='false' data-av_icon='\ue8f1' data-av_iconfont='entypo-fontello' title='' data-avia-related-tooltip='Compartir en Twitter' rel=\"noopener\"><span class='avia_hidden_link_text'>Compartir en Twitter<\/span><\/a><\/li><li class='av-share-link av-social-link-whatsapp' ><a target=\"_blank\" aria-label=\"Compartir en Whatsapp\" href='https:\/\/api.whatsapp.com\/send?text=https:\/\/radiorevelacionfm.cl\/?p=26872' aria-hidden='false' data-av_icon='\uf232' data-av_iconfont='entypo-fontello' title='' data-avia-related-tooltip='Compartir en Whatsapp' rel=\"noopener\"><span class='avia_hidden_link_text'>Compartir en Whatsapp<\/span><\/a><\/li><li class='av-share-link av-social-link-linkedin' ><a target=\"_blank\" aria-label=\"Compartir en LinkedIn\" href='https:\/\/linkedin.com\/shareArticle?mini=true&#038;title=Realizar%C3%A1n%20apertura%20progresiva%20para%20el%20tr%C3%A1nsito%20vehicular%20en%20sector%20puente%20La%20Cruz&#038;url=https:\/\/radiorevelacionfm.cl\/?p=26872' aria-hidden='false' data-av_icon='\ue8fc' data-av_iconfont='entypo-fontello' title='' data-avia-related-tooltip='Compartir en LinkedIn' rel=\"noopener\"><span class='avia_hidden_link_text'>Compartir en LinkedIn<\/span><\/a><\/li><li class='av-share-link av-social-link-mail' ><a  aria-label=\"Compartir por correo\" href='mailto:?subject=Realizar%C3%A1n%20apertura%20progresiva%20para%20el%20tr%C3%A1nsito%20vehicular%20en%20sector%20puente%20La%20Cruz&#038;body=https:\/\/radiorevelacionfm.cl\/?p=26872' aria-hidden='false' data-av_icon='\ue805' data-av_iconfont='entypo-fontello' title='' data-avia-related-tooltip='Compartir por correo'><span class='avia_hidden_link_text'>Compartir por correo<\/span><\/a><\/li><\/ul><\/div><\/div>\n<div  style='height:50px' class='hr hr-invisible   avia-builder-el-8  el_after_av_social_share  el_before_av_comments_list '><span class='hr-inner ' ><span class='hr-inner-style'><\/span><\/span><\/div>\n<div  class='av-buildercomment  av-blog-meta-html-info-disabled av-blog-meta-tag-disabled  '><\/div>\n","protected":false},"excerpt":{"rendered":"","protected":false},"author":1,"featured_media":26873,"comment_status":"open","ping_status":"open","sticky":false,"template":"","format":"standard","meta":{"footnotes":""},"categories":[38],"tags":[],"class_list":["post-26872","post","type-post","status-publish","format-standard","has-post-thumbnail","hentry","category-regional"],"jetpack_featured_media_url":"https:\/\/radiorevelacionfm.cl\/wp-content\/uploads\/2023\/01\/foto-SRM-en-Obra-Baquedano-1-1.jpg","_links":{"self":[{"href":"https:\/\/radiorevelacionfm.cl\/index.php?rest_route=\/wp\/v2\/posts\/26872","targetHints":{"allow":["GET"]}}],"collection":[{"href":"https:\/\/radiorevelacionfm.cl\/index.php?rest_route=\/wp\/v2\/posts"}],"about":[{"href":"https:\/\/radiorevelacionfm.cl\/index.php?rest_route=\/wp\/v2\/types\/post"}],"author":[{"embeddable":true,"href":"https:\/\/radiorevelacionfm.cl\/index.php?rest_route=\/wp\/v2\/users\/1"}],"replies":[{"embeddable":true,"href":"https:\/\/radiorevelacionfm.cl\/index.php?rest_route=%2Fwp%2Fv2%2Fcomments&post=26872"}],"version-history":[{"count":2,"href":"https:\/\/radiorevelacionfm.cl\/index.php?rest_route=\/wp\/v2\/posts\/26872\/revisions"}],"predecessor-version":[{"id":26875,"href":"https:\/\/radiorevelacionfm.cl\/index.php?rest_route=\/wp\/v2\/posts\/26872\/revisions\/26875"}],"wp:featuredmedia":[{"embeddable":true,"href":"https:\/\/radiorevelacionfm.cl\/index.php?rest_route=\/wp\/v2\/media\/26873"}],"wp:attachment":[{"href":"https:\/\/radiorevelacionfm.cl\/index.php?rest_route=%2Fwp%2Fv2%2Fmedia&parent=26872"}],"wp:term":[{"taxonomy":"category","embeddable":true,"href":"https:\/\/radiorevelacionfm.cl\/index.php?rest_route=%2Fwp%2Fv2%2Fcategories&post=26872"},{"taxonomy":"post_tag","embeddable":true,"href":"https:\/\/radiorevelacionfm.cl\/index.php?rest_route=%2Fwp%2Fv2%2Ftags&post=26872"}],"curies":[{"name":"wp","href":"https:\/\/api.w.org\/{rel}","templated":true}]}}