{"id":26860,"date":"2023-01-20T11:32:33","date_gmt":"2023-01-20T14:32:33","guid":{"rendered":"https:\/\/radiorevelacionfm.cl\/?p=26860"},"modified":"2023-01-20T11:32:33","modified_gmt":"2023-01-20T14:32:33","slug":"autoridades-regionales-destacaron-las-medidas-del-plan-de-reactivacion-educativa-2023","status":"publish","type":"post","link":"https:\/\/radiorevelacionfm.cl\/?p=26860","title":{"rendered":"Autoridades regionales destacaron las medidas del Plan de Reactivaci\u00f3n Educativa 2023"},"content":{"rendered":"<div class=\"flex_column av_one_full  flex_column_div av-zero-column-padding first  avia-builder-el-0  el_before_av_one_full  avia-builder-el-first  \" style='border-radius:0px; '><div  class='avia-image-container  av-styling-    avia-builder-el-1  avia-builder-el-no-sibling  avia-align-center '  itemprop=\"image\" itemscope=\"itemscope\" itemtype=\"https:\/\/schema.org\/ImageObject\"  ><div class='avia-image-container-inner'><div class='avia-image-overlay-wrap'><img decoding=\"async\" class='wp-image-26861 avia-img-lazy-loading-not-26861 avia_image' src=\"https:\/\/radiorevelacionfm.cl\/wp-content\/uploads\/2023\/01\/plan-reactivacion-1_optimized-1.jpg\" alt='' title='plan-reactivaci\u00f3n-(1)_optimized (1)' height=\"600\" width=\"1067\"  itemprop=\"thumbnailUrl\" srcset=\"https:\/\/radiorevelacionfm.cl\/wp-content\/uploads\/2023\/01\/plan-reactivacion-1_optimized-1.jpg 1067w, https:\/\/radiorevelacionfm.cl\/wp-content\/uploads\/2023\/01\/plan-reactivacion-1_optimized-1-300x169.jpg 300w, https:\/\/radiorevelacionfm.cl\/wp-content\/uploads\/2023\/01\/plan-reactivacion-1_optimized-1-1030x579.jpg 1030w, https:\/\/radiorevelacionfm.cl\/wp-content\/uploads\/2023\/01\/plan-reactivacion-1_optimized-1-768x432.jpg 768w, https:\/\/radiorevelacionfm.cl\/wp-content\/uploads\/2023\/01\/plan-reactivacion-1_optimized-1-705x396.jpg 705w, https:\/\/radiorevelacionfm.cl\/wp-content\/uploads\/2023\/01\/plan-reactivacion-1_optimized-1-600x337.jpg 600w\" sizes=\"(max-width: 1067px) 100vw, 1067px\" \/><\/div><\/div><\/div><\/div><div class=\"flex_column av_one_full  flex_column_div av-zero-column-padding first  avia-builder-el-2  el_after_av_one_full  el_before_av_one_full  column-top-margin\" style='border-radius:0px; '><section class=\"av_textblock_section \"  itemscope=\"itemscope\" itemtype=\"https:\/\/schema.org\/BlogPosting\" itemprop=\"blogPost\" ><div class='avia_textblock  '   itemprop=\"text\" ><p style=\"text-align: center;\"><strong><span style=\"font-size: 18pt;\">Autoridades regionales destacaron las medidas del Plan de Reactivaci\u00f3n Educativa 2023<\/span><\/strong><\/p>\n<div id=\"gtx-trans\" style=\"position: absolute; left: -50px; top: 4.31534px;\">\n<div class=\"gtx-trans-icon\"><\/div>\n<\/div>\n<\/div><\/section><\/div><div class=\"flex_column av_one_full  flex_column_div av-zero-column-padding first  avia-builder-el-4  el_after_av_one_full  el_before_av_hr  column-top-margin\" style='border-radius:0px; '><section class=\"av_textblock_section \"  itemscope=\"itemscope\" itemtype=\"https:\/\/schema.org\/BlogPosting\" itemprop=\"blogPost\" ><div class='avia_textblock  '   itemprop=\"text\" ><p class=\"v1MsoNormal\" style=\"text-align: justify;\">Las seremis de Gobierno Tatiana Pl\u00e1 Alvarez y de Educaci\u00f3n Isabel Garrido Casassa destacaron el Plan de Reactivaci\u00f3n Educativa 2023 presentado este lunes por el Presidente Gabriel Boric y el Ministro Marco Antonio \u00c1vila.<\/p>\n<p class=\"v1MsoNormal\" style=\"text-align: justify;\">Ambas autoridades visitaron el Jard\u00edn Infantil Las Araucarias de Fundaci\u00f3n Integra en Coyhaique en el marco del programa \u00abVacaciones en Mi Jard\u00edn\u00bb (VMJ) 2023 y que est\u00e1 dirigido a ni\u00f1as y ni\u00f1os de tres meses a cinco a\u00f1os de edad cuyas familias viven en situaci\u00f3n de vulnerabilidad social, preferentemente hijas e hijos de madres que trabajan. Es en ese contexto que la regi\u00f3n de Ays\u00e9n abrir\u00e1 las puertas de dos establecimientos para este Programa como lo son los Jardines Infantiles \u00abLas Araucarias\u00bb de Coyhaique y \u00abLos Chilcos\u00bb de Puerto Ays\u00e9n, beneficiando a un total de 96 ni\u00f1os y ni\u00f1as quienes podr\u00e1n de los beneficios del VMJ trav\u00e9s de experiencias educativas centradas en el juego y la recreaci\u00f3n.<\/p>\n<p class=\"v1MsoNormal\" style=\"text-align: justify;\">Tras la visita al jard\u00edn infantil, la Seremi y Vocera de Gobierno en la regi\u00f3n Tatiana Pl\u00e1 expres\u00f3 que \u00abHoy queremos relevar en este espacio las medidas que el Gobierno del Presidente Gabriel Boric est\u00e1 implementando no solo en materia de seguridad econ\u00f3mica sino tambi\u00e9n en materia educativa y espec\u00edficamente el Plan de Reactivaci\u00f3n Educativa 2023 que nuestro gobierno pone en marcha este a\u00f1o 2023. El a\u00f1o pasado nos preocupamos de concretar el retorno seguro a clases en contexto de pandemia. Este a\u00f1o hay medidas concretas para recuperar aprendizajes\u00bb.<\/p>\n<p class=\"v1MsoNormal\" style=\"text-align: justify;\">Por su parte, Isabel Garrido Seremi de Educaci\u00f3n se\u00f1al\u00f3 que \u00abCon el anuncio del Presidente Gabriel Boric y el Ministro Marco Avila estamos haciendo frente a uno de los mayores desaf\u00edo y hacernos cargo de las urgencias y carencias que ha dejado la pandemia en los ni\u00f1os, ni\u00f1as y adolescentes. El foco de este plan es muy claro: tenemos que resguardar que los ni\u00f1os est\u00e9n en la escuela en un ambiente seguro y de bienestar y aprendiendo lo que tiene que aprender. Esto lo abordaremos a trav\u00e9s de tres ejes y medidas principales: Ampliaci\u00f3n del Programa de Convivencia y Salud Mental; Fortalecimiento de Aprendizajes y Estrategia para el Rezago Lector Asistencia y Revinculaci\u00f3n Escolar, \u00a0crearemos equipos de profesionales y gestores en territorios para traer a los estudiantes de vuelta a las salas de clases y promover su permanencia en las aulas\u00bb.<\/p>\n<p class=\"v1MsoNormal\" style=\"text-align: justify;\">Tambi\u00e9n se cre\u00f3 un Consejo para la Reactivaci\u00f3n Educativa integrado por representantes de la sociedad civil, sector educativo, pol\u00edtico, organismos internacionales y acad\u00e9micos para que entreguen recomendaciones al Ministerio de Educaci\u00f3n para avanzar en la Reactivaci\u00f3n Educativa.<\/p>\n<p class=\"v1MsoNormal\" style=\"text-align: justify;\">La seremi Isabel Garrido formul\u00f3 un llamado a las familias para el a\u00f1o escolar 2023.\u00bb\u00a0<span lang=\"ES\">\u00abEs muy importante que los ni\u00f1os vuelvan a las salas de clases, los necesitamos en marzo. Ning\u00fan ni\u00f1o puede quedarse fuera de una sala de clases durante el a\u00f1o 2023. Y lo que le pedimos a las familias es que crean, conf\u00eden en nuestro sistema educativo y env\u00eden a sus hijos e hijas porque los necesitamos todos los d\u00edas en clases\u00bb.<\/span><\/p>\n<\/div><\/section><\/div><div  style='height:50px' class='hr hr-invisible   avia-builder-el-6  el_after_av_one_full  el_before_av_social_share '><span class='hr-inner ' ><span class='hr-inner-style'><\/span><\/span><\/div><\/p>\n<div  class='av-social-sharing-box  avia-builder-el-7  el_after_av_hr  el_before_av_hr  '><div class='av-share-box'><h5 class='av-share-link-description av-no-toc '>Compartir esta noticia<\/h5><ul class='av-share-box-list noLightbox'><li class='av-share-link av-social-link-facebook' ><a target=\"_blank\" aria-label=\"Compartir en Facebook\" href='https:\/\/www.facebook.com\/sharer.php?u=https:\/\/radiorevelacionfm.cl\/?p=26860&#038;t=Autoridades%20regionales%20destacaron%20las%20medidas%20del%20Plan%20de%20Reactivaci%C3%B3n%20Educativa%202023' aria-hidden='false' data-av_icon='\ue8f3' data-av_iconfont='entypo-fontello' title='' data-avia-related-tooltip='Compartir en Facebook' rel=\"noopener\"><span class='avia_hidden_link_text'>Compartir en Facebook<\/span><\/a><\/li><li class='av-share-link av-social-link-twitter' ><a target=\"_blank\" aria-label=\"Compartir en Twitter\" href='https:\/\/twitter.com\/share?text=Autoridades%20regionales%20destacaron%20las%20medidas%20del%20Plan%20de%20Reactivaci%C3%B3n%20Educativa%202023&#038;url=https:\/\/radiorevelacionfm.cl\/?p=26860' aria-hidden='false' data-av_icon='\ue8f1' data-av_iconfont='entypo-fontello' title='' data-avia-related-tooltip='Compartir en Twitter' rel=\"noopener\"><span class='avia_hidden_link_text'>Compartir en Twitter<\/span><\/a><\/li><li class='av-share-link av-social-link-whatsapp' ><a target=\"_blank\" aria-label=\"Compartir en Whatsapp\" href='https:\/\/api.whatsapp.com\/send?text=https:\/\/radiorevelacionfm.cl\/?p=26860' aria-hidden='false' data-av_icon='\uf232' data-av_iconfont='entypo-fontello' title='' data-avia-related-tooltip='Compartir en Whatsapp' rel=\"noopener\"><span class='avia_hidden_link_text'>Compartir en Whatsapp<\/span><\/a><\/li><li class='av-share-link av-social-link-linkedin' ><a target=\"_blank\" aria-label=\"Compartir en LinkedIn\" href='https:\/\/linkedin.com\/shareArticle?mini=true&#038;title=Autoridades%20regionales%20destacaron%20las%20medidas%20del%20Plan%20de%20Reactivaci%C3%B3n%20Educativa%202023&#038;url=https:\/\/radiorevelacionfm.cl\/?p=26860' aria-hidden='false' data-av_icon='\ue8fc' data-av_iconfont='entypo-fontello' title='' data-avia-related-tooltip='Compartir en LinkedIn' rel=\"noopener\"><span class='avia_hidden_link_text'>Compartir en LinkedIn<\/span><\/a><\/li><li class='av-share-link av-social-link-mail' ><a  aria-label=\"Compartir por correo\" href='mailto:?subject=Autoridades%20regionales%20destacaron%20las%20medidas%20del%20Plan%20de%20Reactivaci%C3%B3n%20Educativa%202023&#038;body=https:\/\/radiorevelacionfm.cl\/?p=26860' aria-hidden='false' data-av_icon='\ue805' data-av_iconfont='entypo-fontello' title='' data-avia-related-tooltip='Compartir por correo'><span class='avia_hidden_link_text'>Compartir por correo<\/span><\/a><\/li><\/ul><\/div><\/div>\n<div  style='height:50px' class='hr hr-invisible   avia-builder-el-8  el_after_av_social_share  el_before_av_comments_list '><span class='hr-inner ' ><span class='hr-inner-style'><\/span><\/span><\/div>\n<div  class='av-buildercomment  av-blog-meta-html-info-disabled av-blog-meta-tag-disabled  '><\/div>\n","protected":false},"excerpt":{"rendered":"","protected":false},"author":1,"featured_media":26861,"comment_status":"open","ping_status":"open","sticky":false,"template":"","format":"standard","meta":{"footnotes":""},"categories":[49],"tags":[],"class_list":["post-26860","post","type-post","status-publish","format-standard","has-post-thumbnail","hentry","category-educacion"],"jetpack_featured_media_url":"https:\/\/radiorevelacionfm.cl\/wp-content\/uploads\/2023\/01\/plan-reactivacion-1_optimized-1.jpg","_links":{"self":[{"href":"https:\/\/radiorevelacionfm.cl\/index.php?rest_route=\/wp\/v2\/posts\/26860","targetHints":{"allow":["GET"]}}],"collection":[{"href":"https:\/\/radiorevelacionfm.cl\/index.php?rest_route=\/wp\/v2\/posts"}],"about":[{"href":"https:\/\/radiorevelacionfm.cl\/index.php?rest_route=\/wp\/v2\/types\/post"}],"author":[{"embeddable":true,"href":"https:\/\/radiorevelacionfm.cl\/index.php?rest_route=\/wp\/v2\/users\/1"}],"replies":[{"embeddable":true,"href":"https:\/\/radiorevelacionfm.cl\/index.php?rest_route=%2Fwp%2Fv2%2Fcomments&post=26860"}],"version-history":[{"count":2,"href":"https:\/\/radiorevelacionfm.cl\/index.php?rest_route=\/wp\/v2\/posts\/26860\/revisions"}],"predecessor-version":[{"id":26871,"href":"https:\/\/radiorevelacionfm.cl\/index.php?rest_route=\/wp\/v2\/posts\/26860\/revisions\/26871"}],"wp:featuredmedia":[{"embeddable":true,"href":"https:\/\/radiorevelacionfm.cl\/index.php?rest_route=\/wp\/v2\/media\/26861"}],"wp:attachment":[{"href":"https:\/\/radiorevelacionfm.cl\/index.php?rest_route=%2Fwp%2Fv2%2Fmedia&parent=26860"}],"wp:term":[{"taxonomy":"category","embeddable":true,"href":"https:\/\/radiorevelacionfm.cl\/index.php?rest_route=%2Fwp%2Fv2%2Fcategories&post=26860"},{"taxonomy":"post_tag","embeddable":true,"href":"https:\/\/radiorevelacionfm.cl\/index.php?rest_route=%2Fwp%2Fv2%2Ftags&post=26860"}],"curies":[{"name":"wp","href":"https:\/\/api.w.org\/{rel}","templated":true}]}}