{"id":26853,"date":"2023-01-19T19:58:25","date_gmt":"2023-01-19T22:58:25","guid":{"rendered":"https:\/\/radiorevelacionfm.cl\/?p=26853"},"modified":"2023-01-19T19:58:25","modified_gmt":"2023-01-19T22:58:25","slug":"abren-postulaciones-para-iniciativas-sociales-que-busquen-financiamiento-del-8-del-fndr","status":"publish","type":"post","link":"https:\/\/radiorevelacionfm.cl\/?p=26853","title":{"rendered":"Abren postulaciones para iniciativas sociales que busquen financiamiento del 8% del FNDR"},"content":{"rendered":"<div class=\"flex_column av_one_full  flex_column_div av-zero-column-padding first  avia-builder-el-0  el_before_av_one_full  avia-builder-el-first  \" style='border-radius:0px; '><div  class='avia-image-container  av-styling-    avia-builder-el-1  avia-builder-el-no-sibling  avia-align-center '  itemprop=\"image\" itemscope=\"itemscope\" itemtype=\"https:\/\/schema.org\/ImageObject\"  ><div class='avia-image-container-inner'><div class='avia-image-overlay-wrap'><img decoding=\"async\" class='wp-image-26854 avia-img-lazy-loading-not-26854 avia_image' src=\"https:\/\/radiorevelacionfm.cl\/wp-content\/uploads\/2023\/01\/GRAFICA-REDES-FEED-1-1-1.jpg\" alt='' title='_GR\u00c1FICA REDES FEED (1) (1) (1)' height=\"600\" width=\"600\"  itemprop=\"thumbnailUrl\" srcset=\"https:\/\/radiorevelacionfm.cl\/wp-content\/uploads\/2023\/01\/GRAFICA-REDES-FEED-1-1-1.jpg 600w, https:\/\/radiorevelacionfm.cl\/wp-content\/uploads\/2023\/01\/GRAFICA-REDES-FEED-1-1-1-300x300.jpg 300w, https:\/\/radiorevelacionfm.cl\/wp-content\/uploads\/2023\/01\/GRAFICA-REDES-FEED-1-1-1-80x80.jpg 80w, https:\/\/radiorevelacionfm.cl\/wp-content\/uploads\/2023\/01\/GRAFICA-REDES-FEED-1-1-1-36x36.jpg 36w, https:\/\/radiorevelacionfm.cl\/wp-content\/uploads\/2023\/01\/GRAFICA-REDES-FEED-1-1-1-180x180.jpg 180w, https:\/\/radiorevelacionfm.cl\/wp-content\/uploads\/2023\/01\/GRAFICA-REDES-FEED-1-1-1-100x100.jpg 100w\" sizes=\"(max-width: 600px) 100vw, 600px\" \/><\/div><\/div><\/div><\/div>\n<div class=\"flex_column av_one_full  flex_column_div av-zero-column-padding first  avia-builder-el-2  el_after_av_one_full  el_before_av_one_full  column-top-margin\" style='border-radius:0px; '><section class=\"av_textblock_section \"  itemscope=\"itemscope\" itemtype=\"https:\/\/schema.org\/BlogPosting\" itemprop=\"blogPost\" ><div class='avia_textblock  '   itemprop=\"text\" ><p style=\"text-align: center;\"><strong><span style=\"font-size: 18pt;\">Abren postulaciones para iniciativas sociales que busquen financiamiento del 8% del FNDR<\/span><\/strong><\/p>\n<div id=\"gtx-trans\" style=\"position: absolute; left: -50px; top: 4.31534px;\">\n<div class=\"gtx-trans-icon\"><\/div>\n<\/div>\n<\/div><\/section><\/div><div class=\"flex_column av_one_full  flex_column_div av-zero-column-padding first  avia-builder-el-4  el_after_av_one_full  el_before_av_hr  column-top-margin\" style='border-radius:0px; '><section class=\"av_textblock_section \"  itemscope=\"itemscope\" itemtype=\"https:\/\/schema.org\/BlogPosting\" itemprop=\"blogPost\" ><div class='avia_textblock  '   itemprop=\"text\" ><p style=\"text-align: justify;\">Este jueves 19 se abrieron las postulaciones para postular iniciativas de la comunidad al 8% del Fondo Nacional de Desarrollo Regional (FNDR) del Gobierno Regional y su Consejo, destinado justamente para que personas naturales y organizaciones sociales puedan obtener financiamiento para sus proyectos y programas.<\/p>\n<p style=\"text-align: justify;\">Hace ya m\u00e1s de diez a\u00f1os el Fondo Nacional de Desarrollo Regional (FNDR) era del 2%. El porcentaje ha ido aumentando gradualmente gracias a las gestiones realizadas por las y los Gobernadores y Gobernadoras Regionales y sus Consejos Regionales. En 2022 ya se contaba con un 7%, y para el 2023 hablamos de un 8%, lo que significa un aumento de $1.046.290 con respecto al a\u00f1o pasado.<\/p>\n<p style=\"text-align: justify;\">\u201cHemos establecido grupos prioritarios; personas mayores, ni\u00f1os, ni\u00f1as, entre otros. Revisen las bases de postulaci\u00f3n, toda la informaci\u00f3n disponible. Y si como organizaci\u00f3n quieres participar o solicitar alg\u00fan tipo de capacitaci\u00f3n para poder postular a estos proyectos, cont\u00e1ctate con nosotros\u201d, as\u00ed lo indic\u00f3 la Gobernadora Regional, Andrea Mac\u00edas Palma.<\/p>\n<p style=\"text-align: justify;\">El programa permite otorgar fondos desde el Gobierno Regional para subvencionar actividades que provengan de iniciativas presentadas por Organizaciones Privadas Sin Fines de Lucro (OPSFL), municipios y otras entidades p\u00fablicas. En caso de OPSFL, deben encontrarse legalmente constituidas, vigentes y con su documentaci\u00f3n al d\u00eda. Tanto las organizaciones privadas como los municipios pueden adjudicarse entre una o tres iniciativas para cualquier periodo del a\u00f1o.<\/p>\n<p style=\"text-align: justify;\">Gracias al 8% del FNDR se sustentan iniciativas sociales en diversas materias, tales como proyectos culturales, deportivos, medioambientales, educativos y que aborden temas de seguridad p\u00fablica, entre otros.<\/p>\n<p style=\"text-align: justify;\">La Gobernadora recalc\u00f3 que \u201ces la \u00fanica oportunidad que vamos a tener durante el a\u00f1o para poder postular al financiamiento de actividades que quieran realizar. En qu\u00e9 \u00e1mbito, deportivo, social, cultura, medio ambiente, seguridad, etc.<\/p>\n<p style=\"text-align: justify;\">Para inscribir una iniciativa, las personas interesadas deben ingresar al sitio web del Gobierno Regional, <a href=\"http:\/\/www.goreaysen.cl\/\">www.goreaysen.cl, <\/a>clickear en el banner del 8% y llenar el formulario. El plazo para postular es hasta el 10 de marzo de 2023.<\/p>\n<\/div><\/section><\/div><\/p>\n<div  style='height:50px' class='hr hr-invisible   avia-builder-el-6  el_after_av_one_full  el_before_av_social_share '><span class='hr-inner ' ><span class='hr-inner-style'><\/span><\/span><\/div>\n<div  class='av-social-sharing-box  avia-builder-el-7  el_after_av_hr  el_before_av_hr  '><div class='av-share-box'><h5 class='av-share-link-description av-no-toc '>Compartir esta noticia<\/h5><ul class='av-share-box-list noLightbox'><li class='av-share-link av-social-link-facebook' ><a target=\"_blank\" aria-label=\"Compartir en Facebook\" href='https:\/\/www.facebook.com\/sharer.php?u=https:\/\/radiorevelacionfm.cl\/?p=26853&#038;t=Abren%20postulaciones%20para%20iniciativas%20sociales%20que%20busquen%20financiamiento%20del%208%25%20del%20FNDR' aria-hidden='false' data-av_icon='\ue8f3' data-av_iconfont='entypo-fontello' title='' data-avia-related-tooltip='Compartir en Facebook' rel=\"noopener\"><span class='avia_hidden_link_text'>Compartir en Facebook<\/span><\/a><\/li><li class='av-share-link av-social-link-twitter' ><a target=\"_blank\" aria-label=\"Compartir en Twitter\" href='https:\/\/twitter.com\/share?text=Abren%20postulaciones%20para%20iniciativas%20sociales%20que%20busquen%20financiamiento%20del%208%25%20del%20FNDR&#038;url=https:\/\/radiorevelacionfm.cl\/?p=26853' aria-hidden='false' data-av_icon='\ue8f1' data-av_iconfont='entypo-fontello' title='' data-avia-related-tooltip='Compartir en Twitter' rel=\"noopener\"><span class='avia_hidden_link_text'>Compartir en Twitter<\/span><\/a><\/li><li class='av-share-link av-social-link-whatsapp' ><a target=\"_blank\" aria-label=\"Compartir en Whatsapp\" href='https:\/\/api.whatsapp.com\/send?text=https:\/\/radiorevelacionfm.cl\/?p=26853' aria-hidden='false' data-av_icon='\uf232' data-av_iconfont='entypo-fontello' title='' data-avia-related-tooltip='Compartir en Whatsapp' rel=\"noopener\"><span class='avia_hidden_link_text'>Compartir en Whatsapp<\/span><\/a><\/li><li class='av-share-link av-social-link-linkedin' ><a target=\"_blank\" aria-label=\"Compartir en LinkedIn\" href='https:\/\/linkedin.com\/shareArticle?mini=true&#038;title=Abren%20postulaciones%20para%20iniciativas%20sociales%20que%20busquen%20financiamiento%20del%208%25%20del%20FNDR&#038;url=https:\/\/radiorevelacionfm.cl\/?p=26853' aria-hidden='false' data-av_icon='\ue8fc' data-av_iconfont='entypo-fontello' title='' data-avia-related-tooltip='Compartir en LinkedIn' rel=\"noopener\"><span class='avia_hidden_link_text'>Compartir en LinkedIn<\/span><\/a><\/li><li class='av-share-link av-social-link-mail' ><a  aria-label=\"Compartir por correo\" href='mailto:?subject=Abren%20postulaciones%20para%20iniciativas%20sociales%20que%20busquen%20financiamiento%20del%208%25%20del%20FNDR&#038;body=https:\/\/radiorevelacionfm.cl\/?p=26853' aria-hidden='false' data-av_icon='\ue805' data-av_iconfont='entypo-fontello' title='' data-avia-related-tooltip='Compartir por correo'><span class='avia_hidden_link_text'>Compartir por correo<\/span><\/a><\/li><\/ul><\/div><\/div>\n<div  style='height:50px' class='hr hr-invisible   avia-builder-el-8  el_after_av_social_share  el_before_av_comments_list '><span class='hr-inner ' ><span class='hr-inner-style'><\/span><\/span><\/div>\n<div  class='av-buildercomment  av-blog-meta-html-info-disabled av-blog-meta-tag-disabled  '><\/div>\n","protected":false},"excerpt":{"rendered":"","protected":false},"author":1,"featured_media":26855,"comment_status":"open","ping_status":"open","sticky":false,"template":"","format":"standard","meta":{"footnotes":""},"categories":[38],"tags":[],"class_list":["post-26853","post","type-post","status-publish","format-standard","has-post-thumbnail","hentry","category-regional"],"jetpack_featured_media_url":"https:\/\/radiorevelacionfm.cl\/wp-content\/uploads\/2023\/01\/GRAFICA-REDES-FEED-1-2-1.jpg","_links":{"self":[{"href":"https:\/\/radiorevelacionfm.cl\/index.php?rest_route=\/wp\/v2\/posts\/26853","targetHints":{"allow":["GET"]}}],"collection":[{"href":"https:\/\/radiorevelacionfm.cl\/index.php?rest_route=\/wp\/v2\/posts"}],"about":[{"href":"https:\/\/radiorevelacionfm.cl\/index.php?rest_route=\/wp\/v2\/types\/post"}],"author":[{"embeddable":true,"href":"https:\/\/radiorevelacionfm.cl\/index.php?rest_route=\/wp\/v2\/users\/1"}],"replies":[{"embeddable":true,"href":"https:\/\/radiorevelacionfm.cl\/index.php?rest_route=%2Fwp%2Fv2%2Fcomments&post=26853"}],"version-history":[{"count":3,"href":"https:\/\/radiorevelacionfm.cl\/index.php?rest_route=\/wp\/v2\/posts\/26853\/revisions"}],"predecessor-version":[{"id":26864,"href":"https:\/\/radiorevelacionfm.cl\/index.php?rest_route=\/wp\/v2\/posts\/26853\/revisions\/26864"}],"wp:featuredmedia":[{"embeddable":true,"href":"https:\/\/radiorevelacionfm.cl\/index.php?rest_route=\/wp\/v2\/media\/26855"}],"wp:attachment":[{"href":"https:\/\/radiorevelacionfm.cl\/index.php?rest_route=%2Fwp%2Fv2%2Fmedia&parent=26853"}],"wp:term":[{"taxonomy":"category","embeddable":true,"href":"https:\/\/radiorevelacionfm.cl\/index.php?rest_route=%2Fwp%2Fv2%2Fcategories&post=26853"},{"taxonomy":"post_tag","embeddable":true,"href":"https:\/\/radiorevelacionfm.cl\/index.php?rest_route=%2Fwp%2Fv2%2Ftags&post=26853"}],"curies":[{"name":"wp","href":"https:\/\/api.w.org\/{rel}","templated":true}]}}