{"id":26847,"date":"2023-01-19T19:43:51","date_gmt":"2023-01-19T22:43:51","guid":{"rendered":"https:\/\/radiorevelacionfm.cl\/?p=26847"},"modified":"2023-02-10T16:03:48","modified_gmt":"2023-02-10T19:03:48","slug":"campeones-regionales-de-cueca-recibieron-subvencion-municipal-para-participar-de-campeonato-nacional","status":"publish","type":"post","link":"https:\/\/radiorevelacionfm.cl\/?p=26847","title":{"rendered":"Campeones regionales de cueca recibieron subvenci\u00f3n municipal para participar de Campeonato Nacional"},"content":{"rendered":"<div class=\"flex_column av_one_full  flex_column_div av-zero-column-padding first  avia-builder-el-0  el_before_av_one_full  avia-builder-el-first  \" style='border-radius:0px; '><div  class='avia-image-container  av-styling-    avia-builder-el-1  avia-builder-el-no-sibling  avia-align-center '  itemprop=\"image\" itemscope=\"itemscope\" itemtype=\"https:\/\/schema.org\/ImageObject\"  ><div class='avia-image-container-inner'><div class='avia-image-overlay-wrap'><img decoding=\"async\" class='wp-image-27731 avia-img-lazy-loading-not-27731 avia_image' src=\"https:\/\/radiorevelacionfm.cl\/wp-content\/uploads\/2023\/02\/326395753_719648579656383_1282613671732108915_n-1_optimized.jpg\" alt='' title='326395753_719648579656383_1282613671732108915_n-(1)_optimized' height=\"600\" width=\"1038\"  itemprop=\"thumbnailUrl\" srcset=\"https:\/\/radiorevelacionfm.cl\/wp-content\/uploads\/2023\/02\/326395753_719648579656383_1282613671732108915_n-1_optimized.jpg 1038w, https:\/\/radiorevelacionfm.cl\/wp-content\/uploads\/2023\/02\/326395753_719648579656383_1282613671732108915_n-1_optimized-300x173.jpg 300w, https:\/\/radiorevelacionfm.cl\/wp-content\/uploads\/2023\/02\/326395753_719648579656383_1282613671732108915_n-1_optimized-1030x595.jpg 1030w, https:\/\/radiorevelacionfm.cl\/wp-content\/uploads\/2023\/02\/326395753_719648579656383_1282613671732108915_n-1_optimized-768x444.jpg 768w, https:\/\/radiorevelacionfm.cl\/wp-content\/uploads\/2023\/02\/326395753_719648579656383_1282613671732108915_n-1_optimized-705x408.jpg 705w, https:\/\/radiorevelacionfm.cl\/wp-content\/uploads\/2023\/02\/326395753_719648579656383_1282613671732108915_n-1_optimized-600x347.jpg 600w\" sizes=\"(max-width: 1038px) 100vw, 1038px\" \/><\/div><\/div><\/div><\/div><div class=\"flex_column av_one_full  flex_column_div av-zero-column-padding first  avia-builder-el-2  el_after_av_one_full  el_before_av_one_full  column-top-margin\" style='border-radius:0px; '><section class=\"av_textblock_section \"  itemscope=\"itemscope\" itemtype=\"https:\/\/schema.org\/BlogPosting\" itemprop=\"blogPost\" ><div class='avia_textblock  '   itemprop=\"text\" ><p style=\"text-align: center;\"><strong><span style=\"font-size: 18pt;\">Campeones regionales de cueca recibieron subvenci\u00f3n municipal para participar de Campeonato Nacional<\/span><\/strong><\/p>\n<div id=\"gtx-trans\" style=\"position: absolute; left: -50px; top: 4.31534px;\">\n<div class=\"gtx-trans-icon\"><\/div>\n<\/div>\n<\/div><\/section><\/div><\/p>\n<div class=\"flex_column av_one_full  flex_column_div av-zero-column-padding first  avia-builder-el-4  el_after_av_one_full  el_before_av_hr  column-top-margin\" style='border-radius:0px; '><section class=\"av_textblock_section \"  itemscope=\"itemscope\" itemtype=\"https:\/\/schema.org\/BlogPosting\" itemprop=\"blogPost\" ><div class='avia_textblock  '   itemprop=\"text\" ><p style=\"text-align: justify;\">Esta ma\u00f1ana, de forma un\u00e1nime, se aprob\u00f3 la subvenci\u00f3n que recibir\u00e1n los campeones regionales de cueca, Antonia \u00c1lvarez y Felipe Andrade, quienes en febrero representar\u00e1n a la comuna y la regi\u00f3n en el Campeonato Nacional J\u00f3venes del Aconcagua, en Rinconada de los Andes.<\/p>\n<p style=\"text-align: justify;\">\u201cEs un orgullo poder representar a nuestra regi\u00f3n, y tambi\u00e9n es lindo sentir el apoyo de la gente y de la Municipalidad\u201d, indic\u00f3 Antonia, quien ha participado en numerosas actividades folcl\u00f3ricas en la comuna.<\/p>\n<p style=\"text-align: justify;\">Antonia y Felipe se han presentado juntos como pareja de baile desde hace un a\u00f1o y medio, aproximadamente, y fue tras coronarse como campeones regionales de cueca que confirmaron su participaci\u00f3n en la competencia nacional, la cual se realizar\u00e1 del 21 al 28 de febrero. \u201cAmbos bailamos desde peque\u00f1os, y el campeonato regional lo ganamos juntos gracias al esfuerzo que pusimos sobre ello\u201d, a\u00f1adi\u00f3 Antonia.<\/p>\n<p style=\"text-align: justify;\">La pareja agradeci\u00f3 la subvenci\u00f3n que se les otorgar\u00e1, ya que significa un importante apoyo para poder continuar representando a la comuna y la regi\u00f3n a nivel nacional. \u201cGracias a ello podremos comprar vestimentas, ya que los trajes, las mantas, todo lo que se usa es muy caro\u201d, coment\u00f3 Felipe.<\/p>\n<p style=\"text-align: justify;\">La subvenci\u00f3n fue aprobada de forma un\u00e1nime por el Honorable Concejo Municipal de Ays\u00e9n.<\/p>\n<\/div><\/section><\/div>\n<div  style='height:50px' class='hr hr-invisible   avia-builder-el-6  el_after_av_one_full  el_before_av_social_share '><span class='hr-inner ' ><span class='hr-inner-style'><\/span><\/span><\/div>\n<div  class='av-social-sharing-box  avia-builder-el-7  el_after_av_hr  el_before_av_hr  '><div class='av-share-box'><h5 class='av-share-link-description av-no-toc '>Compartir esta noticia<\/h5><ul class='av-share-box-list noLightbox'><li class='av-share-link av-social-link-facebook' ><a target=\"_blank\" aria-label=\"Compartir en Facebook\" href='https:\/\/www.facebook.com\/sharer.php?u=https:\/\/radiorevelacionfm.cl\/?p=26847&#038;t=Campeones%20regionales%20de%20cueca%20recibieron%20subvenci%C3%B3n%20municipal%20para%20participar%20de%20Campeonato%20Nacional' aria-hidden='false' data-av_icon='\ue8f3' data-av_iconfont='entypo-fontello' title='' data-avia-related-tooltip='Compartir en Facebook' rel=\"noopener\"><span class='avia_hidden_link_text'>Compartir en Facebook<\/span><\/a><\/li><li class='av-share-link av-social-link-twitter' ><a target=\"_blank\" aria-label=\"Compartir en Twitter\" href='https:\/\/twitter.com\/share?text=Campeones%20regionales%20de%20cueca%20recibieron%20subvenci%C3%B3n%20municipal%20para%20participar%20de%20Campeonato%20Nacional&#038;url=https:\/\/radiorevelacionfm.cl\/?p=26847' aria-hidden='false' data-av_icon='\ue8f1' data-av_iconfont='entypo-fontello' title='' data-avia-related-tooltip='Compartir en Twitter' rel=\"noopener\"><span class='avia_hidden_link_text'>Compartir en Twitter<\/span><\/a><\/li><li class='av-share-link av-social-link-whatsapp' ><a target=\"_blank\" aria-label=\"Compartir en Whatsapp\" href='https:\/\/api.whatsapp.com\/send?text=https:\/\/radiorevelacionfm.cl\/?p=26847' aria-hidden='false' data-av_icon='\uf232' data-av_iconfont='entypo-fontello' title='' data-avia-related-tooltip='Compartir en Whatsapp' rel=\"noopener\"><span class='avia_hidden_link_text'>Compartir en Whatsapp<\/span><\/a><\/li><li class='av-share-link av-social-link-linkedin' ><a target=\"_blank\" aria-label=\"Compartir en LinkedIn\" href='https:\/\/linkedin.com\/shareArticle?mini=true&#038;title=Campeones%20regionales%20de%20cueca%20recibieron%20subvenci%C3%B3n%20municipal%20para%20participar%20de%20Campeonato%20Nacional&#038;url=https:\/\/radiorevelacionfm.cl\/?p=26847' aria-hidden='false' data-av_icon='\ue8fc' data-av_iconfont='entypo-fontello' title='' data-avia-related-tooltip='Compartir en LinkedIn' rel=\"noopener\"><span class='avia_hidden_link_text'>Compartir en LinkedIn<\/span><\/a><\/li><li class='av-share-link av-social-link-mail' ><a  aria-label=\"Compartir por correo\" href='mailto:?subject=Campeones%20regionales%20de%20cueca%20recibieron%20subvenci%C3%B3n%20municipal%20para%20participar%20de%20Campeonato%20Nacional&#038;body=https:\/\/radiorevelacionfm.cl\/?p=26847' aria-hidden='false' data-av_icon='\ue805' data-av_iconfont='entypo-fontello' title='' data-avia-related-tooltip='Compartir por correo'><span class='avia_hidden_link_text'>Compartir por correo<\/span><\/a><\/li><\/ul><\/div><\/div>\n<div  style='height:50px' class='hr hr-invisible   avia-builder-el-8  el_after_av_social_share  el_before_av_comments_list '><span class='hr-inner ' ><span class='hr-inner-style'><\/span><\/span><\/div>\n<div  class='av-buildercomment  av-blog-meta-html-info-disabled av-blog-meta-tag-disabled  '><\/div>\n","protected":false},"excerpt":{"rendered":"","protected":false},"author":1,"featured_media":27731,"comment_status":"open","ping_status":"open","sticky":false,"template":"","format":"standard","meta":{"footnotes":""},"categories":[38],"tags":[],"class_list":["post-26847","post","type-post","status-publish","format-standard","has-post-thumbnail","hentry","category-regional"],"jetpack_featured_media_url":"https:\/\/radiorevelacionfm.cl\/wp-content\/uploads\/2023\/02\/326395753_719648579656383_1282613671732108915_n-1_optimized.jpg","_links":{"self":[{"href":"https:\/\/radiorevelacionfm.cl\/index.php?rest_route=\/wp\/v2\/posts\/26847","targetHints":{"allow":["GET"]}}],"collection":[{"href":"https:\/\/radiorevelacionfm.cl\/index.php?rest_route=\/wp\/v2\/posts"}],"about":[{"href":"https:\/\/radiorevelacionfm.cl\/index.php?rest_route=\/wp\/v2\/types\/post"}],"author":[{"embeddable":true,"href":"https:\/\/radiorevelacionfm.cl\/index.php?rest_route=\/wp\/v2\/users\/1"}],"replies":[{"embeddable":true,"href":"https:\/\/radiorevelacionfm.cl\/index.php?rest_route=%2Fwp%2Fv2%2Fcomments&post=26847"}],"version-history":[{"count":3,"href":"https:\/\/radiorevelacionfm.cl\/index.php?rest_route=\/wp\/v2\/posts\/26847\/revisions"}],"predecessor-version":[{"id":27733,"href":"https:\/\/radiorevelacionfm.cl\/index.php?rest_route=\/wp\/v2\/posts\/26847\/revisions\/27733"}],"wp:featuredmedia":[{"embeddable":true,"href":"https:\/\/radiorevelacionfm.cl\/index.php?rest_route=\/wp\/v2\/media\/27731"}],"wp:attachment":[{"href":"https:\/\/radiorevelacionfm.cl\/index.php?rest_route=%2Fwp%2Fv2%2Fmedia&parent=26847"}],"wp:term":[{"taxonomy":"category","embeddable":true,"href":"https:\/\/radiorevelacionfm.cl\/index.php?rest_route=%2Fwp%2Fv2%2Fcategories&post=26847"},{"taxonomy":"post_tag","embeddable":true,"href":"https:\/\/radiorevelacionfm.cl\/index.php?rest_route=%2Fwp%2Fv2%2Ftags&post=26847"}],"curies":[{"name":"wp","href":"https:\/\/api.w.org\/{rel}","templated":true}]}}