{"id":26843,"date":"2023-01-19T17:51:47","date_gmt":"2023-01-19T20:51:47","guid":{"rendered":"https:\/\/radiorevelacionfm.cl\/?p=26843"},"modified":"2023-01-19T17:51:47","modified_gmt":"2023-01-19T20:51:47","slug":"cami-kramer-y-cris-mj-los-tres-grandes-artistas-que-coronaran-el-carnaval-del-agua-2023","status":"publish","type":"post","link":"https:\/\/radiorevelacionfm.cl\/?p=26843","title":{"rendered":"Cami, Kramer y Cris MJ: Los tres grandes artistas que coronar\u00e1n el Carnaval del Agua 2023"},"content":{"rendered":"<div class=\"flex_column av_one_full  flex_column_div av-zero-column-padding first  avia-builder-el-0  el_before_av_one_full  avia-builder-el-first  \" style='border-radius:0px; '><div  class='avia-image-container  av-styling-    avia-builder-el-1  avia-builder-el-no-sibling  avia-align-center '  itemprop=\"image\" itemscope=\"itemscope\" itemtype=\"https:\/\/schema.org\/ImageObject\"  ><div class='avia-image-container-inner'><div class='avia-image-overlay-wrap'><img decoding=\"async\" class='wp-image-26844 avia-img-lazy-loading-not-26844 avia_image' src=\"https:\/\/radiorevelacionfm.cl\/wp-content\/uploads\/2023\/01\/festival-1_optimized.jpg\" alt='' title='festival-(1)_optimized' height=\"662\" width=\"940\"  itemprop=\"thumbnailUrl\" srcset=\"https:\/\/radiorevelacionfm.cl\/wp-content\/uploads\/2023\/01\/festival-1_optimized.jpg 940w, https:\/\/radiorevelacionfm.cl\/wp-content\/uploads\/2023\/01\/festival-1_optimized-300x211.jpg 300w, https:\/\/radiorevelacionfm.cl\/wp-content\/uploads\/2023\/01\/festival-1_optimized-768x541.jpg 768w, https:\/\/radiorevelacionfm.cl\/wp-content\/uploads\/2023\/01\/festival-1_optimized-705x497.jpg 705w, https:\/\/radiorevelacionfm.cl\/wp-content\/uploads\/2023\/01\/festival-1_optimized-600x423.jpg 600w\" sizes=\"(max-width: 940px) 100vw, 940px\" \/><\/div><\/div><\/div><\/div><div class=\"flex_column av_one_full  flex_column_div av-zero-column-padding first  avia-builder-el-2  el_after_av_one_full  el_before_av_one_full  column-top-margin\" style='border-radius:0px; '><section class=\"av_textblock_section \"  itemscope=\"itemscope\" itemtype=\"https:\/\/schema.org\/BlogPosting\" itemprop=\"blogPost\" ><div class='avia_textblock  '   itemprop=\"text\" ><p style=\"text-align: center;\"><strong><span style=\"font-size: 18pt;\">Cami, Kramer y Cris MJ: Los tres grandes artistas que coronar\u00e1n el Carnaval del Agua 2023<\/span><\/strong><\/p>\n<div id=\"gtx-trans\" style=\"position: absolute; left: -50px; top: 4.31534px;\">\n<div class=\"gtx-trans-icon\"><\/div>\n<\/div>\n<\/div><\/section><\/div><div class=\"flex_column av_one_full  flex_column_div av-zero-column-padding first  avia-builder-el-4  el_after_av_one_full  el_before_av_hr  column-top-margin\" style='border-radius:0px; '><section class=\"av_textblock_section \"  itemscope=\"itemscope\" itemtype=\"https:\/\/schema.org\/BlogPosting\" itemprop=\"blogPost\" ><div class='avia_textblock  '   itemprop=\"text\" ><p style=\"text-align: justify;\">\u00a1El Carnaval del Agua 2023 viene con todo! Del 26 al 29 de Enero, Puerto Ays\u00e9n contar\u00e1 con grandes actividades en los diferentes escenarios dispuestos en Isla D\u00edaz para conmemorar su Aniversario n\u00famero 95, y para ello, contar\u00e1 con grandes espect\u00e1culos de reconocidos artistas nacionales y locales.<\/p>\n<p style=\"text-align: justify;\"><strong>Cami<\/strong><\/p>\n<p style=\"text-align: justify;\">Camila Gallardo, m\u00e1s conocida por su nombre art\u00edstico, Cami, estar\u00e1 presente durante la jornada del viernes 27. La joven, tres veces nominada a los Grammy Latinos, y una vez nominada a los Grammy, cuenta con una larga trayectoria musical. Tras hacerse conocida al participar en el programa \u201cThe Voice Chile\u201d, lanz\u00f3 su primer sencillo el a\u00f1o 2016, titulado \u201cM\u00e1s de la Mitad\u201d, posicion\u00e1ndose como una de las artistas m\u00e1s escuchadas del momento en Spotify en el pa\u00eds, y consiguiendo m\u00e1s de 19 millones de reproducciones en YouTube.<\/p>\n<p style=\"text-align: justify;\">En 2018 lanz\u00f3 su primer \u00e1lbum titulado \u201cRosa\u201d, el cual incluye los singles \u201cM\u00e1s de la Mitad\u201d, \u201cAbr\u00e1zame\u201d, \u201cNo es real\u201d, \u201cPa\u2019 callar tus penas\u201d, entre otros. Posteriormente, en 2020 lanz\u00f3 su segundo trabajo \u201cMonstruo\u201d, en el que aparecen hits como \u201cAqu\u00ed estoy\u201d, \u201cFuneral\u201d y \u201cLa Entrevista\u201d. Su \u00faltima producci\u00f3n es el \u00e1lbum \u201cANASTASIA\u201d, en el que destacan temas como \u201cPERREO PA LAS NENAS\u201d, \u201cEL PEOR\u201d, \u201cBIG BANG\u201d.<\/p>\n<p style=\"text-align: justify;\">Sus canciones acumulan millones de reproducciones en las diferentes plataformas de streaming como Spotify, Apple Music o YouTube, y ha sido catalogada por la cr\u00edtica y diversos medios especializados como \u201centre lo mejor de la m\u00fasica latina\u201d.<\/p>\n<p style=\"text-align: justify;\"><strong>Stefan Kramer<\/strong><\/p>\n<p style=\"text-align: justify;\">Durante la noche del viernes 27, se presentar\u00e1 uno de los m\u00e1ximos exponentes de la comedia en Chile. El imitador Stefan Kramer comenz\u00f3 su carrera en diversos programas de televisi\u00f3n hace casi veinte a\u00f1os, y consolid\u00f3 su fama con una exitosa presentaci\u00f3n de casi una hora y media en el Festival de Vi\u00f1a 2008, interpretando a personajes como Marcelo Bielsa, Sebasti\u00e1n Pi\u00f1era, Horacio de la Pe\u00f1a, Leonardo Farkas, y que a la fecha ha sumado personajes a sus rutinas como Bad Bunny, Mart\u00edn C\u00e1rcamo, Romeo Santos, Pamela Jiles, entre otros.<\/p>\n<p style=\"text-align: justify;\">Ha participado en tres ocasiones en el Festival de Vi\u00f1a del Mar, adem\u00e1s de haber estrenado dos pel\u00edculas: \u201cStefan v\/s Kramer\u201d, en 2012, y \u201cEl ciudadano Kramer\u201d, en 2013. Ha sido galardonado en cuatro ocasiones con el Copihue de Oro a \u201cMejor humorista\u201d, y en una ocasi\u00f3n m\u00e1s por su primera cinta en la categor\u00eda \u201cMejor pel\u00edcula\u201d. El artista, adem\u00e1s, ha participado en diversas ediciones de la Telet\u00f3n, y cont\u00f3 con su propio programa de televisi\u00f3n en TVN, titulado \u201cKamale\u00f3n, el show de Kramer\u201d.<\/p>\n<p style=\"text-align: justify;\"><strong>Cris MJ<\/strong><\/p>\n<p style=\"text-align: justify;\">El s\u00e1bado 28 contaremos con la presencia del compositor y cantante nacional Cris MJ. Christopher \u00c1lvarez es un joven de 21 a\u00f1os, oriundo de La Serena, comenz\u00f3 su carrera en 2019 con diversos sencillos que fueron cimentando su fama, como \u201cTe fuiste con otro\u201d en el que colabor\u00f3 con Marcianeke, y \u201cLos Malvekes\u201d, y \u201cComo t\u00fa ninguna\u201d. Su m\u00e1s grande \u00e9xito hasta la fecha es \u201cUna Noche en Medell\u00edn\u201d, lanzado durante 2022, el cual se posicion\u00f3 en el top de los rankings Billboard a nivel latinoamericano.<\/p>\n<p style=\"text-align: justify;\">Se encuentra entre los artistas m\u00e1s escuchados de Chile en Spotify, rompiendo varias marcas con su principal hit, el que acumula m\u00e1s de 500 millones de reproducciones en la plataforma. Ha colaborado con varios artistas de los g\u00e9neros Reggaet\u00f3n y Trap, como Marcianeke, El Jordan 23, Ak4:20, Pailita, Polim\u00e1 Westcoast, Young Cister, Sim\u00f3n La Letra, Galen Galee, Neutro Shorty, RDO, entre otros.<\/p>\n<p style=\"text-align: justify;\">Invitamos a toda la comunidad a revisar la programaci\u00f3n completa del Carnaval del Agua 2023 en las redes sociales de la Municipalidad de Ays\u00e9n, donde podr\u00e1n conocer el cronograma de la presentaci\u00f3n de todos los artistas nacionales y locales.<\/p>\n<p style=\"text-align: justify;\">Invitamos a toda la comunidad a ser parte de esta \ufb01esta en el Parque Municipal, ex Isla D\u00edaz. \u00a1Los esperamos del 26 al 29 de enero para celebrar por lo alto el 95\u00b0 Aniversario de Ays\u00e9n!<\/p>\n<\/div><\/section><\/div><div  style='height:50px' class='hr hr-invisible   avia-builder-el-6  el_after_av_one_full  el_before_av_social_share '><span class='hr-inner ' ><span class='hr-inner-style'><\/span><\/span><\/div><\/p>\n<div  class='av-social-sharing-box  avia-builder-el-7  el_after_av_hr  el_before_av_hr  '><div class='av-share-box'><h5 class='av-share-link-description av-no-toc '>Compartir esta noticia<\/h5><ul class='av-share-box-list noLightbox'><li class='av-share-link av-social-link-facebook' ><a target=\"_blank\" aria-label=\"Compartir en Facebook\" href='https:\/\/www.facebook.com\/sharer.php?u=https:\/\/radiorevelacionfm.cl\/?p=26843&#038;t=Cami%2C%20Kramer%20y%20Cris%20MJ%3A%20Los%20tres%20grandes%20artistas%20que%20coronar%C3%A1n%20el%20Carnaval%20del%20Agua%202023' aria-hidden='false' data-av_icon='\ue8f3' data-av_iconfont='entypo-fontello' title='' data-avia-related-tooltip='Compartir en Facebook' rel=\"noopener\"><span class='avia_hidden_link_text'>Compartir en Facebook<\/span><\/a><\/li><li class='av-share-link av-social-link-twitter' ><a target=\"_blank\" aria-label=\"Compartir en Twitter\" href='https:\/\/twitter.com\/share?text=Cami%2C%20Kramer%20y%20Cris%20MJ%3A%20Los%20tres%20grandes%20artistas%20que%20coronar%C3%A1n%20el%20Carnaval%20del%20Agua%202023&#038;url=https:\/\/radiorevelacionfm.cl\/?p=26843' aria-hidden='false' data-av_icon='\ue8f1' data-av_iconfont='entypo-fontello' title='' data-avia-related-tooltip='Compartir en Twitter' rel=\"noopener\"><span class='avia_hidden_link_text'>Compartir en Twitter<\/span><\/a><\/li><li class='av-share-link av-social-link-whatsapp' ><a target=\"_blank\" aria-label=\"Compartir en Whatsapp\" href='https:\/\/api.whatsapp.com\/send?text=https:\/\/radiorevelacionfm.cl\/?p=26843' aria-hidden='false' data-av_icon='\uf232' data-av_iconfont='entypo-fontello' title='' data-avia-related-tooltip='Compartir en Whatsapp' rel=\"noopener\"><span class='avia_hidden_link_text'>Compartir en Whatsapp<\/span><\/a><\/li><li class='av-share-link av-social-link-linkedin' ><a target=\"_blank\" aria-label=\"Compartir en LinkedIn\" href='https:\/\/linkedin.com\/shareArticle?mini=true&#038;title=Cami%2C%20Kramer%20y%20Cris%20MJ%3A%20Los%20tres%20grandes%20artistas%20que%20coronar%C3%A1n%20el%20Carnaval%20del%20Agua%202023&#038;url=https:\/\/radiorevelacionfm.cl\/?p=26843' aria-hidden='false' data-av_icon='\ue8fc' data-av_iconfont='entypo-fontello' title='' data-avia-related-tooltip='Compartir en LinkedIn' rel=\"noopener\"><span class='avia_hidden_link_text'>Compartir en LinkedIn<\/span><\/a><\/li><li class='av-share-link av-social-link-mail' ><a  aria-label=\"Compartir por correo\" href='mailto:?subject=Cami%2C%20Kramer%20y%20Cris%20MJ%3A%20Los%20tres%20grandes%20artistas%20que%20coronar%C3%A1n%20el%20Carnaval%20del%20Agua%202023&#038;body=https:\/\/radiorevelacionfm.cl\/?p=26843' aria-hidden='false' data-av_icon='\ue805' data-av_iconfont='entypo-fontello' title='' data-avia-related-tooltip='Compartir por correo'><span class='avia_hidden_link_text'>Compartir por correo<\/span><\/a><\/li><\/ul><\/div><\/div>\n<div  style='height:50px' class='hr hr-invisible   avia-builder-el-8  el_after_av_social_share  el_before_av_comments_list '><span class='hr-inner ' ><span class='hr-inner-style'><\/span><\/span><\/div>\n<div  class='av-buildercomment  av-blog-meta-html-info-disabled av-blog-meta-tag-disabled  '><\/div>\n","protected":false},"excerpt":{"rendered":"","protected":false},"author":1,"featured_media":26844,"comment_status":"open","ping_status":"open","sticky":false,"template":"","format":"standard","meta":{"footnotes":""},"categories":[38],"tags":[],"class_list":["post-26843","post","type-post","status-publish","format-standard","has-post-thumbnail","hentry","category-regional"],"jetpack_featured_media_url":"https:\/\/radiorevelacionfm.cl\/wp-content\/uploads\/2023\/01\/festival-1_optimized.jpg","_links":{"self":[{"href":"https:\/\/radiorevelacionfm.cl\/index.php?rest_route=\/wp\/v2\/posts\/26843","targetHints":{"allow":["GET"]}}],"collection":[{"href":"https:\/\/radiorevelacionfm.cl\/index.php?rest_route=\/wp\/v2\/posts"}],"about":[{"href":"https:\/\/radiorevelacionfm.cl\/index.php?rest_route=\/wp\/v2\/types\/post"}],"author":[{"embeddable":true,"href":"https:\/\/radiorevelacionfm.cl\/index.php?rest_route=\/wp\/v2\/users\/1"}],"replies":[{"embeddable":true,"href":"https:\/\/radiorevelacionfm.cl\/index.php?rest_route=%2Fwp%2Fv2%2Fcomments&post=26843"}],"version-history":[{"count":2,"href":"https:\/\/radiorevelacionfm.cl\/index.php?rest_route=\/wp\/v2\/posts\/26843\/revisions"}],"predecessor-version":[{"id":26846,"href":"https:\/\/radiorevelacionfm.cl\/index.php?rest_route=\/wp\/v2\/posts\/26843\/revisions\/26846"}],"wp:featuredmedia":[{"embeddable":true,"href":"https:\/\/radiorevelacionfm.cl\/index.php?rest_route=\/wp\/v2\/media\/26844"}],"wp:attachment":[{"href":"https:\/\/radiorevelacionfm.cl\/index.php?rest_route=%2Fwp%2Fv2%2Fmedia&parent=26843"}],"wp:term":[{"taxonomy":"category","embeddable":true,"href":"https:\/\/radiorevelacionfm.cl\/index.php?rest_route=%2Fwp%2Fv2%2Fcategories&post=26843"},{"taxonomy":"post_tag","embeddable":true,"href":"https:\/\/radiorevelacionfm.cl\/index.php?rest_route=%2Fwp%2Fv2%2Ftags&post=26843"}],"curies":[{"name":"wp","href":"https:\/\/api.w.org\/{rel}","templated":true}]}}