{"id":26840,"date":"2023-01-20T09:27:35","date_gmt":"2023-01-20T12:27:35","guid":{"rendered":"https:\/\/radiorevelacionfm.cl\/?p=26840"},"modified":"2023-01-20T09:27:35","modified_gmt":"2023-01-20T12:27:35","slug":"gestiones-del-diputado-calisto-permiten-reunion-de-los-comites-de-la-chacra-g-con-ministro-de-vivienda","status":"publish","type":"post","link":"https:\/\/radiorevelacionfm.cl\/?p=26840","title":{"rendered":"Gestiones del diputado Calisto permiten reuni\u00f3n de los comit\u00e9s de la Chacra G con Ministro de Vivienda"},"content":{"rendered":"<div class=\"flex_column av_one_full  flex_column_div av-zero-column-padding first  avia-builder-el-0  el_before_av_one_full  avia-builder-el-first  \" style='border-radius:0px; '><div  class='avia-image-container  av-styling-    avia-builder-el-1  avia-builder-el-no-sibling  avia-align-center '  itemprop=\"image\" itemscope=\"itemscope\" itemtype=\"https:\/\/schema.org\/ImageObject\"  ><div class='avia-image-container-inner'><div class='avia-image-overlay-wrap'><img decoding=\"async\" class='wp-image-26841 avia-img-lazy-loading-not-26841 avia_image' src=\"https:\/\/radiorevelacionfm.cl\/wp-content\/uploads\/2023\/01\/calisto-reu-1-1_optimized.jpeg\" alt='' title='calisto-reu-1-(1)_optimized' height=\"600\" width=\"1067\"  itemprop=\"thumbnailUrl\" srcset=\"https:\/\/radiorevelacionfm.cl\/wp-content\/uploads\/2023\/01\/calisto-reu-1-1_optimized.jpeg 1067w, https:\/\/radiorevelacionfm.cl\/wp-content\/uploads\/2023\/01\/calisto-reu-1-1_optimized-300x169.jpeg 300w, https:\/\/radiorevelacionfm.cl\/wp-content\/uploads\/2023\/01\/calisto-reu-1-1_optimized-1030x579.jpeg 1030w, https:\/\/radiorevelacionfm.cl\/wp-content\/uploads\/2023\/01\/calisto-reu-1-1_optimized-768x432.jpeg 768w, https:\/\/radiorevelacionfm.cl\/wp-content\/uploads\/2023\/01\/calisto-reu-1-1_optimized-705x396.jpeg 705w, https:\/\/radiorevelacionfm.cl\/wp-content\/uploads\/2023\/01\/calisto-reu-1-1_optimized-600x337.jpeg 600w\" sizes=\"(max-width: 1067px) 100vw, 1067px\" \/><\/div><\/div><\/div><\/div><div class=\"flex_column av_one_full  flex_column_div av-zero-column-padding first  avia-builder-el-2  el_after_av_one_full  el_before_av_one_full  column-top-margin\" style='border-radius:0px; '><section class=\"av_textblock_section \"  itemscope=\"itemscope\" itemtype=\"https:\/\/schema.org\/BlogPosting\" itemprop=\"blogPost\" ><div class='avia_textblock  '   itemprop=\"text\" ><p style=\"text-align: center;\"><span style=\"font-size: 18pt;\"><b><span lang=\"ES\">Gestiones del diputado Calisto permiten reuni\u00f3n de los comit\u00e9s de la Chacra G con Ministro de Vivienda\u00a0\u00a0<\/span><\/b><\/span><\/p>\n<div id=\"gtx-trans\" style=\"position: absolute; left: -50px; top: 4.31534px;\">\n<div class=\"gtx-trans-icon\"><\/div>\n<\/div>\n<\/div><\/section><\/div><div class=\"flex_column av_one_full  flex_column_div av-zero-column-padding first  avia-builder-el-4  el_after_av_one_full  el_before_av_hr  column-top-margin\" style='border-radius:0px; '><section class=\"av_textblock_section \"  itemscope=\"itemscope\" itemtype=\"https:\/\/schema.org\/BlogPosting\" itemprop=\"blogPost\" ><div class='avia_textblock  '   itemprop=\"text\" ><p style=\"font-weight: 400; text-align: justify;\">Ante la incertidumbre que tienen las familias que conforman los comit\u00e9s de la denominada Chacra G con respecto a los plazos del proyecto, lo que los llev\u00f3 incluso a realizar una protesta en dependencias del Serviu, el diputado Miguel \u00c1ngel Calisto gestion\u00f3 una reuni\u00f3n de los dirigentes de las agrupaciones que est\u00e1n trabajando con la Constructura Xinta con el Ministro de Vivienda, Carlos Montes, instancia en la que la m\u00e1xima autoridad comprometi\u00f3 diversas acciones para agilizar este proyecto.<\/p>\n<p style=\"font-weight: 400; text-align: justify;\">Seg\u00fan el diputado Miguel \u00c1ngel Calisto, \u201cpudimos abordar la situaci\u00f3n grave que tenemos por la incertidumbre que tienen los comit\u00e9s de la Chacra G. Quiero recordar que este proyecto comenz\u00f3 hace muchos a\u00f1os desde que se traspasaron los terrenos hasta el Serviu. Ha sido un trabajo serio que hemos realizado con los dirigentes y los socios, que hoy est\u00e1 permitiendo la presentaci\u00f3n de los primeros proyectos que incluyen a seis comit\u00e9s por parte de AES Consultores, con quienes partimos este trabajo hace algunos a\u00f1os\u201d.<\/p>\n<p style=\"font-weight: 400; text-align: justify;\">\u201cLamentablemente, qued\u00f3 pendiente la presentaci\u00f3n del proyecto que comprende a los comit\u00e9s que trabajan con la Constructora Xinta, que antes depend\u00edan de la Municipalidad. Con ellos tambi\u00e9n se hab\u00edan comprometido para comenzar obras de manera paralela con el otro proyecto, pero eso no se estar\u00eda cumpliendo\u201d, indic\u00f3.<\/p>\n<p style=\"font-weight: 400; text-align: justify;\">Calisto argument\u00f3 que \u201cpor eso nos reunimos con el Ministro, para exigir que se cumplan los compromisos que asume el Ministerio de Vivienda, y por sobre todo que se consideren los fondos. Por eso es que en esta reuni\u00f3n logramos sacar el compromiso del Ministerio, para avanzar paralelamente en las obras de ambos proyectos\u201d.<\/p>\n<p style=\"font-weight: 400; text-align: justify;\">\u201cEn segundo lugar, que se presenten a postulaci\u00f3n los comit\u00e9s, para ir avanzando r\u00e1pidamente en la urbanizaci\u00f3n de la Chacra G. Tambi\u00e9n est\u00e1 el compromiso de los recursos, que son una gran cantidad de parte del Ministerio de Vivienda que se complementan con los que tiene considerado el Gobierno Regional para la macro infraestructura\u201d, indic\u00f3.<\/p>\n<p style=\"font-weight: 400; text-align: justify;\">El diputado Miguel \u00c1ngel Calisto se\u00f1al\u00f3 que \u201ctodo este crecimiento de Coyhaique, va a significar un beneficio para m\u00e1s de 1000 familias que van a tener una soluci\u00f3n habitacional. Por eso este proyecto significa tanto para Coyhaique y para la Regi\u00f3n. mi compromiso se mantiene con los comit\u00e9s, para que esto r\u00e1pidamente avance y ojal\u00e1 este a\u00f1o comencemos a ver las primeras obras en ese terreno\u201d.<\/p>\n<p style=\"font-weight: 400; text-align: justify;\">Por su parte Ivonne Ovalle, presidenta del Comit\u00e9 La Uni\u00f3n, se\u00f1al\u00f3 que \u201cfue una reuni\u00f3n corta, pero dimos a entender el malestar que nosotros ten\u00edamos. Ac\u00e1 se estaba trabajando con una entidad, m\u00e1s que con la otra. Ese fue el tema de la movilizaci\u00f3n. Fue provechosa, pero corta, ojal\u00e1 tengamos la posibilidad de juntarnos con el Ministro en persona y con m\u00e1s tiempo. Nosotros solicitamos que se trabaje con las dos entidades en conjunto, que cuando parta, se empiece a construir los dos proyectos.\u201d<\/p>\n<p style=\"font-weight: 400; text-align: justify;\">Finalmente, la dirigenta se\u00f1al\u00f3 que \u201cel Ministro se comprometi\u00f3 a analizar la situaci\u00f3n, y esperamos que haya un trabajo claro por parte de la Serem\u00eda y del director de Serviu, que sea informaci\u00f3n clara. La idea es que los dos proyectos partan al mismo tiempo con la construcci\u00f3n de las viviendas\u201d.<\/p>\n<\/div><\/section><\/div><div  style='height:50px' class='hr hr-invisible   avia-builder-el-6  el_after_av_one_full  el_before_av_social_share '><span class='hr-inner ' ><span class='hr-inner-style'><\/span><\/span><\/div><\/p>\n<div  class='av-social-sharing-box  avia-builder-el-7  el_after_av_hr  el_before_av_hr  '><div class='av-share-box'><h5 class='av-share-link-description av-no-toc '>Compartir esta noticia<\/h5><ul class='av-share-box-list noLightbox'><li class='av-share-link av-social-link-facebook' ><a target=\"_blank\" aria-label=\"Compartir en Facebook\" href='https:\/\/www.facebook.com\/sharer.php?u=https:\/\/radiorevelacionfm.cl\/?p=26840&#038;t=Gestiones%20del%20diputado%20Calisto%20permiten%20reuni%C3%B3n%20de%20los%20comit%C3%A9s%20de%20la%20Chacra%20G%20con%20Ministro%20de%20Vivienda' aria-hidden='false' data-av_icon='\ue8f3' data-av_iconfont='entypo-fontello' title='' data-avia-related-tooltip='Compartir en Facebook' rel=\"noopener\"><span class='avia_hidden_link_text'>Compartir en Facebook<\/span><\/a><\/li><li class='av-share-link av-social-link-twitter' ><a target=\"_blank\" aria-label=\"Compartir en Twitter\" href='https:\/\/twitter.com\/share?text=Gestiones%20del%20diputado%20Calisto%20permiten%20reuni%C3%B3n%20de%20los%20comit%C3%A9s%20de%20la%20Chacra%20G%20con%20Ministro%20de%20Vivienda&#038;url=https:\/\/radiorevelacionfm.cl\/?p=26840' aria-hidden='false' data-av_icon='\ue8f1' data-av_iconfont='entypo-fontello' title='' data-avia-related-tooltip='Compartir en Twitter' rel=\"noopener\"><span class='avia_hidden_link_text'>Compartir en Twitter<\/span><\/a><\/li><li class='av-share-link av-social-link-whatsapp' ><a target=\"_blank\" aria-label=\"Compartir en Whatsapp\" href='https:\/\/api.whatsapp.com\/send?text=https:\/\/radiorevelacionfm.cl\/?p=26840' aria-hidden='false' data-av_icon='\uf232' data-av_iconfont='entypo-fontello' title='' data-avia-related-tooltip='Compartir en Whatsapp' rel=\"noopener\"><span class='avia_hidden_link_text'>Compartir en Whatsapp<\/span><\/a><\/li><li class='av-share-link av-social-link-linkedin' ><a target=\"_blank\" aria-label=\"Compartir en LinkedIn\" href='https:\/\/linkedin.com\/shareArticle?mini=true&#038;title=Gestiones%20del%20diputado%20Calisto%20permiten%20reuni%C3%B3n%20de%20los%20comit%C3%A9s%20de%20la%20Chacra%20G%20con%20Ministro%20de%20Vivienda&#038;url=https:\/\/radiorevelacionfm.cl\/?p=26840' aria-hidden='false' data-av_icon='\ue8fc' data-av_iconfont='entypo-fontello' title='' data-avia-related-tooltip='Compartir en LinkedIn' rel=\"noopener\"><span class='avia_hidden_link_text'>Compartir en LinkedIn<\/span><\/a><\/li><li class='av-share-link av-social-link-mail' ><a  aria-label=\"Compartir por correo\" href='mailto:?subject=Gestiones%20del%20diputado%20Calisto%20permiten%20reuni%C3%B3n%20de%20los%20comit%C3%A9s%20de%20la%20Chacra%20G%20con%20Ministro%20de%20Vivienda&#038;body=https:\/\/radiorevelacionfm.cl\/?p=26840' aria-hidden='false' data-av_icon='\ue805' data-av_iconfont='entypo-fontello' title='' data-avia-related-tooltip='Compartir por correo'><span class='avia_hidden_link_text'>Compartir por correo<\/span><\/a><\/li><\/ul><\/div><\/div>\n<div  style='height:50px' class='hr hr-invisible   avia-builder-el-8  el_after_av_social_share  el_before_av_comments_list '><span class='hr-inner ' ><span class='hr-inner-style'><\/span><\/span><\/div>\n<div  class='av-buildercomment  av-blog-meta-html-info-disabled av-blog-meta-tag-disabled  '><\/div>\n","protected":false},"excerpt":{"rendered":"","protected":false},"author":1,"featured_media":26841,"comment_status":"open","ping_status":"open","sticky":false,"template":"","format":"standard","meta":{"footnotes":""},"categories":[35],"tags":[],"class_list":["post-26840","post","type-post","status-publish","format-standard","has-post-thumbnail","hentry","category-politica"],"jetpack_featured_media_url":"https:\/\/radiorevelacionfm.cl\/wp-content\/uploads\/2023\/01\/calisto-reu-1-1_optimized.jpeg","_links":{"self":[{"href":"https:\/\/radiorevelacionfm.cl\/index.php?rest_route=\/wp\/v2\/posts\/26840","targetHints":{"allow":["GET"]}}],"collection":[{"href":"https:\/\/radiorevelacionfm.cl\/index.php?rest_route=\/wp\/v2\/posts"}],"about":[{"href":"https:\/\/radiorevelacionfm.cl\/index.php?rest_route=\/wp\/v2\/types\/post"}],"author":[{"embeddable":true,"href":"https:\/\/radiorevelacionfm.cl\/index.php?rest_route=\/wp\/v2\/users\/1"}],"replies":[{"embeddable":true,"href":"https:\/\/radiorevelacionfm.cl\/index.php?rest_route=%2Fwp%2Fv2%2Fcomments&post=26840"}],"version-history":[{"count":2,"href":"https:\/\/radiorevelacionfm.cl\/index.php?rest_route=\/wp\/v2\/posts\/26840\/revisions"}],"predecessor-version":[{"id":26868,"href":"https:\/\/radiorevelacionfm.cl\/index.php?rest_route=\/wp\/v2\/posts\/26840\/revisions\/26868"}],"wp:featuredmedia":[{"embeddable":true,"href":"https:\/\/radiorevelacionfm.cl\/index.php?rest_route=\/wp\/v2\/media\/26841"}],"wp:attachment":[{"href":"https:\/\/radiorevelacionfm.cl\/index.php?rest_route=%2Fwp%2Fv2%2Fmedia&parent=26840"}],"wp:term":[{"taxonomy":"category","embeddable":true,"href":"https:\/\/radiorevelacionfm.cl\/index.php?rest_route=%2Fwp%2Fv2%2Fcategories&post=26840"},{"taxonomy":"post_tag","embeddable":true,"href":"https:\/\/radiorevelacionfm.cl\/index.php?rest_route=%2Fwp%2Fv2%2Ftags&post=26840"}],"curies":[{"name":"wp","href":"https:\/\/api.w.org\/{rel}","templated":true}]}}