{"id":26837,"date":"2023-01-20T09:10:17","date_gmt":"2023-01-20T12:10:17","guid":{"rendered":"https:\/\/radiorevelacionfm.cl\/?p=26837"},"modified":"2023-01-20T09:10:17","modified_gmt":"2023-01-20T12:10:17","slug":"mas-del-95-de-los-hogares-de-aysen-considerados-para-encuesta-casen-ya-han-abierto-sus-puertas","status":"publish","type":"post","link":"https:\/\/radiorevelacionfm.cl\/?p=26837","title":{"rendered":"M\u00e1s del 95% de los hogares de Ays\u00e9n considerados para encuesta Casen ya han abierto sus puertas"},"content":{"rendered":"<div class=\"flex_column av_one_full  flex_column_div av-zero-column-padding first  avia-builder-el-0  el_before_av_one_full  avia-builder-el-first  \" style='border-radius:0px; '><div  class='avia-image-container  av-styling-    avia-builder-el-1  avia-builder-el-no-sibling  avia-align-center '  itemprop=\"image\" itemscope=\"itemscope\" itemtype=\"https:\/\/schema.org\/ImageObject\"  ><div class='avia-image-container-inner'><div class='avia-image-overlay-wrap'><img decoding=\"async\" class='wp-image-26838 avia-img-lazy-loading-not-26838 avia_image' src=\"https:\/\/radiorevelacionfm.cl\/wp-content\/uploads\/2023\/01\/2-2023-01-19t171949_optimized.385-1-1.jpg\" alt='' title='2---2023-01-19t171949_optimized.385-(1)-(1)' height=\"600\" width=\"1065\"  itemprop=\"thumbnailUrl\" srcset=\"https:\/\/radiorevelacionfm.cl\/wp-content\/uploads\/2023\/01\/2-2023-01-19t171949_optimized.385-1-1.jpg 1065w, https:\/\/radiorevelacionfm.cl\/wp-content\/uploads\/2023\/01\/2-2023-01-19t171949_optimized.385-1-1-300x169.jpg 300w, https:\/\/radiorevelacionfm.cl\/wp-content\/uploads\/2023\/01\/2-2023-01-19t171949_optimized.385-1-1-1030x580.jpg 1030w, https:\/\/radiorevelacionfm.cl\/wp-content\/uploads\/2023\/01\/2-2023-01-19t171949_optimized.385-1-1-768x433.jpg 768w, https:\/\/radiorevelacionfm.cl\/wp-content\/uploads\/2023\/01\/2-2023-01-19t171949_optimized.385-1-1-705x397.jpg 705w, https:\/\/radiorevelacionfm.cl\/wp-content\/uploads\/2023\/01\/2-2023-01-19t171949_optimized.385-1-1-600x338.jpg 600w\" sizes=\"(max-width: 1065px) 100vw, 1065px\" \/><\/div><\/div><\/div><\/div><div class=\"flex_column av_one_full  flex_column_div av-zero-column-padding first  avia-builder-el-2  el_after_av_one_full  el_before_av_one_full  column-top-margin\" style='border-radius:0px; '><section class=\"av_textblock_section \"  itemscope=\"itemscope\" itemtype=\"https:\/\/schema.org\/BlogPosting\" itemprop=\"blogPost\" ><div class='avia_textblock  '   itemprop=\"text\" ><p style=\"text-align: center;\"><span style=\"font-size: 18pt;\"><strong>M\u00e1s del 95% de los hogares de Ays\u00e9n considerados para encuesta Casen ya han abierto sus puertas <\/strong><\/span><\/p>\n<div id=\"gtx-trans\" style=\"position: absolute; left: -50px; top: 4.31534px;\">\n<div class=\"gtx-trans-icon\"><\/div>\n<\/div>\n<\/div><\/section><\/div><div class=\"flex_column av_one_full  flex_column_div av-zero-column-padding first  avia-builder-el-4  el_after_av_one_full  el_before_av_hr  column-top-margin\" style='border-radius:0px; '><section class=\"av_textblock_section \"  itemscope=\"itemscope\" itemtype=\"https:\/\/schema.org\/BlogPosting\" itemprop=\"blogPost\" ><div class='avia_textblock  '   itemprop=\"text\" ><p style=\"text-align: justify;\">La autoridad insisti\u00f3 en la importancia de participar del proceso, \u00fanica forma en que la realidad de la Regi\u00f3n de Ays\u00e9n se vea reflejada en los resultados de la encuesta m\u00e1s importante que se desarrolla en Chile.<\/p>\n<p style=\"text-align: justify;\">Con un porcentaje de avance superior a la media nacional y a dos semanas que se cumpla el plazo de aplicaci\u00f3n de la encuesta a Encuesta de Caracterizaci\u00f3n Socioecon\u00f3mica Nacional (CASEN), la SEREMI de Desarrollo Social \u00a0y Familia, Karina Acevedo Auad, no s\u00f3lo agradeci\u00f3 la disposici\u00f3n de los hogares encuestados que abrieron sus puertas y contestaron el principal instrumento estad\u00edstico de planificaci\u00f3n que tiene el Estado, sino que destac\u00f3 que el poder visualizar las particularidades del territorio representa una gran oportunidad para las familias de la Regi\u00f3n de Ays\u00e9n, \u201cespecialmente, en un gobierno que tiene una clara vocaci\u00f3n hacia el desarrollo y progreso social de nuestras comunidades\u201d.<\/p>\n<p style=\"text-align: justify;\">Karina Acevedo Auad, SEREMI de Desarrollo Social y Familia, que hace algunas semanas junto al Delegado Presidencial Regional, Rodrigo Araya y su par de Gobierno, Tatiana Pla, hicieran un llamado a la comunidad a abrir sus puertas y recibir a los encuestadores CASEN explic\u00f3 que \u201cestamos muy contestos porque hemos logrado convocar a la comunidad aisenina a dar respuesta a la encuesta CAEEN, han abierto sus puertas y entregados los datos a nuestros encuestadores para poder levantar la informaci\u00f3n de nuestra regi\u00f3n. Este fin de semana, desde el viernes, deber\u00edamos estar en la comuna de Cisnes y ya son pocas las casas que nos quedan por cubrir y considerar en esta gran encuesta que nos va a permitir construir la pol\u00edtica p\u00fablica para los pr\u00f3ximos 3 a\u00f1os\u201d.<\/p>\n<p style=\"text-align: justify;\">Cabe destacar que Casen es realizada por el Ministerio de Desarrollo Social con el objetivo de disponer de informaci\u00f3n que permita conocer peri\u00f3dicamente la situaci\u00f3n de la poblaci\u00f3n, especialmente de aquella en situaci\u00f3n de pobreza y de aquellos grupos definidos como prioritarios por la pol\u00edtica social y que luego de m\u00e1s de 6 a\u00f1os vuelve, en esta versi\u00f3n, a ser presencial, raz\u00f3n por la cual la autoridad regional enfatiz\u00f3 que \u201cas\u00ed como hicimos el llamado en su momento a que abran sus puertas, hoy quiero contarles que como Regi\u00f3n de Ays\u00e9n llevamos m\u00e1s de un 95% de encuestaje, lo que nos deja en muy buen pie y por eso queremos agradecer a el compromiso y disposici\u00f3n de toda la comunidad que ha participado de este proceso\u201d.<\/p>\n<p style=\"text-align: justify;\">Finalmente, recordar que el participar en la encuesta no quitar\u00e1 al entrevistado la posibilidad de acceder a beneficios sociales, pues la informaci\u00f3n de las respuestas no se asociar\u00e1 con la vivienda ni con las personas que residen en ella, es m\u00e1s, la encuesta Casen es confidencial y est\u00e1 sujeta al secreto estad\u00edstico dispuesto en la Ley N\u00b017.374\u00a0 y en tanto el informante id\u00f3neo para la encuesta es la jefatura de cada hogar seleccionado, si no es posible entrevistar a la jefatura, el o la encuestadora solicitar\u00e1 la informaci\u00f3n de contacto o realizar\u00e1 la entrevista a otra persona del hogar, mayor de 18 a\u00f1os, que est\u00e9 en condiciones de contestar el cuestionario.<\/p>\n<\/div><\/section><\/div><div  style='height:50px' class='hr hr-invisible   avia-builder-el-6  el_after_av_one_full  el_before_av_social_share '><span class='hr-inner ' ><span class='hr-inner-style'><\/span><\/span><\/div><\/p>\n<div  class='av-social-sharing-box  avia-builder-el-7  el_after_av_hr  el_before_av_hr  '><div class='av-share-box'><h5 class='av-share-link-description av-no-toc '>Compartir esta noticia<\/h5><ul class='av-share-box-list noLightbox'><li class='av-share-link av-social-link-facebook' ><a target=\"_blank\" aria-label=\"Compartir en Facebook\" href='https:\/\/www.facebook.com\/sharer.php?u=https:\/\/radiorevelacionfm.cl\/?p=26837&#038;t=M%C3%A1s%20del%2095%25%20de%20los%20hogares%20de%20Ays%C3%A9n%20considerados%20para%20encuesta%20Casen%20ya%20han%20abierto%20sus%20puertas' aria-hidden='false' data-av_icon='\ue8f3' data-av_iconfont='entypo-fontello' title='' data-avia-related-tooltip='Compartir en Facebook' rel=\"noopener\"><span class='avia_hidden_link_text'>Compartir en Facebook<\/span><\/a><\/li><li class='av-share-link av-social-link-twitter' ><a target=\"_blank\" aria-label=\"Compartir en Twitter\" href='https:\/\/twitter.com\/share?text=M%C3%A1s%20del%2095%25%20de%20los%20hogares%20de%20Ays%C3%A9n%20considerados%20para%20encuesta%20Casen%20ya%20han%20abierto%20sus%20puertas&#038;url=https:\/\/radiorevelacionfm.cl\/?p=26837' aria-hidden='false' data-av_icon='\ue8f1' data-av_iconfont='entypo-fontello' title='' data-avia-related-tooltip='Compartir en Twitter' rel=\"noopener\"><span class='avia_hidden_link_text'>Compartir en Twitter<\/span><\/a><\/li><li class='av-share-link av-social-link-whatsapp' ><a target=\"_blank\" aria-label=\"Compartir en Whatsapp\" href='https:\/\/api.whatsapp.com\/send?text=https:\/\/radiorevelacionfm.cl\/?p=26837' aria-hidden='false' data-av_icon='\uf232' data-av_iconfont='entypo-fontello' title='' data-avia-related-tooltip='Compartir en Whatsapp' rel=\"noopener\"><span class='avia_hidden_link_text'>Compartir en Whatsapp<\/span><\/a><\/li><li class='av-share-link av-social-link-linkedin' ><a target=\"_blank\" aria-label=\"Compartir en LinkedIn\" href='https:\/\/linkedin.com\/shareArticle?mini=true&#038;title=M%C3%A1s%20del%2095%25%20de%20los%20hogares%20de%20Ays%C3%A9n%20considerados%20para%20encuesta%20Casen%20ya%20han%20abierto%20sus%20puertas&#038;url=https:\/\/radiorevelacionfm.cl\/?p=26837' aria-hidden='false' data-av_icon='\ue8fc' data-av_iconfont='entypo-fontello' title='' data-avia-related-tooltip='Compartir en LinkedIn' rel=\"noopener\"><span class='avia_hidden_link_text'>Compartir en LinkedIn<\/span><\/a><\/li><li class='av-share-link av-social-link-mail' ><a  aria-label=\"Compartir por correo\" href='mailto:?subject=M%C3%A1s%20del%2095%25%20de%20los%20hogares%20de%20Ays%C3%A9n%20considerados%20para%20encuesta%20Casen%20ya%20han%20abierto%20sus%20puertas&#038;body=https:\/\/radiorevelacionfm.cl\/?p=26837' aria-hidden='false' data-av_icon='\ue805' data-av_iconfont='entypo-fontello' title='' data-avia-related-tooltip='Compartir por correo'><span class='avia_hidden_link_text'>Compartir por correo<\/span><\/a><\/li><\/ul><\/div><\/div>\n<div  style='height:50px' class='hr hr-invisible   avia-builder-el-8  el_after_av_social_share  el_before_av_comments_list '><span class='hr-inner ' ><span class='hr-inner-style'><\/span><\/span><\/div>\n<div  class='av-buildercomment  av-blog-meta-html-info-disabled av-blog-meta-tag-disabled  '><\/div>\n","protected":false},"excerpt":{"rendered":"","protected":false},"author":1,"featured_media":26838,"comment_status":"open","ping_status":"open","sticky":false,"template":"","format":"standard","meta":{"footnotes":""},"categories":[38],"tags":[],"class_list":["post-26837","post","type-post","status-publish","format-standard","has-post-thumbnail","hentry","category-regional"],"jetpack_featured_media_url":"https:\/\/radiorevelacionfm.cl\/wp-content\/uploads\/2023\/01\/2-2023-01-19t171949_optimized.385-1-1.jpg","_links":{"self":[{"href":"https:\/\/radiorevelacionfm.cl\/index.php?rest_route=\/wp\/v2\/posts\/26837","targetHints":{"allow":["GET"]}}],"collection":[{"href":"https:\/\/radiorevelacionfm.cl\/index.php?rest_route=\/wp\/v2\/posts"}],"about":[{"href":"https:\/\/radiorevelacionfm.cl\/index.php?rest_route=\/wp\/v2\/types\/post"}],"author":[{"embeddable":true,"href":"https:\/\/radiorevelacionfm.cl\/index.php?rest_route=\/wp\/v2\/users\/1"}],"replies":[{"embeddable":true,"href":"https:\/\/radiorevelacionfm.cl\/index.php?rest_route=%2Fwp%2Fv2%2Fcomments&post=26837"}],"version-history":[{"count":2,"href":"https:\/\/radiorevelacionfm.cl\/index.php?rest_route=\/wp\/v2\/posts\/26837\/revisions"}],"predecessor-version":[{"id":26867,"href":"https:\/\/radiorevelacionfm.cl\/index.php?rest_route=\/wp\/v2\/posts\/26837\/revisions\/26867"}],"wp:featuredmedia":[{"embeddable":true,"href":"https:\/\/radiorevelacionfm.cl\/index.php?rest_route=\/wp\/v2\/media\/26838"}],"wp:attachment":[{"href":"https:\/\/radiorevelacionfm.cl\/index.php?rest_route=%2Fwp%2Fv2%2Fmedia&parent=26837"}],"wp:term":[{"taxonomy":"category","embeddable":true,"href":"https:\/\/radiorevelacionfm.cl\/index.php?rest_route=%2Fwp%2Fv2%2Fcategories&post=26837"},{"taxonomy":"post_tag","embeddable":true,"href":"https:\/\/radiorevelacionfm.cl\/index.php?rest_route=%2Fwp%2Fv2%2Ftags&post=26837"}],"curies":[{"name":"wp","href":"https:\/\/api.w.org\/{rel}","templated":true}]}}