{"id":26833,"date":"2023-01-19T17:10:08","date_gmt":"2023-01-19T20:10:08","guid":{"rendered":"https:\/\/radiorevelacionfm.cl\/?p=26833"},"modified":"2023-01-19T17:10:08","modified_gmt":"2023-01-19T20:10:08","slug":"innovacion-culinaria-de-infor-a-partir-de-productos-forestales-no-madereros-destaco-en-tradicional-fiesta-del-chivo","status":"publish","type":"post","link":"https:\/\/radiorevelacionfm.cl\/?p=26833","title":{"rendered":"Innovaci\u00f3n culinaria de INFOR a partir de Productos Forestales no Madereros destac\u00f3 en tradicional \u201cFiesta del Chivo\u201d"},"content":{"rendered":"<div class=\"flex_column av_one_full  flex_column_div av-zero-column-padding first  avia-builder-el-0  el_before_av_one_full  avia-builder-el-first  \" style='border-radius:0px; '><div  class='avia-image-container  av-styling-    avia-builder-el-1  avia-builder-el-no-sibling  avia-align-center '  itemprop=\"image\" itemscope=\"itemscope\" itemtype=\"https:\/\/schema.org\/ImageObject\"  ><div class='avia-image-container-inner'><div class='avia-image-overlay-wrap'><img decoding=\"async\" class='wp-image-26834 avia-img-lazy-loading-not-26834 avia_image' src=\"https:\/\/radiorevelacionfm.cl\/wp-content\/uploads\/2023\/01\/06-CHIVO-EN-SALSA-DE-CALAFATE-1-1.jpg\" alt='' title='06 CHIVO EN SALSA DE CALAFATE (1) (1)' height=\"600\" width=\"800\"  itemprop=\"thumbnailUrl\" srcset=\"https:\/\/radiorevelacionfm.cl\/wp-content\/uploads\/2023\/01\/06-CHIVO-EN-SALSA-DE-CALAFATE-1-1.jpg 800w, https:\/\/radiorevelacionfm.cl\/wp-content\/uploads\/2023\/01\/06-CHIVO-EN-SALSA-DE-CALAFATE-1-1-300x225.jpg 300w, https:\/\/radiorevelacionfm.cl\/wp-content\/uploads\/2023\/01\/06-CHIVO-EN-SALSA-DE-CALAFATE-1-1-768x576.jpg 768w, https:\/\/radiorevelacionfm.cl\/wp-content\/uploads\/2023\/01\/06-CHIVO-EN-SALSA-DE-CALAFATE-1-1-705x529.jpg 705w, https:\/\/radiorevelacionfm.cl\/wp-content\/uploads\/2023\/01\/06-CHIVO-EN-SALSA-DE-CALAFATE-1-1-600x450.jpg 600w\" sizes=\"(max-width: 800px) 100vw, 800px\" \/><\/div><\/div><\/div><\/div><div class=\"flex_column av_one_full  flex_column_div av-zero-column-padding first  avia-builder-el-2  el_after_av_one_full  el_before_av_one_full  column-top-margin\" style='border-radius:0px; '><section class=\"av_textblock_section \"  itemscope=\"itemscope\" itemtype=\"https:\/\/schema.org\/BlogPosting\" itemprop=\"blogPost\" ><div class='avia_textblock  '   itemprop=\"text\" ><p style=\"text-align: center;\"><span style=\"font-size: 18pt;\"><strong>Innovaci\u00f3n culinaria de INFOR a partir de Productos Forestales no Madereros destac\u00f3 en tradicional \u201cFiesta del Chivo\u201d <\/strong><\/span><\/p>\n<div id=\"gtx-trans\" style=\"position: absolute; left: -50px; top: 4.31534px;\">\n<div class=\"gtx-trans-icon\"><\/div>\n<\/div>\n<\/div><\/section><\/div><div class=\"flex_column av_one_full  flex_column_div av-zero-column-padding first  avia-builder-el-4  el_after_av_one_full  el_before_av_hr  column-top-margin\" style='border-radius:0px; '><section class=\"av_textblock_section \"  itemscope=\"itemscope\" itemtype=\"https:\/\/schema.org\/BlogPosting\" itemprop=\"blogPost\" ><div class='avia_textblock  '   itemprop=\"text\" ><p style=\"text-align: justify;\">Productos Forestales no Madereros (PFNM) de Ays\u00e9n estuvieron presentes en la sexta versi\u00f3n del encuentro costumbrista de Levic\u00e1n con cocina en vivo y muestra de preparaciones e ingredientes en base a recolecci\u00f3n de frutos del bosque patag\u00f3n.<\/p>\n<p style=\"text-align: justify;\">Junto a los asados, m\u00fasica regional y tradiciones de la VI Fiesta del Chivo de Pen\u00ednsula Levic\u00e1n, el Instituto Forestal (INFOR) sede Patagonia, realiz\u00f3 una muestra de cocina en vivo que incluy\u00f3 la presentaci\u00f3n de productos elaborados por recolectoras y recolectores en base a frutos silvestres obtenidos de los bosques de la Patagonia.<\/p>\n<p style=\"text-align: justify;\">El gerente de INFOR, Sede Patagonia, Jaime Salinas destac\u00f3 la innovaci\u00f3n presentada por el chef regional Hugo Berr\u00edos, quien, frente a los asistentes al encuentro, prepar\u00f3 platos en base a la carne caprina integrando frutos y hongos silvestres que son recolectados en los bosques.<\/p>\n<p style=\"text-align: justify;\">\u00abTrajimos a un grupo de recolectoras y recolectores de toda la regi\u00f3n para que est\u00e9n presentes, coordinaci\u00f3n que realizamos en conjunto con el Seremi de Agricultura, Alan Espinoza. Estamos participando con productos forestales no madereros, elaborando preparaciones y agregando valor a los bosques nativos y recursos silvestres que est\u00e1n en nuestra regi\u00f3n de Ays\u00e9n\u00bb, destac\u00f3 Salinas.<\/p>\n<p style=\"text-align: justify;\"><strong>Los \u201cIngredientes\u201d del Bosque<\/strong><\/p>\n<p style=\"text-align: justify;\">Cabe recordar que el INFOR, dependiente del Ministerio de Agricultura, ejecuta hace dos a\u00f1os el Programa \u201cTransferencia para el Desarrollo Productivo en base a Productos Forestales no Madereros (PFNM)\u201d financiado por el Fondo Nacional de Desarrollo Regional (FNDR) del Gobierno Regional y su Consejo, instancia en la que participan 85 recolectoras y recolectores de la regi\u00f3n.<\/p>\n<p style=\"text-align: justify;\">La iniciativa busca realizar transferencia de conocimientos mediante talleres para fortalecer las capacidades y habilidades personales de los actores de la cadena productiva, en base a la utilizaci\u00f3n sustentable de frutos, hongos y otros vegetales silvestres los bosques de Ays\u00e9n.<\/p>\n<p style=\"text-align: justify;\">En ese contexto, la presidenta de la Junta de Vecinos N\u00ba2 de Pen\u00ednsula Levic\u00e1n, Uberlinda Figueroa, quien lidera la organizaci\u00f3n de la Fiesta del Chivo y adem\u00e1s forma parte de las recolectoras del programa de INFOR, destac\u00f3 aspectos de la organizaci\u00f3n del encuentro, recordando que \u201cesta ya es la sexta versi\u00f3n de nuestra fiesta costumbrista. Aqu\u00ed en Pen\u00ednsula Levic\u00e1n naci\u00f3 la Fiesta del Chivo el 2017 y as\u00ed nos hemos ido preparando a\u00f1o a a\u00f1o\u201d.<\/p>\n<p style=\"text-align: justify;\">\u201cEn esta oportunidad \u2013 destac\u00f3- por primera vez est\u00e1 presente el INFOR, con preparaciones especiales usando la carne de chivo, pero a la vez incorporando los frutos no madereros, a los que en este \u00faltimo tiempo se ha tratado de dar valor agregado y donde formamos parte tambi\u00e9n todas las recolectoras de la regi\u00f3n\u00bb.<\/p>\n<p style=\"text-align: justify;\">En el marco del encuentro, Roberto Figueroa, recolector de PFNM de Cochrane, present\u00f3 el licor de calafate que elabora con su familia y los aceites esenciales que obtiene de madera de cipr\u00e9s y de plantas medicinales silvestres. \u00abGracias a INFOR empec\u00e9 hace m\u00e1s de seis a\u00f1os, yo creo que fue el primer proyecto que se hizo. Aprendimos mucho a conocer los productos forestales no madereros y a c\u00f3mo enfrentarse a las ferias;\u00a0 nos ense\u00f1aron a c\u00f3mo vender el producto y yo creo que es lo m\u00e1s importante en lo que me ha ayudado INFOR\u00bb, destac\u00f3 el recolector.<\/p>\n<p style=\"text-align: justify;\">Alguna de las degustaciones que pudieron probar los asistentes a la VI Fiesta del Chivo fueron arroyado de pierna de chivo en salsa de calafate, baguette elaborado con cauchao (fruto de la luma), pat\u00e9 de chivo, grosellas en vinagre y mayonesa de ajo negro, chivo desmechado en una base de milcao, galletas de brownie con calafate y mouse de cauchao, entre otros.<\/p>\n<\/div><\/section><\/div><div  style='height:50px' class='hr hr-invisible   avia-builder-el-6  el_after_av_one_full  el_before_av_social_share '><span class='hr-inner ' ><span class='hr-inner-style'><\/span><\/span><\/div><\/p>\n<div  class='av-social-sharing-box  avia-builder-el-7  el_after_av_hr  el_before_av_hr  '><div class='av-share-box'><h5 class='av-share-link-description av-no-toc '>Compartir esta noticia<\/h5><ul class='av-share-box-list noLightbox'><li class='av-share-link av-social-link-facebook' ><a target=\"_blank\" aria-label=\"Compartir en Facebook\" href='https:\/\/www.facebook.com\/sharer.php?u=https:\/\/radiorevelacionfm.cl\/?p=26833&#038;t=Innovaci%C3%B3n%20culinaria%20de%20INFOR%20a%20partir%20de%20Productos%20Forestales%20no%20Madereros%20destac%C3%B3%20en%20tradicional%20%E2%80%9CFiesta%20del%20Chivo%E2%80%9D' aria-hidden='false' data-av_icon='\ue8f3' data-av_iconfont='entypo-fontello' title='' data-avia-related-tooltip='Compartir en Facebook' rel=\"noopener\"><span class='avia_hidden_link_text'>Compartir en Facebook<\/span><\/a><\/li><li class='av-share-link av-social-link-twitter' ><a target=\"_blank\" aria-label=\"Compartir en Twitter\" href='https:\/\/twitter.com\/share?text=Innovaci%C3%B3n%20culinaria%20de%20INFOR%20a%20partir%20de%20Productos%20Forestales%20no%20Madereros%20destac%C3%B3%20en%20tradicional%20%E2%80%9CFiesta%20del%20Chivo%E2%80%9D&#038;url=https:\/\/radiorevelacionfm.cl\/?p=26833' aria-hidden='false' data-av_icon='\ue8f1' data-av_iconfont='entypo-fontello' title='' data-avia-related-tooltip='Compartir en Twitter' rel=\"noopener\"><span class='avia_hidden_link_text'>Compartir en Twitter<\/span><\/a><\/li><li class='av-share-link av-social-link-whatsapp' ><a target=\"_blank\" aria-label=\"Compartir en Whatsapp\" href='https:\/\/api.whatsapp.com\/send?text=https:\/\/radiorevelacionfm.cl\/?p=26833' aria-hidden='false' data-av_icon='\uf232' data-av_iconfont='entypo-fontello' title='' data-avia-related-tooltip='Compartir en Whatsapp' rel=\"noopener\"><span class='avia_hidden_link_text'>Compartir en Whatsapp<\/span><\/a><\/li><li class='av-share-link av-social-link-linkedin' ><a target=\"_blank\" aria-label=\"Compartir en LinkedIn\" href='https:\/\/linkedin.com\/shareArticle?mini=true&#038;title=Innovaci%C3%B3n%20culinaria%20de%20INFOR%20a%20partir%20de%20Productos%20Forestales%20no%20Madereros%20destac%C3%B3%20en%20tradicional%20%E2%80%9CFiesta%20del%20Chivo%E2%80%9D&#038;url=https:\/\/radiorevelacionfm.cl\/?p=26833' aria-hidden='false' data-av_icon='\ue8fc' data-av_iconfont='entypo-fontello' title='' data-avia-related-tooltip='Compartir en LinkedIn' rel=\"noopener\"><span class='avia_hidden_link_text'>Compartir en LinkedIn<\/span><\/a><\/li><li class='av-share-link av-social-link-mail' ><a  aria-label=\"Compartir por correo\" href='mailto:?subject=Innovaci%C3%B3n%20culinaria%20de%20INFOR%20a%20partir%20de%20Productos%20Forestales%20no%20Madereros%20destac%C3%B3%20en%20tradicional%20%E2%80%9CFiesta%20del%20Chivo%E2%80%9D&#038;body=https:\/\/radiorevelacionfm.cl\/?p=26833' aria-hidden='false' data-av_icon='\ue805' data-av_iconfont='entypo-fontello' title='' data-avia-related-tooltip='Compartir por correo'><span class='avia_hidden_link_text'>Compartir por correo<\/span><\/a><\/li><\/ul><\/div><\/div>\n<div  style='height:50px' class='hr hr-invisible   avia-builder-el-8  el_after_av_social_share  el_before_av_comments_list '><span class='hr-inner ' ><span class='hr-inner-style'><\/span><\/span><\/div>\n<div  class='av-buildercomment  av-blog-meta-html-info-disabled av-blog-meta-tag-disabled  '><\/div>\n","protected":false},"excerpt":{"rendered":"","protected":false},"author":1,"featured_media":26834,"comment_status":"open","ping_status":"open","sticky":false,"template":"","format":"standard","meta":{"footnotes":""},"categories":[38],"tags":[],"class_list":["post-26833","post","type-post","status-publish","format-standard","has-post-thumbnail","hentry","category-regional"],"jetpack_featured_media_url":"https:\/\/radiorevelacionfm.cl\/wp-content\/uploads\/2023\/01\/06-CHIVO-EN-SALSA-DE-CALAFATE-1-1.jpg","_links":{"self":[{"href":"https:\/\/radiorevelacionfm.cl\/index.php?rest_route=\/wp\/v2\/posts\/26833","targetHints":{"allow":["GET"]}}],"collection":[{"href":"https:\/\/radiorevelacionfm.cl\/index.php?rest_route=\/wp\/v2\/posts"}],"about":[{"href":"https:\/\/radiorevelacionfm.cl\/index.php?rest_route=\/wp\/v2\/types\/post"}],"author":[{"embeddable":true,"href":"https:\/\/radiorevelacionfm.cl\/index.php?rest_route=\/wp\/v2\/users\/1"}],"replies":[{"embeddable":true,"href":"https:\/\/radiorevelacionfm.cl\/index.php?rest_route=%2Fwp%2Fv2%2Fcomments&post=26833"}],"version-history":[{"count":2,"href":"https:\/\/radiorevelacionfm.cl\/index.php?rest_route=\/wp\/v2\/posts\/26833\/revisions"}],"predecessor-version":[{"id":26836,"href":"https:\/\/radiorevelacionfm.cl\/index.php?rest_route=\/wp\/v2\/posts\/26833\/revisions\/26836"}],"wp:featuredmedia":[{"embeddable":true,"href":"https:\/\/radiorevelacionfm.cl\/index.php?rest_route=\/wp\/v2\/media\/26834"}],"wp:attachment":[{"href":"https:\/\/radiorevelacionfm.cl\/index.php?rest_route=%2Fwp%2Fv2%2Fmedia&parent=26833"}],"wp:term":[{"taxonomy":"category","embeddable":true,"href":"https:\/\/radiorevelacionfm.cl\/index.php?rest_route=%2Fwp%2Fv2%2Fcategories&post=26833"},{"taxonomy":"post_tag","embeddable":true,"href":"https:\/\/radiorevelacionfm.cl\/index.php?rest_route=%2Fwp%2Fv2%2Ftags&post=26833"}],"curies":[{"name":"wp","href":"https:\/\/api.w.org\/{rel}","templated":true}]}}