{"id":26828,"date":"2023-01-19T14:55:55","date_gmt":"2023-01-19T17:55:55","guid":{"rendered":"https:\/\/radiorevelacionfm.cl\/?p=26828"},"modified":"2023-01-19T14:55:55","modified_gmt":"2023-01-19T17:55:55","slug":"salud-potencia-reuniones-con-la-comunidad-y-gobiernos-locales-en-su-reciente-visita-a-la-provincia-general-carrera","status":"publish","type":"post","link":"https:\/\/radiorevelacionfm.cl\/?p=26828","title":{"rendered":"Salud potencia reuniones con la comunidad y gobiernos locales en su reciente visita a la provincia General Carrera"},"content":{"rendered":"<div class=\"flex_column av_one_full  flex_column_div av-zero-column-padding first  avia-builder-el-0  el_before_av_one_full  avia-builder-el-first  \" style='border-radius:0px; '><div  class='avia-image-container  av-styling-    avia-builder-el-1  avia-builder-el-no-sibling  avia-align-center '  itemprop=\"image\" itemscope=\"itemscope\" itemtype=\"https:\/\/schema.org\/ImageObject\"  ><div class='avia-image-container-inner'><div class='avia-image-overlay-wrap'><img decoding=\"async\" class='wp-image-26829 avia-img-lazy-loading-not-26829 avia_image' src=\"https:\/\/radiorevelacionfm.cl\/wp-content\/uploads\/2023\/01\/chile-chico-16-1_optimized.jpeg\" alt='' title='chile-chico-16-(1)_optimized' height=\"600\" width=\"800\"  itemprop=\"thumbnailUrl\" srcset=\"https:\/\/radiorevelacionfm.cl\/wp-content\/uploads\/2023\/01\/chile-chico-16-1_optimized.jpeg 800w, https:\/\/radiorevelacionfm.cl\/wp-content\/uploads\/2023\/01\/chile-chico-16-1_optimized-300x225.jpeg 300w, https:\/\/radiorevelacionfm.cl\/wp-content\/uploads\/2023\/01\/chile-chico-16-1_optimized-768x576.jpeg 768w, https:\/\/radiorevelacionfm.cl\/wp-content\/uploads\/2023\/01\/chile-chico-16-1_optimized-705x529.jpeg 705w, https:\/\/radiorevelacionfm.cl\/wp-content\/uploads\/2023\/01\/chile-chico-16-1_optimized-600x450.jpeg 600w\" sizes=\"(max-width: 800px) 100vw, 800px\" \/><\/div><\/div><\/div><\/div><div class=\"flex_column av_one_full  flex_column_div av-zero-column-padding first  avia-builder-el-2  el_after_av_one_full  el_before_av_one_full  column-top-margin\" style='border-radius:0px; '><section class=\"av_textblock_section \"  itemscope=\"itemscope\" itemtype=\"https:\/\/schema.org\/BlogPosting\" itemprop=\"blogPost\" ><div class='avia_textblock  '   itemprop=\"text\" ><p style=\"text-align: center;\"><span style=\"font-size: 18pt;\"><strong>Salud potencia reuniones con la comunidad y gobiernos locales en su reciente visita a la provincia General Carrera <\/strong><\/span><\/p>\n<div id=\"gtx-trans\" style=\"position: absolute; left: -50px; top: 4.31534px;\">\n<div class=\"gtx-trans-icon\"><\/div>\n<\/div>\n<\/div><\/section><\/div><div class=\"flex_column av_one_full  flex_column_div av-zero-column-padding first  avia-builder-el-4  el_after_av_one_full  el_before_av_hr  column-top-margin\" style='border-radius:0px; '><section class=\"av_textblock_section \"  itemscope=\"itemscope\" itemtype=\"https:\/\/schema.org\/BlogPosting\" itemprop=\"blogPost\" ><div class='avia_textblock  '   itemprop=\"text\" ><p style=\"text-align: justify;\">A ello se sumaron el refuerzo de la campa\u00f1a de vacunaci\u00f3n bivalente contra el COVID-19 y acciones de gesti\u00f3n junto al Servicio de Salud, Delegaci\u00f3n Provincial y municipio local para acercan a\u00fan m\u00e1s la salud a los habitantes de la ciudad de sol y alrededores, con \u00e9nfasis en la promoci\u00f3n \u00a0y prevenci\u00f3n de la salud.<\/p>\n<p style=\"text-align: justify;\">Una extensa agenda de actividades realiz\u00f3 la Seremi de Salud, Carmen Monsalve, junto a profesionales de los departamentos de Acci\u00f3n Sanitaria y Salud P\u00fabica de la instituci\u00f3n, que abarcaron desde la entrega de una ambulancia y visita a la obra del nuevo hospital \u00a0para la localidad junto a\u00a0 autoridades regionales y la ciudadan\u00eda, hasta acciones de promoci\u00f3n y prevenci\u00f3n de la salud enmarcados en la campa\u00f1a sectorial estival \u201cNo Te Descuides\u201d, para prevenir el Hantavirus y los rayos UV en sus habitantes.<\/p>\n<p style=\"text-align: justify;\">En esta visita de dos d\u00edas, la Autoridad Sanitaria se reuni\u00f3 con equipos del Servicio de Salud y el alcalde de la comuna para avanzar en temas de gesti\u00f3n y coordinaci\u00f3n relacionados al Centro M\u00e9dico Municipal de la localidad, adem\u00e1s de potenciar reuniones con la comunidad y dirigentes vecinales en temas de salud p\u00fablica como el manejo de basuras, control de la hidatidosis y fomento de la vida sana, entre otros temas, como el buen manejo y uso de la Red asistencial. Estas \u00faltimas, gestiones que trabaja en conjunto con directivos del Servicio de Salud Ays\u00e9n.<\/p>\n<p style=\"text-align: justify;\">\u201cNuestro Gobierno nos impulsa a movernos a los territorios y nos sentemos a escuchar, a trabajar las demandas, las oportunidades para mejorar, identificando tem\u00e1ticas comunes que est\u00e1n instaladas en este territorio y que queremos comenzar a reflotar. Hay muchas acciones, como el potenciar la agenda de prestaciones que hoy tiene la cl\u00ednica municipal y c\u00f3mo fortalecer ese trabajo desde el Servicio de Salud y nuestra Autoridad Sanitaria, con mirada territorial\u201d, dijo la Autoridad.<\/p>\n<p style=\"text-align: justify;\">Durante su visita, el Servicio de Salud Ays\u00e9n y autoridades, con recursos FNDR, hicieron entrega de una nueva ambulancia para la localidad, se visit\u00f3 la nueva obra de construcci\u00f3n de Hospital Leopoldo Ortega que hoy alcanza cerca del 30 % de avance. \u201cAdem\u00e1s, sostuvimos dos reuniones con la comunidad, con quienes nos juntaremos nuevamente de manera virtual para avanzar en sus preocupaciones e inquietudes de nuestro sector\u201d. A ello se sumaron acciones de prevenci\u00f3n y promoci\u00f3n de la salud, como conocer la nueva sala de promoci\u00f3n de la salud instalada en el terminal de buses de la localidad y c\u00f3mo el municipio suma acciones para fomentar la vida sana junto al apoyo de los planes comunales de promoci\u00f3n de la salud que financia la Seremi en los 10 municipios de la regi\u00f3n. \u201cJunto al nuevo Delegado Provincial adem\u00e1s estuvimos educando a turistas y residentes sobre c\u00f3mo prevenir el Hantavirus y Rayos UV en quienes nos visitan en este verano \u201c, recalc\u00f3 la autoridad.<\/p>\n<p style=\"text-align: justify;\">Como t\u00e9rmino de su visita, la Seremi particip\u00f3 de la ceremonia de entrega de terrenos para la remodelaci\u00f3n y construcci\u00f3n de la nueva posta de salud rural para la localidad de Puerto Guadal, que pretende estar al servicio de la ciudadan\u00eda a fines de este a\u00f1o 2023.<\/p>\n<\/div><\/section><\/div><div  style='height:50px' class='hr hr-invisible   avia-builder-el-6  el_after_av_one_full  el_before_av_social_share '><span class='hr-inner ' ><span class='hr-inner-style'><\/span><\/span><\/div><\/p>\n<div  class='av-social-sharing-box  avia-builder-el-7  el_after_av_hr  el_before_av_hr  '><div class='av-share-box'><h5 class='av-share-link-description av-no-toc '>Compartir esta noticia<\/h5><ul class='av-share-box-list noLightbox'><li class='av-share-link av-social-link-facebook' ><a target=\"_blank\" aria-label=\"Compartir en Facebook\" href='https:\/\/www.facebook.com\/sharer.php?u=https:\/\/radiorevelacionfm.cl\/?p=26828&#038;t=Salud%20potencia%20reuniones%20con%20la%20comunidad%20y%20gobiernos%20locales%20en%20su%20reciente%20visita%20a%20la%20provincia%20General%20Carrera' aria-hidden='false' data-av_icon='\ue8f3' data-av_iconfont='entypo-fontello' title='' data-avia-related-tooltip='Compartir en Facebook' rel=\"noopener\"><span class='avia_hidden_link_text'>Compartir en Facebook<\/span><\/a><\/li><li class='av-share-link av-social-link-twitter' ><a target=\"_blank\" aria-label=\"Compartir en Twitter\" href='https:\/\/twitter.com\/share?text=Salud%20potencia%20reuniones%20con%20la%20comunidad%20y%20gobiernos%20locales%20en%20su%20reciente%20visita%20a%20la%20provincia%20General%20Carrera&#038;url=https:\/\/radiorevelacionfm.cl\/?p=26828' aria-hidden='false' data-av_icon='\ue8f1' data-av_iconfont='entypo-fontello' title='' data-avia-related-tooltip='Compartir en Twitter' rel=\"noopener\"><span class='avia_hidden_link_text'>Compartir en Twitter<\/span><\/a><\/li><li class='av-share-link av-social-link-whatsapp' ><a target=\"_blank\" aria-label=\"Compartir en Whatsapp\" href='https:\/\/api.whatsapp.com\/send?text=https:\/\/radiorevelacionfm.cl\/?p=26828' aria-hidden='false' data-av_icon='\uf232' data-av_iconfont='entypo-fontello' title='' data-avia-related-tooltip='Compartir en Whatsapp' rel=\"noopener\"><span class='avia_hidden_link_text'>Compartir en Whatsapp<\/span><\/a><\/li><li class='av-share-link av-social-link-linkedin' ><a target=\"_blank\" aria-label=\"Compartir en LinkedIn\" href='https:\/\/linkedin.com\/shareArticle?mini=true&#038;title=Salud%20potencia%20reuniones%20con%20la%20comunidad%20y%20gobiernos%20locales%20en%20su%20reciente%20visita%20a%20la%20provincia%20General%20Carrera&#038;url=https:\/\/radiorevelacionfm.cl\/?p=26828' aria-hidden='false' data-av_icon='\ue8fc' data-av_iconfont='entypo-fontello' title='' data-avia-related-tooltip='Compartir en LinkedIn' rel=\"noopener\"><span class='avia_hidden_link_text'>Compartir en LinkedIn<\/span><\/a><\/li><li class='av-share-link av-social-link-mail' ><a  aria-label=\"Compartir por correo\" href='mailto:?subject=Salud%20potencia%20reuniones%20con%20la%20comunidad%20y%20gobiernos%20locales%20en%20su%20reciente%20visita%20a%20la%20provincia%20General%20Carrera&#038;body=https:\/\/radiorevelacionfm.cl\/?p=26828' aria-hidden='false' data-av_icon='\ue805' data-av_iconfont='entypo-fontello' title='' data-avia-related-tooltip='Compartir por correo'><span class='avia_hidden_link_text'>Compartir por correo<\/span><\/a><\/li><\/ul><\/div><\/div>\n<div  style='height:50px' class='hr hr-invisible   avia-builder-el-8  el_after_av_social_share  el_before_av_comments_list '><span class='hr-inner ' ><span class='hr-inner-style'><\/span><\/span><\/div>\n<div  class='av-buildercomment  av-blog-meta-html-info-disabled av-blog-meta-tag-disabled  '><\/div>\n","protected":false},"excerpt":{"rendered":"","protected":false},"author":1,"featured_media":26829,"comment_status":"open","ping_status":"open","sticky":false,"template":"","format":"standard","meta":{"footnotes":""},"categories":[46],"tags":[],"class_list":["post-26828","post","type-post","status-publish","format-standard","has-post-thumbnail","hentry","category-salud"],"jetpack_featured_media_url":"https:\/\/radiorevelacionfm.cl\/wp-content\/uploads\/2023\/01\/chile-chico-16-1_optimized.jpeg","_links":{"self":[{"href":"https:\/\/radiorevelacionfm.cl\/index.php?rest_route=\/wp\/v2\/posts\/26828","targetHints":{"allow":["GET"]}}],"collection":[{"href":"https:\/\/radiorevelacionfm.cl\/index.php?rest_route=\/wp\/v2\/posts"}],"about":[{"href":"https:\/\/radiorevelacionfm.cl\/index.php?rest_route=\/wp\/v2\/types\/post"}],"author":[{"embeddable":true,"href":"https:\/\/radiorevelacionfm.cl\/index.php?rest_route=\/wp\/v2\/users\/1"}],"replies":[{"embeddable":true,"href":"https:\/\/radiorevelacionfm.cl\/index.php?rest_route=%2Fwp%2Fv2%2Fcomments&post=26828"}],"version-history":[{"count":2,"href":"https:\/\/radiorevelacionfm.cl\/index.php?rest_route=\/wp\/v2\/posts\/26828\/revisions"}],"predecessor-version":[{"id":26831,"href":"https:\/\/radiorevelacionfm.cl\/index.php?rest_route=\/wp\/v2\/posts\/26828\/revisions\/26831"}],"wp:featuredmedia":[{"embeddable":true,"href":"https:\/\/radiorevelacionfm.cl\/index.php?rest_route=\/wp\/v2\/media\/26829"}],"wp:attachment":[{"href":"https:\/\/radiorevelacionfm.cl\/index.php?rest_route=%2Fwp%2Fv2%2Fmedia&parent=26828"}],"wp:term":[{"taxonomy":"category","embeddable":true,"href":"https:\/\/radiorevelacionfm.cl\/index.php?rest_route=%2Fwp%2Fv2%2Fcategories&post=26828"},{"taxonomy":"post_tag","embeddable":true,"href":"https:\/\/radiorevelacionfm.cl\/index.php?rest_route=%2Fwp%2Fv2%2Ftags&post=26828"}],"curies":[{"name":"wp","href":"https:\/\/api.w.org\/{rel}","templated":true}]}}