{"id":26823,"date":"2023-01-20T09:43:34","date_gmt":"2023-01-20T12:43:34","guid":{"rendered":"https:\/\/radiorevelacionfm.cl\/?p=26823"},"modified":"2023-01-20T09:43:34","modified_gmt":"2023-01-20T12:43:34","slug":"conversatorio-historia-del-puente-presidente-ibanez-monumento-nacional-en-biblioteca-publica-de-aysen","status":"publish","type":"post","link":"https:\/\/radiorevelacionfm.cl\/?p=26823","title":{"rendered":"Conversatorio \u201cHistoria del Puente Presidente Ib\u00e1\u00f1ez, Monumento Nacional\u201d en Biblioteca P\u00fablica de Ays\u00e9n"},"content":{"rendered":"<div class=\"flex_column av_one_full  flex_column_div av-zero-column-padding first  avia-builder-el-0  el_before_av_one_full  avia-builder-el-first  \" style='border-radius:0px; '><div  class='avia-image-container  av-styling-    avia-builder-el-1  avia-builder-el-no-sibling  avia-align-center '  itemprop=\"image\" itemscope=\"itemscope\" itemtype=\"https:\/\/schema.org\/ImageObject\"  ><div class='avia-image-container-inner'><div class='avia-image-overlay-wrap'><img decoding=\"async\" class='wp-image-26824 avia-img-lazy-loading-not-26824 avia_image' src=\"https:\/\/radiorevelacionfm.cl\/wp-content\/uploads\/2023\/01\/Conversatorio-Historia-del-Puente-Presidente-Ibanez-Monumento-Nacional-en-Biblioteca-Publica-de-Aysen-1-1.jpg\" alt='' title='Conversatorio \u201cHistoria del Puente Presidente Ib\u00e1\u00f1ez, Monumento Nacional\u201d en Biblioteca P\u00fablica de Ays\u00e9n (1) (1)' height=\"600\" width=\"480\"  itemprop=\"thumbnailUrl\" srcset=\"https:\/\/radiorevelacionfm.cl\/wp-content\/uploads\/2023\/01\/Conversatorio-Historia-del-Puente-Presidente-Ibanez-Monumento-Nacional-en-Biblioteca-Publica-de-Aysen-1-1.jpg 480w, https:\/\/radiorevelacionfm.cl\/wp-content\/uploads\/2023\/01\/Conversatorio-Historia-del-Puente-Presidente-Ibanez-Monumento-Nacional-en-Biblioteca-Publica-de-Aysen-1-1-240x300.jpg 240w\" sizes=\"(max-width: 480px) 100vw, 480px\" \/><\/div><\/div><\/div><\/div><div class=\"flex_column av_one_full  flex_column_div av-zero-column-padding first  avia-builder-el-2  el_after_av_one_full  el_before_av_one_full  column-top-margin\" style='border-radius:0px; '><section class=\"av_textblock_section \"  itemscope=\"itemscope\" itemtype=\"https:\/\/schema.org\/BlogPosting\" itemprop=\"blogPost\" ><div class='avia_textblock  '   itemprop=\"text\" ><p style=\"text-align: center;\"><span style=\"font-size: 18pt;\"><strong>Conversatorio \u201cHistoria del Puente Presidente Ib\u00e1\u00f1ez, Monumento Nacional\u201d en Biblioteca P\u00fablica de Ays\u00e9n <\/strong><\/span><\/p>\n<div id=\"gtx-trans\" style=\"position: absolute; left: -50px; top: 4.31534px;\">\n<div class=\"gtx-trans-icon\"><\/div>\n<\/div>\n<\/div><\/section><\/div><div class=\"flex_column av_one_full  flex_column_div av-zero-column-padding first  avia-builder-el-4  el_after_av_one_full  el_before_av_hr  column-top-margin\" style='border-radius:0px; '><section class=\"av_textblock_section \"  itemscope=\"itemscope\" itemtype=\"https:\/\/schema.org\/BlogPosting\" itemprop=\"blogPost\" ><div class='avia_textblock  '   itemprop=\"text\" ><p style=\"text-align: justify;\">El pr\u00f3ximo mi\u00e9rcoles 25 de enero a las 15:00 horas en la Biblioteca P\u00fablica de Ays\u00e9n ser\u00e1 el conversatorio \u201cHistoria del Puente Presidente Ib\u00e1\u00f1ez, Monumento Nacional\u201d con la participaci\u00f3n del Sr. Orlando Gallardo y como parte de las actividades de verano de Vive el Verano en Ays\u00e9n, organizado por la Ilustre Municipalidad de Ays\u00e9n.<\/p>\n<p style=\"text-align: justify;\">\u201cCon el objetivo de ir recabando informaci\u00f3n sobre la historia patrimonial de Ays\u00e9n, instauramos la posibilidad de que durante el a\u00f1o se realizar\u00e1n conversatorios de distintos temas sobre la historia de Ays\u00e9n como fue en el pasado la llegada de los barcos en el puerto, la instalaci\u00f3n de la luz el\u00e9ctrica, el funcionamiento del Hospital y as\u00ed en varias \u00e1reas\u201d, comenta Mar\u00eda Cristina Alvarado Fuentealba, encargada de la Unidad de Patrimonio Hist\u00f3rico de Puerto Ays\u00e9n.<\/p>\n<p style=\"text-align: justify;\">El expositor del conversatorio, \u201cHistoria del Puente Presidente Ib\u00e1\u00f1ez, Monumento Nacional\u201d, Orlando Gallardo, tambi\u00e9n expondr\u00e1 su libro \u201cMemorias de un patag\u00f3n\u201d el d\u00eda martes 24 de enero a las 15:00 horas. Originario de Ays\u00e9n y actualmente radicado en Comodoro Rivadavia, Gallardo particip\u00f3 de la construcci\u00f3n del puente y aport\u00f3 con informaci\u00f3n y nombres de quienes trabajaron en la obra. Mar\u00eda Cristina Alvarado ve esta actividad como una oportunidad de recopilaci\u00f3n de archivo patrimonial, \u201ces una buena instancia para recopilar y tener testimonios vivos de c\u00f3mo se construy\u00f3 este Monumento Nacional declarado el 2002 y por donde transitamos todos los d\u00edas. Tambi\u00e9n es una oportunidad linda, evocativa y emocionante ya que la idea es reunir la informaci\u00f3n de las personas que nosotros entrevistamos, reencontrarse y recordar todo el periodo de construcci\u00f3n, adquiriendo este conversatorio un valor inmenso\u201d, acota Alvarado.<\/p>\n<p style=\"text-align: justify;\">Desde la Unidad de Patrimonio Hist\u00f3rico de Puerto Ays\u00e9n ya piensan en un libro con la historia recopilada del Puente Presidente Ib\u00e1\u00f1ez, obra de archivo y visibilizaci\u00f3n patrimonial que continuar\u00eda con el trabajo que se est\u00e1 realizando. Durante el segundo semestre del 2022, se lanz\u00f3 el libro \u201cPuerto Ays\u00e9n, el origen del nombre de sus calles\u201d en la Casa de la Cultura y que ya se encuentra disponible en la Biblioteca P\u00fablica de Ays\u00e9n y para su consulta en la Unidad de Patrimonio Hist\u00f3rico de Puerto Ays\u00e9n.<\/p>\n<\/div><\/section><\/div><div  style='height:50px' class='hr hr-invisible   avia-builder-el-6  el_after_av_one_full  el_before_av_social_share '><span class='hr-inner ' ><span class='hr-inner-style'><\/span><\/span><\/div><\/p>\n<div  class='av-social-sharing-box  avia-builder-el-7  el_after_av_hr  el_before_av_hr  '><div class='av-share-box'><h5 class='av-share-link-description av-no-toc '>Compartir esta noticia<\/h5><ul class='av-share-box-list noLightbox'><li class='av-share-link av-social-link-facebook' ><a target=\"_blank\" aria-label=\"Compartir en Facebook\" href='https:\/\/www.facebook.com\/sharer.php?u=https:\/\/radiorevelacionfm.cl\/?p=26823&#038;t=Conversatorio%20%E2%80%9CHistoria%20del%20Puente%20Presidente%20Ib%C3%A1%C3%B1ez%2C%20Monumento%20Nacional%E2%80%9D%20en%20Biblioteca%20P%C3%BAblica%20de%20Ays%C3%A9n' aria-hidden='false' data-av_icon='\ue8f3' data-av_iconfont='entypo-fontello' title='' data-avia-related-tooltip='Compartir en Facebook' rel=\"noopener\"><span class='avia_hidden_link_text'>Compartir en Facebook<\/span><\/a><\/li><li class='av-share-link av-social-link-twitter' ><a target=\"_blank\" aria-label=\"Compartir en Twitter\" href='https:\/\/twitter.com\/share?text=Conversatorio%20%E2%80%9CHistoria%20del%20Puente%20Presidente%20Ib%C3%A1%C3%B1ez%2C%20Monumento%20Nacional%E2%80%9D%20en%20Biblioteca%20P%C3%BAblica%20de%20Ays%C3%A9n&#038;url=https:\/\/radiorevelacionfm.cl\/?p=26823' aria-hidden='false' data-av_icon='\ue8f1' data-av_iconfont='entypo-fontello' title='' data-avia-related-tooltip='Compartir en Twitter' rel=\"noopener\"><span class='avia_hidden_link_text'>Compartir en Twitter<\/span><\/a><\/li><li class='av-share-link av-social-link-whatsapp' ><a target=\"_blank\" aria-label=\"Compartir en Whatsapp\" href='https:\/\/api.whatsapp.com\/send?text=https:\/\/radiorevelacionfm.cl\/?p=26823' aria-hidden='false' data-av_icon='\uf232' data-av_iconfont='entypo-fontello' title='' data-avia-related-tooltip='Compartir en Whatsapp' rel=\"noopener\"><span class='avia_hidden_link_text'>Compartir en Whatsapp<\/span><\/a><\/li><li class='av-share-link av-social-link-linkedin' ><a target=\"_blank\" aria-label=\"Compartir en LinkedIn\" href='https:\/\/linkedin.com\/shareArticle?mini=true&#038;title=Conversatorio%20%E2%80%9CHistoria%20del%20Puente%20Presidente%20Ib%C3%A1%C3%B1ez%2C%20Monumento%20Nacional%E2%80%9D%20en%20Biblioteca%20P%C3%BAblica%20de%20Ays%C3%A9n&#038;url=https:\/\/radiorevelacionfm.cl\/?p=26823' aria-hidden='false' data-av_icon='\ue8fc' data-av_iconfont='entypo-fontello' title='' data-avia-related-tooltip='Compartir en LinkedIn' rel=\"noopener\"><span class='avia_hidden_link_text'>Compartir en LinkedIn<\/span><\/a><\/li><li class='av-share-link av-social-link-mail' ><a  aria-label=\"Compartir por correo\" href='mailto:?subject=Conversatorio%20%E2%80%9CHistoria%20del%20Puente%20Presidente%20Ib%C3%A1%C3%B1ez%2C%20Monumento%20Nacional%E2%80%9D%20en%20Biblioteca%20P%C3%BAblica%20de%20Ays%C3%A9n&#038;body=https:\/\/radiorevelacionfm.cl\/?p=26823' aria-hidden='false' data-av_icon='\ue805' data-av_iconfont='entypo-fontello' title='' data-avia-related-tooltip='Compartir por correo'><span class='avia_hidden_link_text'>Compartir por correo<\/span><\/a><\/li><\/ul><\/div><\/div>\n<div  style='height:50px' class='hr hr-invisible   avia-builder-el-8  el_after_av_social_share  el_before_av_comments_list '><span class='hr-inner ' ><span class='hr-inner-style'><\/span><\/span><\/div>\n<div  class='av-buildercomment  av-blog-meta-html-info-disabled av-blog-meta-tag-disabled  '><\/div>\n","protected":false},"excerpt":{"rendered":"","protected":false},"author":1,"featured_media":26825,"comment_status":"open","ping_status":"open","sticky":false,"template":"","format":"standard","meta":{"footnotes":""},"categories":[38],"tags":[],"class_list":["post-26823","post","type-post","status-publish","format-standard","has-post-thumbnail","hentry","category-regional"],"jetpack_featured_media_url":"https:\/\/radiorevelacionfm.cl\/wp-content\/uploads\/2023\/01\/Conversatorio-Historia-del-Puente-Presidente-Ibanez-Monumento-Nacional-en-Biblioteca-Publica-de-Aysen-2-1.jpg","_links":{"self":[{"href":"https:\/\/radiorevelacionfm.cl\/index.php?rest_route=\/wp\/v2\/posts\/26823","targetHints":{"allow":["GET"]}}],"collection":[{"href":"https:\/\/radiorevelacionfm.cl\/index.php?rest_route=\/wp\/v2\/posts"}],"about":[{"href":"https:\/\/radiorevelacionfm.cl\/index.php?rest_route=\/wp\/v2\/types\/post"}],"author":[{"embeddable":true,"href":"https:\/\/radiorevelacionfm.cl\/index.php?rest_route=\/wp\/v2\/users\/1"}],"replies":[{"embeddable":true,"href":"https:\/\/radiorevelacionfm.cl\/index.php?rest_route=%2Fwp%2Fv2%2Fcomments&post=26823"}],"version-history":[{"count":2,"href":"https:\/\/radiorevelacionfm.cl\/index.php?rest_route=\/wp\/v2\/posts\/26823\/revisions"}],"predecessor-version":[{"id":26869,"href":"https:\/\/radiorevelacionfm.cl\/index.php?rest_route=\/wp\/v2\/posts\/26823\/revisions\/26869"}],"wp:featuredmedia":[{"embeddable":true,"href":"https:\/\/radiorevelacionfm.cl\/index.php?rest_route=\/wp\/v2\/media\/26825"}],"wp:attachment":[{"href":"https:\/\/radiorevelacionfm.cl\/index.php?rest_route=%2Fwp%2Fv2%2Fmedia&parent=26823"}],"wp:term":[{"taxonomy":"category","embeddable":true,"href":"https:\/\/radiorevelacionfm.cl\/index.php?rest_route=%2Fwp%2Fv2%2Fcategories&post=26823"},{"taxonomy":"post_tag","embeddable":true,"href":"https:\/\/radiorevelacionfm.cl\/index.php?rest_route=%2Fwp%2Fv2%2Ftags&post=26823"}],"curies":[{"name":"wp","href":"https:\/\/api.w.org\/{rel}","templated":true}]}}