{"id":26820,"date":"2023-01-23T10:35:28","date_gmt":"2023-01-23T13:35:28","guid":{"rendered":"https:\/\/radiorevelacionfm.cl\/?p=26820"},"modified":"2023-01-23T10:35:28","modified_gmt":"2023-01-23T13:35:28","slug":"servicio-regional-del-patrimonio-invita-a-postular-al-fondo-para-el-mejoramiento-integral-de-museos","status":"publish","type":"post","link":"https:\/\/radiorevelacionfm.cl\/?p=26820","title":{"rendered":"Servicio Regional del Patrimonio invita a postular al Fondo para el Mejoramiento Integral de Museos"},"content":{"rendered":"<div class=\"flex_column av_one_full  flex_column_div av-zero-column-padding first  avia-builder-el-0  el_before_av_one_full  avia-builder-el-first  \" style='border-radius:0px; '><div  class='avia-image-container  av-styling-    avia-builder-el-1  avia-builder-el-no-sibling  avia-align-center '  itemprop=\"image\" itemscope=\"itemscope\" itemtype=\"https:\/\/schema.org\/ImageObject\"  ><div class='avia-image-container-inner'><div class='avia-image-overlay-wrap'><img decoding=\"async\" class='wp-image-26821 avia-img-lazy-loading-not-26821 avia_image' src=\"https:\/\/radiorevelacionfm.cl\/wp-content\/uploads\/2023\/01\/dinosaurio-4-1-1.jpg\" alt='' title='dinosaurio 4 (1) (1)' height=\"600\" width=\"900\"  itemprop=\"thumbnailUrl\" srcset=\"https:\/\/radiorevelacionfm.cl\/wp-content\/uploads\/2023\/01\/dinosaurio-4-1-1.jpg 900w, https:\/\/radiorevelacionfm.cl\/wp-content\/uploads\/2023\/01\/dinosaurio-4-1-1-300x200.jpg 300w, https:\/\/radiorevelacionfm.cl\/wp-content\/uploads\/2023\/01\/dinosaurio-4-1-1-768x512.jpg 768w, https:\/\/radiorevelacionfm.cl\/wp-content\/uploads\/2023\/01\/dinosaurio-4-1-1-705x470.jpg 705w, https:\/\/radiorevelacionfm.cl\/wp-content\/uploads\/2023\/01\/dinosaurio-4-1-1-600x400.jpg 600w\" sizes=\"(max-width: 900px) 100vw, 900px\" \/><\/div><\/div><\/div><\/div><div class=\"flex_column av_one_full  flex_column_div av-zero-column-padding first  avia-builder-el-2  el_after_av_one_full  el_before_av_one_full  column-top-margin\" style='border-radius:0px; '><section class=\"av_textblock_section \"  itemscope=\"itemscope\" itemtype=\"https:\/\/schema.org\/BlogPosting\" itemprop=\"blogPost\" ><div class='avia_textblock  '   itemprop=\"text\" ><p style=\"text-align: center;\"><span style=\"font-size: 18pt;\"><b>Servicio Regional del Patrimonio invita a postular al\u00a0Fondo para el Mejoramiento Integral de Museos<\/b><\/span><\/p>\n<div id=\"gtx-trans\" style=\"position: absolute; left: -50px; top: 4.31534px;\">\n<div class=\"gtx-trans-icon\"><\/div>\n<\/div>\n<\/div><\/section><\/div><div class=\"flex_column av_one_full  flex_column_div av-zero-column-padding first  avia-builder-el-4  el_after_av_one_full  el_before_av_hr  column-top-margin\" style='border-radius:0px; '><section class=\"av_textblock_section \"  itemscope=\"itemscope\" itemtype=\"https:\/\/schema.org\/BlogPosting\" itemprop=\"blogPost\" ><div class='avia_textblock  '   itemprop=\"text\" ><p class=\"v1p3 v1ContentPasted0\" style=\"text-align: justify;\">\u00abEste fondo busca apoyar y colaborar a la gesti\u00f3n de los museos de la Regi\u00f3n de Aysen. Nos referimos a aquellos museos que est\u00e1n inscritos en el Registro de Museos, en la Subdirecci\u00f3n de Museos, y que han establecido tambi\u00e9n una relaci\u00f3n de trabajo y cooperaci\u00f3n con el Servicio del Patrimonio, y, por supuesto, con el Museo Regional de Ays\u00e9n\u00bb. As\u00ed resume Jos\u00e9 Mansilla Contreras, director (s) regional de Patrimonio Cultural de Ays\u00e9n, la convocatoria 2023 del Fondo de Mejoramiento Integral de Museos, FMIM.<\/p>\n<p class=\"v1p3 v1ContentPasted0\" style=\"text-align: justify;\">La convocatoria a participar en el FMIM considera exclusivamente a los museos que no reciben financiamiento directo del Estado y que presenten un certificado de actualizaci\u00f3n emitido por la administraci\u00f3n del\u00a0Registro de Museos de Chile\u00a0(RMC). Lo anterior implica tener la totalidad de los datos solicitados en la ficha del RMC al momento de postular.<\/p>\n<p class=\"v1p3 v1ContentPasted0\" style=\"text-align: justify;\">En esta oportunidad\u00a0no\u00a0podr\u00e1n participar\u00a0aquellos museos que hayan sido beneficiados con asignaci\u00f3n de recursos en la convocatoria 2022 del FMIM, ni las instituciones que hayan recibido recursos en convocatorias anteriores y, cumplido el plazo de vigencia del convenio, no cuenten con el Certificado de Ejecuci\u00f3n Total al momento de postular.<\/p>\n<p class=\"v1p3 v1ContentPasted0\" style=\"text-align: justify;\">Para el seremi de Culturas Ays\u00e9n, Felipe Quiroz V\u00e1squez, se trata de \u00abuna tremenda oportunidad para mejorar la gesti\u00f3n de los museos regionales que se adjudiquen fondos, que financian equipamiento museogr\u00e1fico y puesta en valor de colecciones patrimoniales\u00bb. El\u00a0monto m\u00e1ximo por proyecto\u00a0para equipamiento museogr\u00e1fico ser\u00e1 de $40.000.000 y para colecciones, $20.000.000.<\/p>\n<p class=\"v1p3\" style=\"text-align: justify;\"><b class=\"v1ContentPasted0\">Postulaciones y consultas<\/b><\/p>\n<p class=\"v1p3 v1ContentPasted0\" style=\"text-align: justify;\">Se podr\u00e1n efectuar\u00a0consultas relativas a las bases hasta el viernes 20 de enero, envi\u00e1ndolas al correo electr\u00f3nico\u00a0<a class=\"v1ContentPasted0\" href=\"https:\/\/correoweb.dibam.cl\/owa\/redir.aspx?C=geAnjSfdwmOxo9Wx7iK3NEcQefw7WfL_SmcmX2OhwgINe_B_PnHYCA..&amp;URL=mailto:subdireccion.museos@museoschile.gob.cl\" target=\"_blank\" rel=\"noopener noreferrer\">subdireccion.museos@museoschile.gob.cl<\/a><\/p>\n<p class=\"v1p3 v1ContentPasted0\" style=\"text-align: justify;\">Junto con invitar a los museos regionales a participar, Jos\u00e9 Mansilla<span class=\"v1Apple-converted-space v1ContentPasted0\">\u00a0\u00a0<\/span>Contreras, explica que los fondos servir\u00e1n para \u00abla mejora de las colecciones, la mejora del equipamiento museogr\u00e1fico y, por supuesto, tambi\u00e9n en la atenci\u00f3n a los usuarios que son los habitantes de cada una de las localidades de la regi\u00f3n, pero tambi\u00e9n aquellas personas que nos visitan de otros lugares de Chile y tambi\u00e9n de otros lugares del mundo\u00bb.<\/p>\n<p class=\"v1p3 v1ContentPasted0\" style=\"text-align: justify;\">Revisa las bases y participa hasta el 31 de marzo en https:\/\/www.museoschile.gob.cl\/noticias\/abiertas-las-postulaciones-al-fondo-para-el-mejoramiento-integral-de-museos-2023.<\/p>\n<\/div><\/section><\/div><div  style='height:50px' class='hr hr-invisible   avia-builder-el-6  el_after_av_one_full  el_before_av_social_share '><span class='hr-inner ' ><span class='hr-inner-style'><\/span><\/span><\/div><\/p>\n<div  class='av-social-sharing-box  avia-builder-el-7  el_after_av_hr  el_before_av_hr  '><div class='av-share-box'><h5 class='av-share-link-description av-no-toc '>Compartir esta noticia<\/h5><ul class='av-share-box-list noLightbox'><li class='av-share-link av-social-link-facebook' ><a target=\"_blank\" aria-label=\"Compartir en Facebook\" href='https:\/\/www.facebook.com\/sharer.php?u=https:\/\/radiorevelacionfm.cl\/?p=26820&#038;t=Servicio%20Regional%20del%20Patrimonio%20invita%20a%20postular%20al%20Fondo%20para%20el%20Mejoramiento%20Integral%20de%20Museos' aria-hidden='false' data-av_icon='\ue8f3' data-av_iconfont='entypo-fontello' title='' data-avia-related-tooltip='Compartir en Facebook' rel=\"noopener\"><span class='avia_hidden_link_text'>Compartir en Facebook<\/span><\/a><\/li><li class='av-share-link av-social-link-twitter' ><a target=\"_blank\" aria-label=\"Compartir en Twitter\" href='https:\/\/twitter.com\/share?text=Servicio%20Regional%20del%20Patrimonio%20invita%20a%20postular%20al%20Fondo%20para%20el%20Mejoramiento%20Integral%20de%20Museos&#038;url=https:\/\/radiorevelacionfm.cl\/?p=26820' aria-hidden='false' data-av_icon='\ue8f1' data-av_iconfont='entypo-fontello' title='' data-avia-related-tooltip='Compartir en Twitter' rel=\"noopener\"><span class='avia_hidden_link_text'>Compartir en Twitter<\/span><\/a><\/li><li class='av-share-link av-social-link-whatsapp' ><a target=\"_blank\" aria-label=\"Compartir en Whatsapp\" href='https:\/\/api.whatsapp.com\/send?text=https:\/\/radiorevelacionfm.cl\/?p=26820' aria-hidden='false' data-av_icon='\uf232' data-av_iconfont='entypo-fontello' title='' data-avia-related-tooltip='Compartir en Whatsapp' rel=\"noopener\"><span class='avia_hidden_link_text'>Compartir en Whatsapp<\/span><\/a><\/li><li class='av-share-link av-social-link-linkedin' ><a target=\"_blank\" aria-label=\"Compartir en LinkedIn\" href='https:\/\/linkedin.com\/shareArticle?mini=true&#038;title=Servicio%20Regional%20del%20Patrimonio%20invita%20a%20postular%20al%20Fondo%20para%20el%20Mejoramiento%20Integral%20de%20Museos&#038;url=https:\/\/radiorevelacionfm.cl\/?p=26820' aria-hidden='false' data-av_icon='\ue8fc' data-av_iconfont='entypo-fontello' title='' data-avia-related-tooltip='Compartir en LinkedIn' rel=\"noopener\"><span class='avia_hidden_link_text'>Compartir en LinkedIn<\/span><\/a><\/li><li class='av-share-link av-social-link-mail' ><a  aria-label=\"Compartir por correo\" href='mailto:?subject=Servicio%20Regional%20del%20Patrimonio%20invita%20a%20postular%20al%20Fondo%20para%20el%20Mejoramiento%20Integral%20de%20Museos&#038;body=https:\/\/radiorevelacionfm.cl\/?p=26820' aria-hidden='false' data-av_icon='\ue805' data-av_iconfont='entypo-fontello' title='' data-avia-related-tooltip='Compartir por correo'><span class='avia_hidden_link_text'>Compartir por correo<\/span><\/a><\/li><\/ul><\/div><\/div>\n<div  style='height:50px' class='hr hr-invisible   avia-builder-el-8  el_after_av_social_share  el_before_av_comments_list '><span class='hr-inner ' ><span class='hr-inner-style'><\/span><\/span><\/div>\n<div  class='av-buildercomment  av-blog-meta-html-info-disabled av-blog-meta-tag-disabled  '><\/div>\n","protected":false},"excerpt":{"rendered":"","protected":false},"author":1,"featured_media":26821,"comment_status":"open","ping_status":"open","sticky":false,"template":"","format":"standard","meta":{"footnotes":""},"categories":[52],"tags":[],"class_list":["post-26820","post","type-post","status-publish","format-standard","has-post-thumbnail","hentry","category-cultura"],"jetpack_featured_media_url":"https:\/\/radiorevelacionfm.cl\/wp-content\/uploads\/2023\/01\/dinosaurio-4-1-1.jpg","_links":{"self":[{"href":"https:\/\/radiorevelacionfm.cl\/index.php?rest_route=\/wp\/v2\/posts\/26820","targetHints":{"allow":["GET"]}}],"collection":[{"href":"https:\/\/radiorevelacionfm.cl\/index.php?rest_route=\/wp\/v2\/posts"}],"about":[{"href":"https:\/\/radiorevelacionfm.cl\/index.php?rest_route=\/wp\/v2\/types\/post"}],"author":[{"embeddable":true,"href":"https:\/\/radiorevelacionfm.cl\/index.php?rest_route=\/wp\/v2\/users\/1"}],"replies":[{"embeddable":true,"href":"https:\/\/radiorevelacionfm.cl\/index.php?rest_route=%2Fwp%2Fv2%2Fcomments&post=26820"}],"version-history":[{"count":2,"href":"https:\/\/radiorevelacionfm.cl\/index.php?rest_route=\/wp\/v2\/posts\/26820\/revisions"}],"predecessor-version":[{"id":26936,"href":"https:\/\/radiorevelacionfm.cl\/index.php?rest_route=\/wp\/v2\/posts\/26820\/revisions\/26936"}],"wp:featuredmedia":[{"embeddable":true,"href":"https:\/\/radiorevelacionfm.cl\/index.php?rest_route=\/wp\/v2\/media\/26821"}],"wp:attachment":[{"href":"https:\/\/radiorevelacionfm.cl\/index.php?rest_route=%2Fwp%2Fv2%2Fmedia&parent=26820"}],"wp:term":[{"taxonomy":"category","embeddable":true,"href":"https:\/\/radiorevelacionfm.cl\/index.php?rest_route=%2Fwp%2Fv2%2Fcategories&post=26820"},{"taxonomy":"post_tag","embeddable":true,"href":"https:\/\/radiorevelacionfm.cl\/index.php?rest_route=%2Fwp%2Fv2%2Ftags&post=26820"}],"curies":[{"name":"wp","href":"https:\/\/api.w.org\/{rel}","templated":true}]}}