{"id":26808,"date":"2023-01-19T12:48:50","date_gmt":"2023-01-19T15:48:50","guid":{"rendered":"https:\/\/radiorevelacionfm.cl\/?p=26808"},"modified":"2023-01-19T12:48:50","modified_gmt":"2023-01-19T15:48:50","slug":"senado-aprueba-ley-de-envejecimiento-positivo-chile-se-pone-a-la-vanguardia-en-latinoamerica-con-una-norma-de-este-tipo","status":"publish","type":"post","link":"https:\/\/radiorevelacionfm.cl\/?p=26808","title":{"rendered":"Senado aprueba ley de Envejecimiento Positivo: \u201cChile se pone a la vanguardia en Latinoam\u00e9rica con una norma de este tipo\u201d"},"content":{"rendered":"<div class=\"flex_column av_one_full  flex_column_div av-zero-column-padding first  avia-builder-el-0  el_before_av_one_full  avia-builder-el-first  \" style='border-radius:0px; '><div  class='avia-image-container  av-styling-    avia-builder-el-1  avia-builder-el-no-sibling  avia-align-center '  itemprop=\"image\" itemscope=\"itemscope\" itemtype=\"https:\/\/schema.org\/ImageObject\"  ><div class='avia-image-container-inner'><div class='avia-image-overlay-wrap'><img decoding=\"async\" class='wp-image-26809 avia-img-lazy-loading-not-26809 avia_image' src=\"https:\/\/radiorevelacionfm.cl\/wp-content\/uploads\/2023\/01\/senador-sandoval-18-1-1.jpg\" alt='' title='senador sandoval (18) (1) (1)' height=\"600\" width=\"900\"  itemprop=\"thumbnailUrl\" srcset=\"https:\/\/radiorevelacionfm.cl\/wp-content\/uploads\/2023\/01\/senador-sandoval-18-1-1.jpg 900w, https:\/\/radiorevelacionfm.cl\/wp-content\/uploads\/2023\/01\/senador-sandoval-18-1-1-300x200.jpg 300w, https:\/\/radiorevelacionfm.cl\/wp-content\/uploads\/2023\/01\/senador-sandoval-18-1-1-768x512.jpg 768w, https:\/\/radiorevelacionfm.cl\/wp-content\/uploads\/2023\/01\/senador-sandoval-18-1-1-705x470.jpg 705w, https:\/\/radiorevelacionfm.cl\/wp-content\/uploads\/2023\/01\/senador-sandoval-18-1-1-600x400.jpg 600w\" sizes=\"(max-width: 900px) 100vw, 900px\" \/><\/div><\/div><\/div><\/div><div class=\"flex_column av_one_full  flex_column_div av-zero-column-padding first  avia-builder-el-2  el_after_av_one_full  el_before_av_one_full  column-top-margin\" style='border-radius:0px; '><section class=\"av_textblock_section \"  itemscope=\"itemscope\" itemtype=\"https:\/\/schema.org\/BlogPosting\" itemprop=\"blogPost\" ><div class='avia_textblock  '   itemprop=\"text\" ><p style=\"text-align: center;\"><span style=\"font-size: 18pt;\"><strong>Senado aprueba ley de Envejecimiento Positivo: <\/strong><strong>\u201cChile se pone a la vanguardia en Latinoam\u00e9rica con una norma de este tipo\u201d<\/strong><\/span><\/p>\n<div id=\"gtx-trans\" style=\"position: absolute; left: -50px; top: 4.31534px;\">\n<div class=\"gtx-trans-icon\"><\/div>\n<\/div>\n<\/div><\/section><\/div><div class=\"flex_column av_one_full  flex_column_div av-zero-column-padding first  avia-builder-el-4  el_after_av_one_full  el_before_av_hr  column-top-margin\" style='border-radius:0px; '><section class=\"av_textblock_section \"  itemscope=\"itemscope\" itemtype=\"https:\/\/schema.org\/BlogPosting\" itemprop=\"blogPost\" ><div class='avia_textblock  '   itemprop=\"text\" ><p style=\"text-align: justify;\">As\u00ed lo se\u00f1al\u00f3 el senador David Sandoval, quien, como presidente de la comisi\u00f3n de Adulto Mayor, impuls\u00f3 una serie de modificaciones a la iniciativa, la cual ahora se discutir\u00e1 en la C\u00e1mara de Diputados<\/p>\n<p style=\"text-align: justify;\">\u201cLos adultos mayores nos se\u00f1alan permanentemente que no quieren pol\u00edticas asistencialistas ni miradas paternalistas de la vida\u201d. Con estas palabras, el senador David Sandoval, valor\u00f3 la aprobaci\u00f3n del Senado del proyecto de ley sobre Envejecimiento Positivo, activo, digno y saludable.<\/p>\n<p style=\"text-align: justify;\">El parlamentario se\u00f1al\u00f3 que la iniciativa \u201cpone a Chile a la vanguardia en Am\u00e9rica Latina en el contexto de la institucionalidad\u201d, recordando que son pocos los pa\u00edses que tienen una norma de esta naturaleza.<\/p>\n<p style=\"text-align: justify;\">El legislador indic\u00f3 que este tema \u201cnos pone tambi\u00e9n en una dimensi\u00f3n de poder avanzar en el reconocimiento y el rol que juegan los adultos mayores en todo el pa\u00eds y, por cierto, en nuestra regi\u00f3n de Ays\u00e9n\u201d, indicando que esto beneficiar\u00e1 a 3,5 millones de personas mayores que viven en Chile.<\/p>\n<p style=\"text-align: justify;\"><strong>El proyecto\u00a0 <\/strong><\/p>\n<p style=\"text-align: justify;\">La propuesta legislativa considera dictar cada diez a\u00f1os, una Pol\u00edtica Nacional de Envejecimiento Positivo, cuyo objetivo principal ser\u00e1 promover la protecci\u00f3n integral de las personas adultas mayores, asumiendo su dimensi\u00f3n integral, adoptando las medidas necesarias para que participen y contribuyan todos los ministerios e instituciones pertinentes, en todas las dimensiones territoriales, as\u00ed como el compromiso con la promoci\u00f3n y protecci\u00f3n de los derechos humanos y las libertades fundamentales.<\/p>\n<p style=\"text-align: justify;\">Adem\u00e1s, considera la promoci\u00f3n del trabajo, que incentiven la formalidad de quienes permanezcan en el mercado laboral; el fortalecimiento de la institucionalidad del Servicio Nacional del Adulto Mayor; la creaci\u00f3n de Comit\u00e9s asesores regionales del SENAMA; y tambi\u00e9n se pondr\u00e1 mayor cuidado y vigilancia al funcionamiento de las residencias y hogares de personas mayores, mediante mejores sistemas de fiscalizaci\u00f3n, que hoy es escasa en el pa\u00eds.<\/p>\n<p style=\"text-align: justify;\">Como temas pendientes en la discusi\u00f3n se puede se\u00f1alar la necesidad de crear una Defensor\u00eda de las Personas Mayores que sea independiente; fortalecer el proyecto desde la mirada de la educaci\u00f3n formal, de manera que el actual curr\u00edculum considere a las personas mayores, desde la educaci\u00f3n preescolar hasta las universidades, entre otros elementos.<\/p>\n<p style=\"text-align: justify;\">Cabe se\u00f1alar que seg\u00fan datos del Instituto Nacional de Estad\u00edsticas (INE), de septiembre de 2022, nuestro pa\u00eds se encuentra en una etapa muy avanzada de envejecimiento poblacional, la que se explica por el aumento de la esperanza de vida, que en 2050 superar\u00e1 los 85 a\u00f1os; por la reducci\u00f3n de la mortalidad en edades j\u00f3venes; y por el descenso de la fecundidad, cuya tasa global alcanzar\u00e1 apenas los 1,67 hijos(as) por mujer en 2050, muy lejos del nivel de reemplazo generacional, que es de 2,1 hijos(as).<\/p>\n<p style=\"text-align: justify;\">Finalmente, informar que la iniciativa ahora ser\u00e1 discutida en segundo tr\u00e1mite en la C\u00e1mara de Diputados.<\/p>\n<\/div><\/section><\/div><div  style='height:50px' class='hr hr-invisible   avia-builder-el-6  el_after_av_one_full  el_before_av_social_share '><span class='hr-inner ' ><span class='hr-inner-style'><\/span><\/span><\/div><\/p>\n<div  class='av-social-sharing-box  avia-builder-el-7  el_after_av_hr  el_before_av_hr  '><div class='av-share-box'><h5 class='av-share-link-description av-no-toc '>Compartir esta noticia<\/h5><ul class='av-share-box-list noLightbox'><li class='av-share-link av-social-link-facebook' ><a target=\"_blank\" aria-label=\"Compartir en Facebook\" href='https:\/\/www.facebook.com\/sharer.php?u=https:\/\/radiorevelacionfm.cl\/?p=26808&#038;t=Senado%20aprueba%20ley%20de%20Envejecimiento%20Positivo%3A%20%E2%80%9CChile%20se%20pone%20a%20la%20vanguardia%20en%20Latinoam%C3%A9rica%20con%20una%20norma%20de%20este%20tipo%E2%80%9D' aria-hidden='false' data-av_icon='\ue8f3' data-av_iconfont='entypo-fontello' title='' data-avia-related-tooltip='Compartir en Facebook' rel=\"noopener\"><span class='avia_hidden_link_text'>Compartir en Facebook<\/span><\/a><\/li><li class='av-share-link av-social-link-twitter' ><a target=\"_blank\" aria-label=\"Compartir en Twitter\" href='https:\/\/twitter.com\/share?text=Senado%20aprueba%20ley%20de%20Envejecimiento%20Positivo%3A%20%E2%80%9CChile%20se%20pone%20a%20la%20vanguardia%20en%20Latinoam%C3%A9rica%20con%20una%20norma%20de%20este%20tipo%E2%80%9D&#038;url=https:\/\/radiorevelacionfm.cl\/?p=26808' aria-hidden='false' data-av_icon='\ue8f1' data-av_iconfont='entypo-fontello' title='' data-avia-related-tooltip='Compartir en Twitter' rel=\"noopener\"><span class='avia_hidden_link_text'>Compartir en Twitter<\/span><\/a><\/li><li class='av-share-link av-social-link-whatsapp' ><a target=\"_blank\" aria-label=\"Compartir en Whatsapp\" href='https:\/\/api.whatsapp.com\/send?text=https:\/\/radiorevelacionfm.cl\/?p=26808' aria-hidden='false' data-av_icon='\uf232' data-av_iconfont='entypo-fontello' title='' data-avia-related-tooltip='Compartir en Whatsapp' rel=\"noopener\"><span class='avia_hidden_link_text'>Compartir en Whatsapp<\/span><\/a><\/li><li class='av-share-link av-social-link-linkedin' ><a target=\"_blank\" aria-label=\"Compartir en LinkedIn\" href='https:\/\/linkedin.com\/shareArticle?mini=true&#038;title=Senado%20aprueba%20ley%20de%20Envejecimiento%20Positivo%3A%20%E2%80%9CChile%20se%20pone%20a%20la%20vanguardia%20en%20Latinoam%C3%A9rica%20con%20una%20norma%20de%20este%20tipo%E2%80%9D&#038;url=https:\/\/radiorevelacionfm.cl\/?p=26808' aria-hidden='false' data-av_icon='\ue8fc' data-av_iconfont='entypo-fontello' title='' data-avia-related-tooltip='Compartir en LinkedIn' rel=\"noopener\"><span class='avia_hidden_link_text'>Compartir en LinkedIn<\/span><\/a><\/li><li class='av-share-link av-social-link-mail' ><a  aria-label=\"Compartir por correo\" href='mailto:?subject=Senado%20aprueba%20ley%20de%20Envejecimiento%20Positivo%3A%20%E2%80%9CChile%20se%20pone%20a%20la%20vanguardia%20en%20Latinoam%C3%A9rica%20con%20una%20norma%20de%20este%20tipo%E2%80%9D&#038;body=https:\/\/radiorevelacionfm.cl\/?p=26808' aria-hidden='false' data-av_icon='\ue805' data-av_iconfont='entypo-fontello' title='' data-avia-related-tooltip='Compartir por correo'><span class='avia_hidden_link_text'>Compartir por correo<\/span><\/a><\/li><\/ul><\/div><\/div>\n<div  style='height:50px' class='hr hr-invisible   avia-builder-el-8  el_after_av_social_share  el_before_av_comments_list '><span class='hr-inner ' ><span class='hr-inner-style'><\/span><\/span><\/div>\n<div  class='av-buildercomment  av-blog-meta-html-info-disabled av-blog-meta-tag-disabled  '><\/div>\n","protected":false},"excerpt":{"rendered":"","protected":false},"author":1,"featured_media":26809,"comment_status":"open","ping_status":"open","sticky":false,"template":"","format":"standard","meta":{"footnotes":""},"categories":[35],"tags":[],"class_list":["post-26808","post","type-post","status-publish","format-standard","has-post-thumbnail","hentry","category-politica"],"jetpack_featured_media_url":"https:\/\/radiorevelacionfm.cl\/wp-content\/uploads\/2023\/01\/senador-sandoval-18-1-1.jpg","_links":{"self":[{"href":"https:\/\/radiorevelacionfm.cl\/index.php?rest_route=\/wp\/v2\/posts\/26808","targetHints":{"allow":["GET"]}}],"collection":[{"href":"https:\/\/radiorevelacionfm.cl\/index.php?rest_route=\/wp\/v2\/posts"}],"about":[{"href":"https:\/\/radiorevelacionfm.cl\/index.php?rest_route=\/wp\/v2\/types\/post"}],"author":[{"embeddable":true,"href":"https:\/\/radiorevelacionfm.cl\/index.php?rest_route=\/wp\/v2\/users\/1"}],"replies":[{"embeddable":true,"href":"https:\/\/radiorevelacionfm.cl\/index.php?rest_route=%2Fwp%2Fv2%2Fcomments&post=26808"}],"version-history":[{"count":2,"href":"https:\/\/radiorevelacionfm.cl\/index.php?rest_route=\/wp\/v2\/posts\/26808\/revisions"}],"predecessor-version":[{"id":26819,"href":"https:\/\/radiorevelacionfm.cl\/index.php?rest_route=\/wp\/v2\/posts\/26808\/revisions\/26819"}],"wp:featuredmedia":[{"embeddable":true,"href":"https:\/\/radiorevelacionfm.cl\/index.php?rest_route=\/wp\/v2\/media\/26809"}],"wp:attachment":[{"href":"https:\/\/radiorevelacionfm.cl\/index.php?rest_route=%2Fwp%2Fv2%2Fmedia&parent=26808"}],"wp:term":[{"taxonomy":"category","embeddable":true,"href":"https:\/\/radiorevelacionfm.cl\/index.php?rest_route=%2Fwp%2Fv2%2Fcategories&post=26808"},{"taxonomy":"post_tag","embeddable":true,"href":"https:\/\/radiorevelacionfm.cl\/index.php?rest_route=%2Fwp%2Fv2%2Ftags&post=26808"}],"curies":[{"name":"wp","href":"https:\/\/api.w.org\/{rel}","templated":true}]}}