{"id":26805,"date":"2023-01-19T13:31:20","date_gmt":"2023-01-19T16:31:20","guid":{"rendered":"https:\/\/radiorevelacionfm.cl\/?p=26805"},"modified":"2023-01-19T13:31:20","modified_gmt":"2023-01-19T16:31:20","slug":"consejo-aprueba-propuesta-de-gobernadora-y-aumenta-30-el-presupuesto-para-obras-municipales-con-licitaciones-no-adjudicadas","status":"publish","type":"post","link":"https:\/\/radiorevelacionfm.cl\/?p=26805","title":{"rendered":"Consejo aprueba propuesta de Gobernadora y aumenta 30% el presupuesto para obras municipales con licitaciones no adjudicadas"},"content":{"rendered":"<div class=\"flex_column av_one_full  flex_column_div av-zero-column-padding first  avia-builder-el-0  el_before_av_one_full  avia-builder-el-first  \" style='border-radius:0px; '><div  class='avia-image-container  av-styling-    avia-builder-el-1  avia-builder-el-no-sibling  avia-align-center '  itemprop=\"image\" itemscope=\"itemscope\" itemtype=\"https:\/\/schema.org\/ImageObject\"  ><div class='avia-image-container-inner'><div class='avia-image-overlay-wrap'><img decoding=\"async\" class='wp-image-26806 avia-img-lazy-loading-not-26806 avia_image' src=\"https:\/\/radiorevelacionfm.cl\/wp-content\/uploads\/2023\/01\/2-2023-01-19T101136.802-1-1.jpg\" alt='' title='2 - 2023-01-19T101136.802 (1) (1)' height=\"600\" width=\"900\"  itemprop=\"thumbnailUrl\" srcset=\"https:\/\/radiorevelacionfm.cl\/wp-content\/uploads\/2023\/01\/2-2023-01-19T101136.802-1-1.jpg 900w, https:\/\/radiorevelacionfm.cl\/wp-content\/uploads\/2023\/01\/2-2023-01-19T101136.802-1-1-300x200.jpg 300w, https:\/\/radiorevelacionfm.cl\/wp-content\/uploads\/2023\/01\/2-2023-01-19T101136.802-1-1-768x512.jpg 768w, https:\/\/radiorevelacionfm.cl\/wp-content\/uploads\/2023\/01\/2-2023-01-19T101136.802-1-1-705x470.jpg 705w, https:\/\/radiorevelacionfm.cl\/wp-content\/uploads\/2023\/01\/2-2023-01-19T101136.802-1-1-600x400.jpg 600w\" sizes=\"(max-width: 900px) 100vw, 900px\" \/><\/div><\/div><\/div><\/div><div class=\"flex_column av_one_full  flex_column_div av-zero-column-padding first  avia-builder-el-2  el_after_av_one_full  el_before_av_one_full  column-top-margin\" style='border-radius:0px; '><section class=\"av_textblock_section \"  itemscope=\"itemscope\" itemtype=\"https:\/\/schema.org\/BlogPosting\" itemprop=\"blogPost\" ><div class='avia_textblock  '   itemprop=\"text\" ><p style=\"text-align: center;\"><strong><span style=\"font-size: 18pt;\">Consejo aprueba propuesta de Gobernadora y aumenta 30% el presupuesto para obras municipales con licitaciones no adjudicadas<\/span><\/strong><\/p>\n<div id=\"gtx-trans\" style=\"position: absolute; left: -50px; top: 4.31534px;\">\n<div class=\"gtx-trans-icon\"><\/div>\n<\/div>\n<\/div><\/section><\/div><div class=\"flex_column av_one_full  flex_column_div av-zero-column-padding first  avia-builder-el-4  el_after_av_one_full  el_before_av_hr  column-top-margin\" style='border-radius:0px; '><section class=\"av_textblock_section \"  itemscope=\"itemscope\" itemtype=\"https:\/\/schema.org\/BlogPosting\" itemprop=\"blogPost\" ><div class='avia_textblock  '   itemprop=\"text\" ><p dir=\"ltr\" style=\"text-align: justify;\">Este martes 17, en la sesi\u00f3n ordinaria N\u00b02 del Pleno del Consejo Regional de Ays\u00e9n, se aprob\u00f3 la propuesta de la administraci\u00f3n de la Gobernadora Andrea Mac\u00edas Palma sobre la distribuci\u00f3n comunal del Fondo Regional de Iniciativa Local (FRIL), la cual incluye este a\u00f1o un ajuste al alza de un 30% destinado a licitaciones dentro de este marco que no hayan sido a\u00fan adjudicadas por falta de oferentes o porque las ofertas que se reciben sobrepasan el presupuesto disponible.<\/p>\n<p dir=\"ltr\" style=\"text-align: justify;\">Teniendo en cuenta el aumento en el costo de vida que ha habido en la regi\u00f3n en el \u00faltimo tiempo, y c\u00f3mo ha impactado en el rubro de la construcci\u00f3n, este ajuste significa un gran apoyo a los municipios, que de esta manera tienen un marco presupuestario mayor para licitar proyectos que son muy importantes para las comunidades, tales como sedes comunitarias, canchas, plazas, juegos infantiles, entre otros.<\/p>\n<p dir=\"ltr\" style=\"text-align: justify;\">\u00abEs importante destacar que, a partir de este a\u00f1o, y a solicitud de este Gobierno Regional, los montos m\u00e1ximos para la postulaci\u00f3n de distintas iniciativas son de 3.000 UTM, mientras que los a\u00f1os anteriores hab\u00edan sido de 2.500 UTM. Esto va a permitir que los municipios presenten iniciativas de un valor de hasta $186 millones. Otro marco importante que se aprob\u00f3 es el marco extraordinario que dice relaci\u00f3n con iniciativas que se hayan generado durante los a\u00f1os 2022 y anteriores, y que hayan tenido problemas en su ejecuci\u00f3n por temas de presupuesto. Esto, sin duda alguna, genera una reactivaci\u00f3n en la econom\u00eda local, porque son dineros que van en directo beneficio para la comunidad\u00bb, precis\u00f3 el jefe de la Divisi\u00f3n de Infraestructura y Transporte, \u00d3scar del Solar.<\/p>\n<p dir=\"ltr\" style=\"text-align: justify;\">Este a\u00f1o ser\u00e1n 10 mil millones los que se destinar\u00e1n para inversi\u00f3n bajo esta herramienta, con una repartici\u00f3n que fue planificada y trabajada con todos los municipios de la regi\u00f3n, en reuniones con los alcaldes y sus equipos t\u00e9cnicos. Para esta ocasi\u00f3n, la estructura del presupuesto del FRIL est\u00e1 centrada en disminuir las brechas de financiamiento entre las comunas, como bien lo se\u00f1al\u00f3 el alcalde de R\u00edo Ib\u00e1\u00f1ez y presidente de la Asociaci\u00f3n Regional de Municipalidades de Ays\u00e9n, Marcelo Santana.<\/p>\n<p dir=\"ltr\" style=\"text-align: justify;\">\u00abEs una distribuci\u00f3n mucho m\u00e1s equitativa, no hay grandes diferencias entre las grandes comunas y las peque\u00f1as, sobre todo porque en estas \u00faltimas tambi\u00e9n se necesita fomentar mucho m\u00e1s la inversi\u00f3n p\u00fablica. Asimismo, se reconoce por primera vez los distintos problemas que hemos tenido los municipios para contratar obra, debido al aumento de precio en el rubro de la construcci\u00f3n, de modo que este a\u00f1o no tengamos esas dificultades y pueda haber una din\u00e1mica de inversi\u00f3n mucho m\u00e1s fluida que el a\u00f1o pasado\u00bb, subray\u00f3 el jefe comunal de R\u00edo Ib\u00e1\u00f1ez.<\/p>\n<p dir=\"ltr\" style=\"text-align: justify;\">La iniciativa FRIL es una de las herramientas de inversi\u00f3n que posee el Gobierno Regional, y que tiene por objetivo financiar proyectos de infraestructura comunal, que mejoren la calidad de vida de la poblaci\u00f3n. Adem\u00e1s, dicha iniciativa debe tener presente el componente de participaci\u00f3n ciudadana y de g\u00e9nero a trav\u00e9s de las municipalidades, quienes presentan sus demandas y ejecutan de acuerdo a su capacidad t\u00e9cnica.<\/p>\n<p dir=\"ltr\" style=\"text-align: justify;\">\u00abEste fondo viene a ayudar a los municipios para distintas obras que son de mucha relevancia para las comunidades y que, adem\u00e1s, tiene unos factores de distribuci\u00f3n que son importantes de se\u00f1alar: el porcentaje de poblaci\u00f3n que tienen las comunas, el \u00edndice de aislamiento comunal, el gasto efectivo de a\u00f1os anteriores, el porcentaje de proyectos FRIL no cerrados y, por \u00faltimo, el factor del Fondo Com\u00fan Municipal\u00bb, explic\u00f3 la Consejera Paula Acu\u00f1a, quien es vicepresidenta de la Comisi\u00f3n de Infraestructura, Transporte y Telecomunicaciones.<\/p>\n<\/div><\/section><\/div><div  style='height:50px' class='hr hr-invisible   avia-builder-el-6  el_after_av_one_full  el_before_av_social_share '><span class='hr-inner ' ><span class='hr-inner-style'><\/span><\/span><\/div><\/p>\n<div  class='av-social-sharing-box  avia-builder-el-7  el_after_av_hr  el_before_av_hr  '><div class='av-share-box'><h5 class='av-share-link-description av-no-toc '>Compartir esta noticia<\/h5><ul class='av-share-box-list noLightbox'><li class='av-share-link av-social-link-facebook' ><a target=\"_blank\" aria-label=\"Compartir en Facebook\" href='https:\/\/www.facebook.com\/sharer.php?u=https:\/\/radiorevelacionfm.cl\/?p=26805&#038;t=Consejo%20aprueba%20propuesta%20de%20Gobernadora%20y%20aumenta%2030%25%20el%20presupuesto%20para%20obras%20municipales%20con%20licitaciones%20no%20adjudicadas' aria-hidden='false' data-av_icon='\ue8f3' data-av_iconfont='entypo-fontello' title='' data-avia-related-tooltip='Compartir en Facebook' rel=\"noopener\"><span class='avia_hidden_link_text'>Compartir en Facebook<\/span><\/a><\/li><li class='av-share-link av-social-link-twitter' ><a target=\"_blank\" aria-label=\"Compartir en Twitter\" href='https:\/\/twitter.com\/share?text=Consejo%20aprueba%20propuesta%20de%20Gobernadora%20y%20aumenta%2030%25%20el%20presupuesto%20para%20obras%20municipales%20con%20licitaciones%20no%20adjudicadas&#038;url=https:\/\/radiorevelacionfm.cl\/?p=26805' aria-hidden='false' data-av_icon='\ue8f1' data-av_iconfont='entypo-fontello' title='' data-avia-related-tooltip='Compartir en Twitter' rel=\"noopener\"><span class='avia_hidden_link_text'>Compartir en Twitter<\/span><\/a><\/li><li class='av-share-link av-social-link-whatsapp' ><a target=\"_blank\" aria-label=\"Compartir en Whatsapp\" href='https:\/\/api.whatsapp.com\/send?text=https:\/\/radiorevelacionfm.cl\/?p=26805' aria-hidden='false' data-av_icon='\uf232' data-av_iconfont='entypo-fontello' title='' data-avia-related-tooltip='Compartir en Whatsapp' rel=\"noopener\"><span class='avia_hidden_link_text'>Compartir en Whatsapp<\/span><\/a><\/li><li class='av-share-link av-social-link-linkedin' ><a target=\"_blank\" aria-label=\"Compartir en LinkedIn\" href='https:\/\/linkedin.com\/shareArticle?mini=true&#038;title=Consejo%20aprueba%20propuesta%20de%20Gobernadora%20y%20aumenta%2030%25%20el%20presupuesto%20para%20obras%20municipales%20con%20licitaciones%20no%20adjudicadas&#038;url=https:\/\/radiorevelacionfm.cl\/?p=26805' aria-hidden='false' data-av_icon='\ue8fc' data-av_iconfont='entypo-fontello' title='' data-avia-related-tooltip='Compartir en LinkedIn' rel=\"noopener\"><span class='avia_hidden_link_text'>Compartir en LinkedIn<\/span><\/a><\/li><li class='av-share-link av-social-link-mail' ><a  aria-label=\"Compartir por correo\" href='mailto:?subject=Consejo%20aprueba%20propuesta%20de%20Gobernadora%20y%20aumenta%2030%25%20el%20presupuesto%20para%20obras%20municipales%20con%20licitaciones%20no%20adjudicadas&#038;body=https:\/\/radiorevelacionfm.cl\/?p=26805' aria-hidden='false' data-av_icon='\ue805' data-av_iconfont='entypo-fontello' title='' data-avia-related-tooltip='Compartir por correo'><span class='avia_hidden_link_text'>Compartir por correo<\/span><\/a><\/li><\/ul><\/div><\/div>\n<div  style='height:50px' class='hr hr-invisible   avia-builder-el-8  el_after_av_social_share  el_before_av_comments_list '><span class='hr-inner ' ><span class='hr-inner-style'><\/span><\/span><\/div>\n<div  class='av-buildercomment  av-blog-meta-html-info-disabled av-blog-meta-tag-disabled  '><\/div>\n","protected":false},"excerpt":{"rendered":"","protected":false},"author":1,"featured_media":26806,"comment_status":"open","ping_status":"open","sticky":false,"template":"","format":"standard","meta":{"footnotes":""},"categories":[38],"tags":[],"class_list":["post-26805","post","type-post","status-publish","format-standard","has-post-thumbnail","hentry","category-regional"],"jetpack_featured_media_url":"https:\/\/radiorevelacionfm.cl\/wp-content\/uploads\/2023\/01\/2-2023-01-19T101136.802-1-1.jpg","_links":{"self":[{"href":"https:\/\/radiorevelacionfm.cl\/index.php?rest_route=\/wp\/v2\/posts\/26805","targetHints":{"allow":["GET"]}}],"collection":[{"href":"https:\/\/radiorevelacionfm.cl\/index.php?rest_route=\/wp\/v2\/posts"}],"about":[{"href":"https:\/\/radiorevelacionfm.cl\/index.php?rest_route=\/wp\/v2\/types\/post"}],"author":[{"embeddable":true,"href":"https:\/\/radiorevelacionfm.cl\/index.php?rest_route=\/wp\/v2\/users\/1"}],"replies":[{"embeddable":true,"href":"https:\/\/radiorevelacionfm.cl\/index.php?rest_route=%2Fwp%2Fv2%2Fcomments&post=26805"}],"version-history":[{"count":2,"href":"https:\/\/radiorevelacionfm.cl\/index.php?rest_route=\/wp\/v2\/posts\/26805\/revisions"}],"predecessor-version":[{"id":26827,"href":"https:\/\/radiorevelacionfm.cl\/index.php?rest_route=\/wp\/v2\/posts\/26805\/revisions\/26827"}],"wp:featuredmedia":[{"embeddable":true,"href":"https:\/\/radiorevelacionfm.cl\/index.php?rest_route=\/wp\/v2\/media\/26806"}],"wp:attachment":[{"href":"https:\/\/radiorevelacionfm.cl\/index.php?rest_route=%2Fwp%2Fv2%2Fmedia&parent=26805"}],"wp:term":[{"taxonomy":"category","embeddable":true,"href":"https:\/\/radiorevelacionfm.cl\/index.php?rest_route=%2Fwp%2Fv2%2Fcategories&post=26805"},{"taxonomy":"post_tag","embeddable":true,"href":"https:\/\/radiorevelacionfm.cl\/index.php?rest_route=%2Fwp%2Fv2%2Ftags&post=26805"}],"curies":[{"name":"wp","href":"https:\/\/api.w.org\/{rel}","templated":true}]}}