{"id":26801,"date":"2023-01-19T10:05:10","date_gmt":"2023-01-19T13:05:10","guid":{"rendered":"https:\/\/radiorevelacionfm.cl\/?p=26801"},"modified":"2023-01-19T10:05:10","modified_gmt":"2023-01-19T13:05:10","slug":"puerto-chacabuco-dialogo-con-ministro-de-economia-sobre-sus-planes-futuros-y-el-desarrollo-de-aysen","status":"publish","type":"post","link":"https:\/\/radiorevelacionfm.cl\/?p=26801","title":{"rendered":"Puerto Chacabuco dialog\u00f3 con ministro de Econom\u00eda sobre sus planes futuros y el desarrollo de Ays\u00e9n"},"content":{"rendered":"<div class=\"flex_column av_one_full  flex_column_div av-zero-column-padding first  avia-builder-el-0  el_before_av_one_full  avia-builder-el-first  \" style='border-radius:0px; '><div  class='avia-image-container  av-styling-    avia-builder-el-1  avia-builder-el-no-sibling  avia-align-center '  itemprop=\"image\" itemscope=\"itemscope\" itemtype=\"https:\/\/schema.org\/ImageObject\"  ><div class='avia-image-container-inner'><div class='avia-image-overlay-wrap'><img decoding=\"async\" class='wp-image-26802 avia-img-lazy-loading-not-26802 avia_image' src=\"https:\/\/radiorevelacionfm.cl\/wp-content\/uploads\/2023\/01\/Visita-Ministro-Economia-1-1.jpeg\" alt='' title='Visita Ministro Econom\u00eda (1) (1)' height=\"600\" width=\"900\"  itemprop=\"thumbnailUrl\" srcset=\"https:\/\/radiorevelacionfm.cl\/wp-content\/uploads\/2023\/01\/Visita-Ministro-Economia-1-1.jpeg 900w, https:\/\/radiorevelacionfm.cl\/wp-content\/uploads\/2023\/01\/Visita-Ministro-Economia-1-1-300x200.jpeg 300w, https:\/\/radiorevelacionfm.cl\/wp-content\/uploads\/2023\/01\/Visita-Ministro-Economia-1-1-768x512.jpeg 768w, https:\/\/radiorevelacionfm.cl\/wp-content\/uploads\/2023\/01\/Visita-Ministro-Economia-1-1-705x470.jpeg 705w, https:\/\/radiorevelacionfm.cl\/wp-content\/uploads\/2023\/01\/Visita-Ministro-Economia-1-1-600x400.jpeg 600w\" sizes=\"(max-width: 900px) 100vw, 900px\" \/><\/div><\/div><\/div><\/div><div class=\"flex_column av_one_full  flex_column_div av-zero-column-padding first  avia-builder-el-2  el_after_av_one_full  el_before_av_one_full  column-top-margin\" style='border-radius:0px; '><section class=\"av_textblock_section \"  itemscope=\"itemscope\" itemtype=\"https:\/\/schema.org\/BlogPosting\" itemprop=\"blogPost\" ><div class='avia_textblock  '   itemprop=\"text\" ><p class=\"Marcelo\" style=\"text-align: center;\" align=\"center\"><span style=\"font-size: 18pt;\"><b>Puerto Chacabuco dialog\u00f3 con ministro de Econom\u00eda <\/b><b>sobre sus planes futuros y el desarrollo de Ays\u00e9n<\/b><\/span><\/p>\n<div id=\"gtx-trans\" style=\"position: absolute; left: -50px; top: 4.31534px;\">\n<div class=\"gtx-trans-icon\"><\/div>\n<\/div>\n<\/div><\/section><\/div><div class=\"flex_column av_one_full  flex_column_div av-zero-column-padding first  avia-builder-el-4  el_after_av_one_full  el_before_av_hr  column-top-margin\" style='border-radius:0px; '><section class=\"av_textblock_section \"  itemscope=\"itemscope\" itemtype=\"https:\/\/schema.org\/BlogPosting\" itemprop=\"blogPost\" ><div class='avia_textblock  '   itemprop=\"text\" ><p class=\"Marcelo\" style=\"text-align: justify;\">Un importante encuentro con el ministro de Econom\u00eda, Fomento y Turismo, Nicol\u00e1s Grau, y la gobernadora regional, Andrea Mac\u00edas, sostuvieron representantes de la Empresa Portuaria Chacabuco, en el marco de una visita que el secretario de Estado realiz\u00f3 a la Regi\u00f3n de Ays\u00e9n, con ocasi\u00f3n de la realizaci\u00f3n del \u201cEncuentro Participativo para un desarrollo productivo sostenible para Chile\u201d que dicha secretar\u00eda de estado est\u00e1 desarrollando a lo largo del pa\u00eds.<\/p>\n<p class=\"Marcelo\" style=\"text-align: justify;\">La delegaci\u00f3n de Emporcha estuvo encabezada por el presidente de su directorio, Enrique Run\u00edn, el director Felipe Rojas, y el gerente general, Felipe Candia, quien recientemente se sum\u00f3 al equipo de la portuaria estatal.<\/p>\n<p class=\"Marcelo\" style=\"text-align: justify;\">El grupo fue tambi\u00e9n parte de un di\u00e1logo participativo en el que, adem\u00e1s de la autoridad nacional y la gobernadora, participaron otros representantes de municipios y servicios, l\u00edderes gremiales de distintos sectores y organizaciones de trabajadores. El encuentro estuvo centrado en identificar los motores para el desarrollo sostenible de Chile y de Ays\u00e9n.<\/p>\n<p class=\"Marcelo\" style=\"text-align: justify;\">\u201cPudimos dialogar con el ministro, con los distintos sectores productivos, las organizaciones gremiales y de trabajadores respecto de lo que cada uno desde su rol piensa sobre el futuro de la regi\u00f3n y c\u00f3mo deber\u00edamos abordar temas de productividad y sostenibilidad\u201d, resumi\u00f3 el presidente de Puerto Chacabuco, Enrique Run\u00edn.<\/p>\n<p class=\"Marcelo\" style=\"text-align: justify;\">Tras el encuentro, en forma privada, se desarroll\u00f3 un encuentro bilateral con el ministro Grau -adem\u00e1s de la gobernadora Mac\u00edas-, en el cual se agradeci\u00f3 la invitaci\u00f3n del puerto al encuentro, y donde adem\u00e1s se expusieron los principales ejes del trabajo que Emporcha realiza en la operaci\u00f3n del puerto, su relaci\u00f3n con los exportadores de la regi\u00f3n y la administraci\u00f3n de los muelles de interconectividad en el litoral norte aisenino.<\/p>\n<p class=\"Marcelo\" style=\"text-align: justify;\">\u201cPudimos contarle a grandes rasgos nuestros planes inmediatos y de largo plazo para potenciar nuestra actividad portuaria, algunos temas de nuestra relaci\u00f3n con la comunidad y sobre todo el importante rol social que desempe\u00f1a el puerto a partir del trabajo en los muelles de Melinka, Puerto Cisnes, Puerto Aguirre y los otros puntos del norte de la regi\u00f3n\u201d, a\u00f1adi\u00f3 el ejecutivo portuario.<\/p>\n<p class=\"Marcelo\" style=\"text-align: justify;\">Un punto interesante, adem\u00e1s, fue la menci\u00f3n que se hizo sobre los lineamientos del plan estrat\u00e9gico de fortalecimiento portuario conjunto, que desde el a\u00f1o pasado vienen promoviendo conjuntamente las tres empresas portuarias estatales de la zona austral: Empormontt de Puerto Montt, Epaustral de Punta Arenas y la propia Emporcha, \u201cde manera que el ministro conociera preliminarmente la propuesta y las problem\u00e1ticas comunes que queremos abordar\u201d, explic\u00f3 Run\u00edn.<\/p>\n<p class=\"Marcelo\" style=\"text-align: justify;\">\u201cFue un muy buen encuentro y posterior conversaci\u00f3n con el ministro Grau y donde destacamos el gran apoyo de la gobernadora regional. Creemos que nuestra participaci\u00f3n en esta y otras instancias nos permite como puerto estar al d\u00eda sobre lo que est\u00e1 realizando a nivel regional, y adem\u00e1s ser protagonistas y actores directos para hacer propuestas en el desarrollo de Ays\u00e9n\u201d, cerr\u00f3 el presidente.<\/p>\n<\/div><\/section><\/div><div  style='height:50px' class='hr hr-invisible   avia-builder-el-6  el_after_av_one_full  el_before_av_social_share '><span class='hr-inner ' ><span class='hr-inner-style'><\/span><\/span><\/div><\/p>\n<div  class='av-social-sharing-box  avia-builder-el-7  el_after_av_hr  el_before_av_hr  '><div class='av-share-box'><h5 class='av-share-link-description av-no-toc '>Compartir esta noticia<\/h5><ul class='av-share-box-list noLightbox'><li class='av-share-link av-social-link-facebook' ><a target=\"_blank\" aria-label=\"Compartir en Facebook\" href='https:\/\/www.facebook.com\/sharer.php?u=https:\/\/radiorevelacionfm.cl\/?p=26801&#038;t=Puerto%20Chacabuco%20dialog%C3%B3%20con%20ministro%20de%20Econom%C3%ADa%20sobre%20sus%20planes%20futuros%20y%20el%20desarrollo%20de%20Ays%C3%A9n' aria-hidden='false' data-av_icon='\ue8f3' data-av_iconfont='entypo-fontello' title='' data-avia-related-tooltip='Compartir en Facebook' rel=\"noopener\"><span class='avia_hidden_link_text'>Compartir en Facebook<\/span><\/a><\/li><li class='av-share-link av-social-link-twitter' ><a target=\"_blank\" aria-label=\"Compartir en Twitter\" href='https:\/\/twitter.com\/share?text=Puerto%20Chacabuco%20dialog%C3%B3%20con%20ministro%20de%20Econom%C3%ADa%20sobre%20sus%20planes%20futuros%20y%20el%20desarrollo%20de%20Ays%C3%A9n&#038;url=https:\/\/radiorevelacionfm.cl\/?p=26801' aria-hidden='false' data-av_icon='\ue8f1' data-av_iconfont='entypo-fontello' title='' data-avia-related-tooltip='Compartir en Twitter' rel=\"noopener\"><span class='avia_hidden_link_text'>Compartir en Twitter<\/span><\/a><\/li><li class='av-share-link av-social-link-whatsapp' ><a target=\"_blank\" aria-label=\"Compartir en Whatsapp\" href='https:\/\/api.whatsapp.com\/send?text=https:\/\/radiorevelacionfm.cl\/?p=26801' aria-hidden='false' data-av_icon='\uf232' data-av_iconfont='entypo-fontello' title='' data-avia-related-tooltip='Compartir en Whatsapp' rel=\"noopener\"><span class='avia_hidden_link_text'>Compartir en Whatsapp<\/span><\/a><\/li><li class='av-share-link av-social-link-linkedin' ><a target=\"_blank\" aria-label=\"Compartir en LinkedIn\" href='https:\/\/linkedin.com\/shareArticle?mini=true&#038;title=Puerto%20Chacabuco%20dialog%C3%B3%20con%20ministro%20de%20Econom%C3%ADa%20sobre%20sus%20planes%20futuros%20y%20el%20desarrollo%20de%20Ays%C3%A9n&#038;url=https:\/\/radiorevelacionfm.cl\/?p=26801' aria-hidden='false' data-av_icon='\ue8fc' data-av_iconfont='entypo-fontello' title='' data-avia-related-tooltip='Compartir en LinkedIn' rel=\"noopener\"><span class='avia_hidden_link_text'>Compartir en LinkedIn<\/span><\/a><\/li><li class='av-share-link av-social-link-mail' ><a  aria-label=\"Compartir por correo\" href='mailto:?subject=Puerto%20Chacabuco%20dialog%C3%B3%20con%20ministro%20de%20Econom%C3%ADa%20sobre%20sus%20planes%20futuros%20y%20el%20desarrollo%20de%20Ays%C3%A9n&#038;body=https:\/\/radiorevelacionfm.cl\/?p=26801' aria-hidden='false' data-av_icon='\ue805' data-av_iconfont='entypo-fontello' title='' data-avia-related-tooltip='Compartir por correo'><span class='avia_hidden_link_text'>Compartir por correo<\/span><\/a><\/li><\/ul><\/div><\/div>\n<div  style='height:50px' class='hr hr-invisible   avia-builder-el-8  el_after_av_social_share  el_before_av_comments_list '><span class='hr-inner ' ><span class='hr-inner-style'><\/span><\/span><\/div>\n<div  class='av-buildercomment  av-blog-meta-html-info-disabled av-blog-meta-tag-disabled  '><\/div>\n","protected":false},"excerpt":{"rendered":"","protected":false},"author":1,"featured_media":26802,"comment_status":"open","ping_status":"open","sticky":false,"template":"","format":"standard","meta":{"footnotes":""},"categories":[38],"tags":[],"class_list":["post-26801","post","type-post","status-publish","format-standard","has-post-thumbnail","hentry","category-regional"],"jetpack_featured_media_url":"https:\/\/radiorevelacionfm.cl\/wp-content\/uploads\/2023\/01\/Visita-Ministro-Economia-1-1.jpeg","_links":{"self":[{"href":"https:\/\/radiorevelacionfm.cl\/index.php?rest_route=\/wp\/v2\/posts\/26801","targetHints":{"allow":["GET"]}}],"collection":[{"href":"https:\/\/radiorevelacionfm.cl\/index.php?rest_route=\/wp\/v2\/posts"}],"about":[{"href":"https:\/\/radiorevelacionfm.cl\/index.php?rest_route=\/wp\/v2\/types\/post"}],"author":[{"embeddable":true,"href":"https:\/\/radiorevelacionfm.cl\/index.php?rest_route=\/wp\/v2\/users\/1"}],"replies":[{"embeddable":true,"href":"https:\/\/radiorevelacionfm.cl\/index.php?rest_route=%2Fwp%2Fv2%2Fcomments&post=26801"}],"version-history":[{"count":2,"href":"https:\/\/radiorevelacionfm.cl\/index.php?rest_route=\/wp\/v2\/posts\/26801\/revisions"}],"predecessor-version":[{"id":26804,"href":"https:\/\/radiorevelacionfm.cl\/index.php?rest_route=\/wp\/v2\/posts\/26801\/revisions\/26804"}],"wp:featuredmedia":[{"embeddable":true,"href":"https:\/\/radiorevelacionfm.cl\/index.php?rest_route=\/wp\/v2\/media\/26802"}],"wp:attachment":[{"href":"https:\/\/radiorevelacionfm.cl\/index.php?rest_route=%2Fwp%2Fv2%2Fmedia&parent=26801"}],"wp:term":[{"taxonomy":"category","embeddable":true,"href":"https:\/\/radiorevelacionfm.cl\/index.php?rest_route=%2Fwp%2Fv2%2Fcategories&post=26801"},{"taxonomy":"post_tag","embeddable":true,"href":"https:\/\/radiorevelacionfm.cl\/index.php?rest_route=%2Fwp%2Fv2%2Ftags&post=26801"}],"curies":[{"name":"wp","href":"https:\/\/api.w.org\/{rel}","templated":true}]}}