{"id":26795,"date":"2023-01-19T12:09:30","date_gmt":"2023-01-19T15:09:30","guid":{"rendered":"https:\/\/radiorevelacionfm.cl\/?p=26795"},"modified":"2023-01-19T12:09:30","modified_gmt":"2023-01-19T15:09:30","slug":"lanzamientos-literarios-memorias-de-un-patagon-y-al-fin-del-mundo-se-presentan-en-biblioteca-publica-de-aysen","status":"publish","type":"post","link":"https:\/\/radiorevelacionfm.cl\/?p=26795","title":{"rendered":"Lanzamientos literarios: \u201cMemorias de un patag\u00f3n\u201d y \u201cAl fin del mundo\u201d se presentan en Biblioteca P\u00fablica de Ays\u00e9n"},"content":{"rendered":"<div class=\"flex_column av_one_full  flex_column_div av-zero-column-padding first  avia-builder-el-0  el_before_av_one_full  avia-builder-el-first  \" style='border-radius:0px; '><div  class='avia-image-container  av-styling-    avia-builder-el-1  avia-builder-el-no-sibling  avia-align-center '  itemprop=\"image\" itemscope=\"itemscope\" itemtype=\"https:\/\/schema.org\/ImageObject\"  ><div class='avia-image-container-inner'><div class='avia-image-overlay-wrap'><img decoding=\"async\" class='wp-image-26797 avia-img-lazy-loading-not-26797 avia_image' src=\"https:\/\/radiorevelacionfm.cl\/wp-content\/uploads\/2023\/01\/libro-1-1-1-1.jpg\" alt='' title='libro 1 (1) (1) (1)' height=\"600\" width=\"480\"  itemprop=\"thumbnailUrl\" srcset=\"https:\/\/radiorevelacionfm.cl\/wp-content\/uploads\/2023\/01\/libro-1-1-1-1.jpg 480w, https:\/\/radiorevelacionfm.cl\/wp-content\/uploads\/2023\/01\/libro-1-1-1-1-240x300.jpg 240w\" sizes=\"(max-width: 480px) 100vw, 480px\" \/><\/div><\/div><\/div><\/div><div class=\"flex_column av_one_full  flex_column_div av-zero-column-padding first  avia-builder-el-2  el_after_av_one_full  el_before_av_one_full  column-top-margin\" style='border-radius:0px; '><section class=\"av_textblock_section \"  itemscope=\"itemscope\" itemtype=\"https:\/\/schema.org\/BlogPosting\" itemprop=\"blogPost\" ><div class='avia_textblock  '   itemprop=\"text\" ><p style=\"text-align: center;\"><span style=\"font-size: 18pt;\"><strong>Lanzamientos literarios: \u201cMemorias de un patag\u00f3n\u201d y \u201cAl fin del mundo\u201d se presentan en Biblioteca P\u00fablica de Ays\u00e9n <\/strong><\/span><\/p>\n<div id=\"gtx-trans\" style=\"position: absolute; left: -50px; top: 4.31534px;\">\n<div class=\"gtx-trans-icon\"><\/div>\n<\/div>\n<\/div><\/section><\/div><div class=\"flex_column av_one_full  flex_column_div av-zero-column-padding first  avia-builder-el-4  el_after_av_one_full  el_before_av_hr  column-top-margin\" style='border-radius:0px; '><section class=\"av_textblock_section \"  itemscope=\"itemscope\" itemtype=\"https:\/\/schema.org\/BlogPosting\" itemprop=\"blogPost\" ><div class='avia_textblock  '   itemprop=\"text\" ><p style=\"text-align: justify;\">El pr\u00f3ximo martes 24 de enero a las 15:00 horas se lanzar\u00e1n los libros \u201cMemorias de un patag\u00f3n\u201d y \u201cAl fin del mundo\u201d, dos obras literarias de los escritores locales Orlando y Segismundo Gallardo, respectivamente.<\/p>\n<p style=\"text-align: justify;\">Hermanos apasionados por la escritura, presentan sus libros en la Biblioteca P\u00fablica en el marco de las actividades de verano de Ays\u00e9n y organizadas por la Ilustre Municipalidad de Ays\u00e9n. Siendo el segundo t\u00edtulo de Segismundo Gallardo, \u201cAl fin del mundo\u201d es una serie de cuentos de suspenso y que est\u00e1n ambientadas en la Patagonia, \u201ces su segundo t\u00edtulo, ya lo tuvimos presente el a\u00f1o pasado en el relanzamiento de su libro \u2018Juan tres dedos\u2019, obra que se refer\u00eda a la historia de su padre, un reconocido aisenino que manejaba taxis\u201d, comenta Yasna Jara Ampuero, encargada de la Biblioteca P\u00fablica de Ays\u00e9n.<\/p>\n<p style=\"text-align: justify;\">Por otro lado, \u201cMemorias de un patag\u00f3n\u201d es un libro autobiogr\u00e1fico de Orlando Gallardo, quien creci\u00f3 en Puerto Ays\u00e9n y actualmente se encuentra viviendo en Comodoro Rivadavia, \u201cla invitaci\u00f3n fue a que lanzara su libro en Puerto Ays\u00e9n ya que relata gran parte de su juventud, su trabajo en la construcci\u00f3n del puente Presidente Ib\u00e1\u00f1ez y su trabajo en vialidad\u201d, agrega Jara, enfatizando en la importancia de estos lanzamientos literarios por ser el segundo t\u00edtulo de Segismundo Gallardo y por la escritura vivencial de Orlando Gallardo.<\/p>\n<p style=\"text-align: justify;\">Asimismo, Jara valora las distintas instancias de trabajo que han mantenido con los escritores locales y regionales, \u201chace un a\u00f1o y medio estamos trabajando de manera intermitente con escritores locales y regionales que se nos acercan con la motivaci\u00f3n de que ellos han escrito y quieren dar a conocer a la comunidad el producto de su trabajo. Estamos felices por la confianza que depositan en el trabajo que se est\u00e1 haciendo en la Biblioteca P\u00fablica y muy esperanzados de lo que se viene. Si podemos aportar en crear el v\u00ednculo de la comunidad con la lectura, bienvenido sea\u201d, finaliza.<\/p>\n<\/div><\/section><\/div><div  style='height:50px' class='hr hr-invisible   avia-builder-el-6  el_after_av_one_full  el_before_av_social_share '><span class='hr-inner ' ><span class='hr-inner-style'><\/span><\/span><\/div><\/p>\n<div  class='av-social-sharing-box  avia-builder-el-7  el_after_av_hr  el_before_av_hr  '><div class='av-share-box'><h5 class='av-share-link-description av-no-toc '>Compartir esta noticia<\/h5><ul class='av-share-box-list noLightbox'><li class='av-share-link av-social-link-facebook' ><a target=\"_blank\" aria-label=\"Compartir en Facebook\" href='https:\/\/www.facebook.com\/sharer.php?u=https:\/\/radiorevelacionfm.cl\/?p=26795&#038;t=Lanzamientos%20literarios%3A%20%E2%80%9CMemorias%20de%20un%20patag%C3%B3n%E2%80%9D%20y%20%E2%80%9CAl%20fin%20del%20mundo%E2%80%9D%20se%20presentan%20en%20Biblioteca%20P%C3%BAblica%20de%20Ays%C3%A9n' aria-hidden='false' data-av_icon='\ue8f3' data-av_iconfont='entypo-fontello' title='' data-avia-related-tooltip='Compartir en Facebook' rel=\"noopener\"><span class='avia_hidden_link_text'>Compartir en Facebook<\/span><\/a><\/li><li class='av-share-link av-social-link-twitter' ><a target=\"_blank\" aria-label=\"Compartir en Twitter\" href='https:\/\/twitter.com\/share?text=Lanzamientos%20literarios%3A%20%E2%80%9CMemorias%20de%20un%20patag%C3%B3n%E2%80%9D%20y%20%E2%80%9CAl%20fin%20del%20mundo%E2%80%9D%20se%20presentan%20en%20Biblioteca%20P%C3%BAblica%20de%20Ays%C3%A9n&#038;url=https:\/\/radiorevelacionfm.cl\/?p=26795' aria-hidden='false' data-av_icon='\ue8f1' data-av_iconfont='entypo-fontello' title='' data-avia-related-tooltip='Compartir en Twitter' rel=\"noopener\"><span class='avia_hidden_link_text'>Compartir en Twitter<\/span><\/a><\/li><li class='av-share-link av-social-link-whatsapp' ><a target=\"_blank\" aria-label=\"Compartir en Whatsapp\" href='https:\/\/api.whatsapp.com\/send?text=https:\/\/radiorevelacionfm.cl\/?p=26795' aria-hidden='false' data-av_icon='\uf232' data-av_iconfont='entypo-fontello' title='' data-avia-related-tooltip='Compartir en Whatsapp' rel=\"noopener\"><span class='avia_hidden_link_text'>Compartir en Whatsapp<\/span><\/a><\/li><li class='av-share-link av-social-link-linkedin' ><a target=\"_blank\" aria-label=\"Compartir en LinkedIn\" href='https:\/\/linkedin.com\/shareArticle?mini=true&#038;title=Lanzamientos%20literarios%3A%20%E2%80%9CMemorias%20de%20un%20patag%C3%B3n%E2%80%9D%20y%20%E2%80%9CAl%20fin%20del%20mundo%E2%80%9D%20se%20presentan%20en%20Biblioteca%20P%C3%BAblica%20de%20Ays%C3%A9n&#038;url=https:\/\/radiorevelacionfm.cl\/?p=26795' aria-hidden='false' data-av_icon='\ue8fc' data-av_iconfont='entypo-fontello' title='' data-avia-related-tooltip='Compartir en LinkedIn' rel=\"noopener\"><span class='avia_hidden_link_text'>Compartir en LinkedIn<\/span><\/a><\/li><li class='av-share-link av-social-link-mail' ><a  aria-label=\"Compartir por correo\" href='mailto:?subject=Lanzamientos%20literarios%3A%20%E2%80%9CMemorias%20de%20un%20patag%C3%B3n%E2%80%9D%20y%20%E2%80%9CAl%20fin%20del%20mundo%E2%80%9D%20se%20presentan%20en%20Biblioteca%20P%C3%BAblica%20de%20Ays%C3%A9n&#038;body=https:\/\/radiorevelacionfm.cl\/?p=26795' aria-hidden='false' data-av_icon='\ue805' data-av_iconfont='entypo-fontello' title='' data-avia-related-tooltip='Compartir por correo'><span class='avia_hidden_link_text'>Compartir por correo<\/span><\/a><\/li><\/ul><\/div><\/div>\n<div  style='height:50px' class='hr hr-invisible   avia-builder-el-8  el_after_av_social_share  el_before_av_comments_list '><span class='hr-inner ' ><span class='hr-inner-style'><\/span><\/span><\/div>\n<div  class='av-buildercomment  av-blog-meta-html-info-disabled av-blog-meta-tag-disabled  '><\/div>\n","protected":false},"excerpt":{"rendered":"","protected":false},"author":1,"featured_media":26796,"comment_status":"open","ping_status":"open","sticky":false,"template":"","format":"standard","meta":{"footnotes":""},"categories":[52],"tags":[],"class_list":["post-26795","post","type-post","status-publish","format-standard","has-post-thumbnail","hentry","category-cultura"],"jetpack_featured_media_url":"https:\/\/radiorevelacionfm.cl\/wp-content\/uploads\/2023\/01\/libro-1-1-2-1.jpg","_links":{"self":[{"href":"https:\/\/radiorevelacionfm.cl\/index.php?rest_route=\/wp\/v2\/posts\/26795","targetHints":{"allow":["GET"]}}],"collection":[{"href":"https:\/\/radiorevelacionfm.cl\/index.php?rest_route=\/wp\/v2\/posts"}],"about":[{"href":"https:\/\/radiorevelacionfm.cl\/index.php?rest_route=\/wp\/v2\/types\/post"}],"author":[{"embeddable":true,"href":"https:\/\/radiorevelacionfm.cl\/index.php?rest_route=\/wp\/v2\/users\/1"}],"replies":[{"embeddable":true,"href":"https:\/\/radiorevelacionfm.cl\/index.php?rest_route=%2Fwp%2Fv2%2Fcomments&post=26795"}],"version-history":[{"count":2,"href":"https:\/\/radiorevelacionfm.cl\/index.php?rest_route=\/wp\/v2\/posts\/26795\/revisions"}],"predecessor-version":[{"id":26818,"href":"https:\/\/radiorevelacionfm.cl\/index.php?rest_route=\/wp\/v2\/posts\/26795\/revisions\/26818"}],"wp:featuredmedia":[{"embeddable":true,"href":"https:\/\/radiorevelacionfm.cl\/index.php?rest_route=\/wp\/v2\/media\/26796"}],"wp:attachment":[{"href":"https:\/\/radiorevelacionfm.cl\/index.php?rest_route=%2Fwp%2Fv2%2Fmedia&parent=26795"}],"wp:term":[{"taxonomy":"category","embeddable":true,"href":"https:\/\/radiorevelacionfm.cl\/index.php?rest_route=%2Fwp%2Fv2%2Fcategories&post=26795"},{"taxonomy":"post_tag","embeddable":true,"href":"https:\/\/radiorevelacionfm.cl\/index.php?rest_route=%2Fwp%2Fv2%2Ftags&post=26795"}],"curies":[{"name":"wp","href":"https:\/\/api.w.org\/{rel}","templated":true}]}}