{"id":26786,"date":"2023-01-18T20:37:07","date_gmt":"2023-01-18T23:37:07","guid":{"rendered":"https:\/\/radiorevelacionfm.cl\/?p=26786"},"modified":"2023-01-18T20:37:07","modified_gmt":"2023-01-18T23:37:07","slug":"junji-aysen-firma-convenio-con-jardin-bambin-gesu-por-cerca-de-216-millones-para-mejorar-infraestructura","status":"publish","type":"post","link":"https:\/\/radiorevelacionfm.cl\/?p=26786","title":{"rendered":"Junji Ays\u00e9n firma convenio con Jard\u00edn Bambin Ges\u00fa por cerca de 216 millones para mejorar infraestructura"},"content":{"rendered":"<div class=\"flex_column av_one_full  flex_column_div av-zero-column-padding first  avia-builder-el-0  el_before_av_one_full  avia-builder-el-first  \" style='border-radius:0px; '><div  class='avia-image-container  av-styling-    avia-builder-el-1  avia-builder-el-no-sibling  avia-align-center '  itemprop=\"image\" itemscope=\"itemscope\" itemtype=\"https:\/\/schema.org\/ImageObject\"  ><div class='avia-image-container-inner'><div class='avia-image-overlay-wrap'><img decoding=\"async\" class='wp-image-26788 avia-img-lazy-loading-not-26788 avia_image' src=\"https:\/\/radiorevelacionfm.cl\/wp-content\/uploads\/2023\/01\/322247465_1155767078444703_2703626734245063702_n-1_optimized.jpg\" alt='' title='322247465_1155767078444703_2703626734245063702_n-(1)_optimized' height=\"600\" width=\"834\"  itemprop=\"thumbnailUrl\" srcset=\"https:\/\/radiorevelacionfm.cl\/wp-content\/uploads\/2023\/01\/322247465_1155767078444703_2703626734245063702_n-1_optimized.jpg 834w, https:\/\/radiorevelacionfm.cl\/wp-content\/uploads\/2023\/01\/322247465_1155767078444703_2703626734245063702_n-1_optimized-300x216.jpg 300w, https:\/\/radiorevelacionfm.cl\/wp-content\/uploads\/2023\/01\/322247465_1155767078444703_2703626734245063702_n-1_optimized-768x553.jpg 768w, https:\/\/radiorevelacionfm.cl\/wp-content\/uploads\/2023\/01\/322247465_1155767078444703_2703626734245063702_n-1_optimized-705x507.jpg 705w, https:\/\/radiorevelacionfm.cl\/wp-content\/uploads\/2023\/01\/322247465_1155767078444703_2703626734245063702_n-1_optimized-600x432.jpg 600w\" sizes=\"(max-width: 834px) 100vw, 834px\" \/><\/div><\/div><\/div><\/div><div class=\"flex_column av_one_full  flex_column_div av-zero-column-padding first  avia-builder-el-2  el_after_av_one_full  el_before_av_one_full  column-top-margin\" style='border-radius:0px; '><section class=\"av_textblock_section \"  itemscope=\"itemscope\" itemtype=\"https:\/\/schema.org\/BlogPosting\" itemprop=\"blogPost\" ><div class='avia_textblock  '   itemprop=\"text\" ><p style=\"text-align: center;\"><strong><span style=\"font-size: 18pt;\">Junji Ays\u00e9n firma convenio con Jard\u00edn Bambin Ges\u00fa por cerca de 216 millones para mejorar infraestructura<\/span><\/strong><\/p>\n<div id=\"gtx-trans\" style=\"position: absolute; left: -50px; top: 4.31534px;\">\n<div class=\"gtx-trans-icon\"><\/div>\n<\/div>\n<\/div><\/section><\/div><div class=\"flex_column av_one_full  flex_column_div av-zero-column-padding first  avia-builder-el-4  el_after_av_one_full  el_before_av_hr  column-top-margin\" style='border-radius:0px; '><section class=\"av_textblock_section \"  itemscope=\"itemscope\" itemtype=\"https:\/\/schema.org\/BlogPosting\" itemprop=\"blogPost\" ><div class='avia_textblock  '   itemprop=\"text\" ><p style=\"text-align: justify;\">Siervas de Mar\u00eda Dolorosa es la congregaci\u00f3n religiosa sostenedora del Jard\u00edn Junji VTF (v\u00eda transferencia de fondos) y estas dos instituciones han firmado un convenio que permitir\u00e1 mejoras en la infraestructura del establecimiento.<span id=\"more-107975\"><\/span><\/p>\n<p style=\"text-align: justify;\">Mediante un convenio de transferencia de fondos se har\u00e1 reposici\u00f3n de la cubierta, conservaci\u00f3n de fachadas y patios, cierre perimetral, mejoras en calefacci\u00f3n, entre otros.<\/p>\n<p style=\"text-align: justify;\">\u201cFue muy grato trabajar con el equipo de la congregaci\u00f3n, son personas muy profesionales, dispuestas a entregar los insumos, y sacar adelante este relevante proyecto, lo importante es que como Junji estemos ac\u00e1 subsanando lo que est\u00e1 pendiente\u201d se\u00f1al\u00f3 Giovanna Aste, encargada regional del subtitulo 33.<\/p>\n<p style=\"text-align: justify;\">Jard\u00edn infantil Bambin Ges\u00fa de Puerto Ays\u00e9n, es una comunidad educativa que tiene una capacidad para 144 p\u00e1rvulos y cuenta con una matr\u00edcula completa.<\/p>\n<p style=\"text-align: justify;\">\u201cHemos trabajado para que este jard\u00edn tenga una mejor\u00eda, agradecemos y estamos contentos que esto se haga en bien de los ni\u00f1os, una mejor infraestructura. Son aspectos que estamos esperando con ganas, para que tenga una mejor presentaci\u00f3n, un mejor servicio para los ni\u00f1os, para los apoderados. Se agradece infinitamente todo\u201d Sor Augusta Pedrielli, madre Congregaci\u00f3n Siervas de Mar\u00eda Dolorosa, sostenedora Jard\u00edn Infantil Bambin Ges\u00fa.<\/p>\n<p style=\"text-align: justify;\">Este beneficio ser\u00e1 para ni\u00f1os y ni\u00f1as, as\u00ed como tambi\u00e9n familias y comunidad educativa. Para el director regional de Junji Ays\u00e9n, Sergio Herrera Hern\u00e1ndez, este es un hito importante: \u201cAgradecer sor Augusta, a Karina, y a todo el equipo y a las familias, porque la prioridad y su misi\u00f3n est\u00e1 relacionada con el trabajo de los ni\u00f1os y las ni\u00f1as. Para nosotros como Junji beneficiar a trav\u00e9s de un proyecto o de recursos econ\u00f3micos, el objetivo principal es que los ni\u00f1os se sientan a gusto, su bienestar superior pero tambi\u00e9n que los equipos de sientan a gusto en su espacio laboral\u201d.<\/p>\n<p style=\"text-align: justify;\">Quien tambi\u00e9n quiso agradecer esta gesti\u00f3n fue Karina Ch\u00e1vez, directora JI Bambin Ges\u00fa: \u201cQuiero agradecer a gesti\u00f3n del director regional, cuando \u00e9l nos invita a participar de este fondo del subt\u00edtulo 33, por abrirnos las puertas, la posibilidad, la oportunidad. Agradecer especialmente a Giovanna que siempre no ha apoyado much\u00edsimo en todo lo que tiene que ver con la presentaci\u00f3n del proyecto, agradecer a la madre tambi\u00e9n, que siempre est\u00e1 disponible para una nueva aventura\u201d.<\/p>\n<p style=\"text-align: justify;\">\u201cTodo nuestro cari\u00f1o, las familias que representamos aqu\u00ed, porque ha sido una gran bendici\u00f3n este Bambin este jard\u00edn, ha sido un trato maravilloso con el coraz\u00f3n, de verdad. Siempre hemos apoyado las t\u00edas, a la t\u00eda Karina, a la madre. Estamos muy feliz de estar representando a las dem\u00e1s familias con mucho amor\u201d Lizbeth Escudero, presidenta del centro de padres y madres Bambin Ges\u00fa.<\/p>\n<\/div><\/section><\/div><div  style='height:50px' class='hr hr-invisible   avia-builder-el-6  el_after_av_one_full  el_before_av_social_share '><span class='hr-inner ' ><span class='hr-inner-style'><\/span><\/span><\/div><\/p>\n<div  class='av-social-sharing-box  avia-builder-el-7  el_after_av_hr  el_before_av_hr  '><div class='av-share-box'><h5 class='av-share-link-description av-no-toc '>Compartir esta noticia<\/h5><ul class='av-share-box-list noLightbox'><li class='av-share-link av-social-link-facebook' ><a target=\"_blank\" aria-label=\"Compartir en Facebook\" href='https:\/\/www.facebook.com\/sharer.php?u=https:\/\/radiorevelacionfm.cl\/?p=26786&#038;t=Junji%20Ays%C3%A9n%20firma%20convenio%20con%20Jard%C3%ADn%20Bambin%20Ges%C3%BA%20por%20cerca%20de%20216%20millones%20para%20mejorar%20infraestructura' aria-hidden='false' data-av_icon='\ue8f3' data-av_iconfont='entypo-fontello' title='' data-avia-related-tooltip='Compartir en Facebook' rel=\"noopener\"><span class='avia_hidden_link_text'>Compartir en Facebook<\/span><\/a><\/li><li class='av-share-link av-social-link-twitter' ><a target=\"_blank\" aria-label=\"Compartir en Twitter\" href='https:\/\/twitter.com\/share?text=Junji%20Ays%C3%A9n%20firma%20convenio%20con%20Jard%C3%ADn%20Bambin%20Ges%C3%BA%20por%20cerca%20de%20216%20millones%20para%20mejorar%20infraestructura&#038;url=https:\/\/radiorevelacionfm.cl\/?p=26786' aria-hidden='false' data-av_icon='\ue8f1' data-av_iconfont='entypo-fontello' title='' data-avia-related-tooltip='Compartir en Twitter' rel=\"noopener\"><span class='avia_hidden_link_text'>Compartir en Twitter<\/span><\/a><\/li><li class='av-share-link av-social-link-whatsapp' ><a target=\"_blank\" aria-label=\"Compartir en Whatsapp\" href='https:\/\/api.whatsapp.com\/send?text=https:\/\/radiorevelacionfm.cl\/?p=26786' aria-hidden='false' data-av_icon='\uf232' data-av_iconfont='entypo-fontello' title='' data-avia-related-tooltip='Compartir en Whatsapp' rel=\"noopener\"><span class='avia_hidden_link_text'>Compartir en Whatsapp<\/span><\/a><\/li><li class='av-share-link av-social-link-linkedin' ><a target=\"_blank\" aria-label=\"Compartir en LinkedIn\" href='https:\/\/linkedin.com\/shareArticle?mini=true&#038;title=Junji%20Ays%C3%A9n%20firma%20convenio%20con%20Jard%C3%ADn%20Bambin%20Ges%C3%BA%20por%20cerca%20de%20216%20millones%20para%20mejorar%20infraestructura&#038;url=https:\/\/radiorevelacionfm.cl\/?p=26786' aria-hidden='false' data-av_icon='\ue8fc' data-av_iconfont='entypo-fontello' title='' data-avia-related-tooltip='Compartir en LinkedIn' rel=\"noopener\"><span class='avia_hidden_link_text'>Compartir en LinkedIn<\/span><\/a><\/li><li class='av-share-link av-social-link-mail' ><a  aria-label=\"Compartir por correo\" href='mailto:?subject=Junji%20Ays%C3%A9n%20firma%20convenio%20con%20Jard%C3%ADn%20Bambin%20Ges%C3%BA%20por%20cerca%20de%20216%20millones%20para%20mejorar%20infraestructura&#038;body=https:\/\/radiorevelacionfm.cl\/?p=26786' aria-hidden='false' data-av_icon='\ue805' data-av_iconfont='entypo-fontello' title='' data-avia-related-tooltip='Compartir por correo'><span class='avia_hidden_link_text'>Compartir por correo<\/span><\/a><\/li><\/ul><\/div><\/div>\n<div  style='height:50px' class='hr hr-invisible   avia-builder-el-8  el_after_av_social_share  el_before_av_comments_list '><span class='hr-inner ' ><span class='hr-inner-style'><\/span><\/span><\/div>\n<div  class='av-buildercomment  av-blog-meta-html-info-disabled av-blog-meta-tag-disabled  '><\/div>\n","protected":false},"excerpt":{"rendered":"","protected":false},"author":1,"featured_media":26788,"comment_status":"open","ping_status":"open","sticky":false,"template":"","format":"standard","meta":{"footnotes":""},"categories":[49],"tags":[],"class_list":["post-26786","post","type-post","status-publish","format-standard","has-post-thumbnail","hentry","category-educacion"],"jetpack_featured_media_url":"https:\/\/radiorevelacionfm.cl\/wp-content\/uploads\/2023\/01\/322247465_1155767078444703_2703626734245063702_n-1_optimized.jpg","_links":{"self":[{"href":"https:\/\/radiorevelacionfm.cl\/index.php?rest_route=\/wp\/v2\/posts\/26786","targetHints":{"allow":["GET"]}}],"collection":[{"href":"https:\/\/radiorevelacionfm.cl\/index.php?rest_route=\/wp\/v2\/posts"}],"about":[{"href":"https:\/\/radiorevelacionfm.cl\/index.php?rest_route=\/wp\/v2\/types\/post"}],"author":[{"embeddable":true,"href":"https:\/\/radiorevelacionfm.cl\/index.php?rest_route=\/wp\/v2\/users\/1"}],"replies":[{"embeddable":true,"href":"https:\/\/radiorevelacionfm.cl\/index.php?rest_route=%2Fwp%2Fv2%2Fcomments&post=26786"}],"version-history":[{"count":2,"href":"https:\/\/radiorevelacionfm.cl\/index.php?rest_route=\/wp\/v2\/posts\/26786\/revisions"}],"predecessor-version":[{"id":26790,"href":"https:\/\/radiorevelacionfm.cl\/index.php?rest_route=\/wp\/v2\/posts\/26786\/revisions\/26790"}],"wp:featuredmedia":[{"embeddable":true,"href":"https:\/\/radiorevelacionfm.cl\/index.php?rest_route=\/wp\/v2\/media\/26788"}],"wp:attachment":[{"href":"https:\/\/radiorevelacionfm.cl\/index.php?rest_route=%2Fwp%2Fv2%2Fmedia&parent=26786"}],"wp:term":[{"taxonomy":"category","embeddable":true,"href":"https:\/\/radiorevelacionfm.cl\/index.php?rest_route=%2Fwp%2Fv2%2Fcategories&post=26786"},{"taxonomy":"post_tag","embeddable":true,"href":"https:\/\/radiorevelacionfm.cl\/index.php?rest_route=%2Fwp%2Fv2%2Ftags&post=26786"}],"curies":[{"name":"wp","href":"https:\/\/api.w.org\/{rel}","templated":true}]}}