{"id":26781,"date":"2023-01-18T18:18:10","date_gmt":"2023-01-18T21:18:10","guid":{"rendered":"https:\/\/radiorevelacionfm.cl\/?p=26781"},"modified":"2023-01-18T18:18:10","modified_gmt":"2023-01-18T21:18:10","slug":"exito-total-mas-de-1-700-personas-postularon-al-primer-fondo-de-reactivacion-economica-del-gobierno-regional-de-aysen","status":"publish","type":"post","link":"https:\/\/radiorevelacionfm.cl\/?p=26781","title":{"rendered":"\u00c9xito total: M\u00e1s de 1.700 personas postularon al primer fondo de reactivaci\u00f3n econ\u00f3mica del Gobierno Regional de Ays\u00e9n"},"content":{"rendered":"<div class=\"flex_column av_one_full  flex_column_div av-zero-column-padding first  avia-builder-el-0  el_before_av_one_full  avia-builder-el-first  \" style='border-radius:0px; '><div  class='avia-image-container  av-styling-    avia-builder-el-1  avia-builder-el-no-sibling  avia-align-center '  itemprop=\"image\" itemscope=\"itemscope\" itemtype=\"https:\/\/schema.org\/ImageObject\"  ><div class='avia-image-container-inner'><div class='avia-image-overlay-wrap'><img decoding=\"async\" class='wp-image-26782 avia-img-lazy-loading-not-26782 avia_image' src=\"https:\/\/radiorevelacionfm.cl\/wp-content\/uploads\/2023\/01\/5-30-1_optimized.jpeg\" alt='' title='5-(30)-(1)_optimized' height=\"600\" width=\"800\"  itemprop=\"thumbnailUrl\" srcset=\"https:\/\/radiorevelacionfm.cl\/wp-content\/uploads\/2023\/01\/5-30-1_optimized.jpeg 800w, https:\/\/radiorevelacionfm.cl\/wp-content\/uploads\/2023\/01\/5-30-1_optimized-300x225.jpeg 300w, https:\/\/radiorevelacionfm.cl\/wp-content\/uploads\/2023\/01\/5-30-1_optimized-768x576.jpeg 768w, https:\/\/radiorevelacionfm.cl\/wp-content\/uploads\/2023\/01\/5-30-1_optimized-705x529.jpeg 705w, https:\/\/radiorevelacionfm.cl\/wp-content\/uploads\/2023\/01\/5-30-1_optimized-600x450.jpeg 600w\" sizes=\"(max-width: 800px) 100vw, 800px\" \/><\/div><\/div><\/div><\/div><div class=\"flex_column av_one_full  flex_column_div av-zero-column-padding first  avia-builder-el-2  el_after_av_one_full  el_before_av_one_full  column-top-margin\" style='border-radius:0px; '><section class=\"av_textblock_section \"  itemscope=\"itemscope\" itemtype=\"https:\/\/schema.org\/BlogPosting\" itemprop=\"blogPost\" ><div class='avia_textblock  '   itemprop=\"text\" ><p style=\"text-align: center;\"><strong><span style=\"font-size: 18pt;\">\u00c9xito total: M\u00e1s de 1.700 personas postularon al primer fondo de reactivaci\u00f3n econ\u00f3mica del Gobierno Regional de Ays\u00e9n<\/span><\/strong><\/p>\n<div id=\"gtx-trans\" style=\"position: absolute; left: -50px; top: 4.31534px;\">\n<div class=\"gtx-trans-icon\"><\/div>\n<\/div>\n<\/div><\/section><\/div><div class=\"flex_column av_one_full  flex_column_div av-zero-column-padding first  avia-builder-el-4  el_after_av_one_full  el_before_av_hr  column-top-margin\" style='border-radius:0px; '><section class=\"av_textblock_section \"  itemscope=\"itemscope\" itemtype=\"https:\/\/schema.org\/BlogPosting\" itemprop=\"blogPost\" ><div class='avia_textblock  '   itemprop=\"text\" ><p dir=\"ltr\" style=\"text-align: justify;\">El viernes 13 de enero finaliz\u00f3 el plazo para postular a \u00abFortalece MIPE Ays\u00e9n\u00bb, el primero de los fondos concursables del programa de reactivaci\u00f3n econ\u00f3mica del Gobierno Regional, Fortalece y Reactiva, destinado a micro y peque\u00f1os emprendedores y emprendedoras a lo largo de todo el territorio. Si bien, desde la instituci\u00f3n esperaban alrededor de mil postulaciones, la convocatoria super\u00f3 con creces esta cifra, llegando a un total de 1.736 personas que inscribieron sus emprendimientos.<\/p>\n<p dir=\"ltr\" style=\"text-align: justify;\">El programa \u00abFortalece y Reactiva\u00bb operar\u00e1 durante 2023 con diversos fondos concursables orientados a la micro y peque\u00f1a empresa, con un componente regional distinto a los instrumentos de financiamiento del Estado, y focalizado, para otorgar un mayor apoyo a personas que vivan en la ruralidad, a gente perteneciente a pueblos originarios y a las mujeres. Esto \u00faltimo, buscando la equidad en el escenario actual, debido a que, seg\u00fan el 21\u00b0 Informe de G\u00e9nero en el Sistema Financiero, generado por la Comisi\u00f3n para el Mercado Financiero, el monto total de cr\u00e9dito bancario vigente para las mujeres es 39 puntos inferior al entregado a los hombres, aun cuando su deuda promedio se ubica 43 puntos por debajo de la del sexo opuesto. Es decir, son mejores pagadoras y la banca les presta menos.<\/p>\n<p dir=\"ltr\" style=\"text-align: justify;\">\u00abDesde el Gobierno Regional de Ays\u00e9n y su Consejo estamos muy contentos por el \u00e9xito obtenido en la primera l\u00ednea de postulaci\u00f3n del programa Fortalece y Reactiva (&#8230;) de toda la regi\u00f3n, fueron m\u00e1s de 1.700 los micro y peque\u00f1os empresarios y empresarias que postularon a este fondo. Acabamos de iniciar el proceso de evaluaci\u00f3n y esperamos poder llegar con estos recursos a la mayor cantidad de unidades productivas, porque entendemos que el aporte en dinero efectivo para reactivar econ\u00f3micamente nuestra regi\u00f3n es fundamental\u00bb, sostuvo la Gobernadora Regional, Andrea Mac\u00edas Palma.<\/p>\n<p dir=\"ltr\" style=\"text-align: justify;\">El monto que se entregar\u00e1 a los emprendimientos seleccionados, que deb\u00edan estar formalizados para postular a este primer fondo, ser\u00e1 entre $1.500.000 y $7.000.0000, seg\u00fan los criterios de focalizaci\u00f3n antes mencionados y el tama\u00f1o de la empresa. Este financiamiento se podr\u00e1 invertir en activos fijos, capital de trabajo, asistencia t\u00e9cnica para la actualizaci\u00f3n de modelo de negocio y aumento de su competitividad, teniendo en consideraci\u00f3n el bienestar familiar y la sustentabilidad ambiental del negocio.<\/p>\n<p dir=\"ltr\" style=\"text-align: justify;\">\u00abPara la Gobernadora, resulta fundamental apoyar a los emprendimientos de las diversas comunas de la regi\u00f3n, y especialmente a aquellas empresas que no han recibido apoyos en a\u00f1os anteriores, que presentan mayores dificultades para acceder a fondos p\u00fablicos o privados, como es el caso de negocios ubicados fuera de las ciudades principales, pero tambi\u00e9n en las empresas dirigidas por mujeres\u00bb, remarc\u00f3 la jefa de la Divisi\u00f3n de Fomento e Industria del Gobierno Regional, Yessica Lagos.<\/p>\n<p dir=\"ltr\" style=\"text-align: justify;\">Esta iniciativa se enmarca en una alianza entre el Gobierno Regional de Ays\u00e9n y La Fundaci\u00f3n de Desarrollo Educacional y Tecnol\u00f3gico La Araucan\u00eda (FUDEA), organizaci\u00f3n que apoya en la difusi\u00f3n de la informaci\u00f3n, recepci\u00f3n y ayuda a postulantes y a procesar las solicitudes. FUDEA cuenta con oficinas en las cuatro provincias de la regi\u00f3n, las que quedar\u00e1n funcionando para orientar no s\u00f3lo a interesados e interesadas en el proceso del programa \u00abFortalece MIPE Ays\u00e9n\u00bb, sino tambi\u00e9n para informar sobre el resto de los fondos concursables que se lanzar\u00e1n durante este a\u00f1o.<\/p>\n<\/div><\/section><\/div><div  style='height:50px' class='hr hr-invisible   avia-builder-el-6  el_after_av_one_full  el_before_av_social_share '><span class='hr-inner ' ><span class='hr-inner-style'><\/span><\/span><\/div><\/p>\n<div  class='av-social-sharing-box  avia-builder-el-7  el_after_av_hr  el_before_av_hr  '><div class='av-share-box'><h5 class='av-share-link-description av-no-toc '>Compartir esta noticia<\/h5><ul class='av-share-box-list noLightbox'><li class='av-share-link av-social-link-facebook' ><a target=\"_blank\" aria-label=\"Compartir en Facebook\" href='https:\/\/www.facebook.com\/sharer.php?u=https:\/\/radiorevelacionfm.cl\/?p=26781&#038;t=%C3%89xito%20total%3A%20M%C3%A1s%20de%201.700%20personas%20postularon%20al%20primer%20fondo%20de%20reactivaci%C3%B3n%20econ%C3%B3mica%20del%20Gobierno%20Regional%20de%20Ays%C3%A9n' aria-hidden='false' data-av_icon='\ue8f3' data-av_iconfont='entypo-fontello' title='' data-avia-related-tooltip='Compartir en Facebook' rel=\"noopener\"><span class='avia_hidden_link_text'>Compartir en Facebook<\/span><\/a><\/li><li class='av-share-link av-social-link-twitter' ><a target=\"_blank\" aria-label=\"Compartir en Twitter\" href='https:\/\/twitter.com\/share?text=%C3%89xito%20total%3A%20M%C3%A1s%20de%201.700%20personas%20postularon%20al%20primer%20fondo%20de%20reactivaci%C3%B3n%20econ%C3%B3mica%20del%20Gobierno%20Regional%20de%20Ays%C3%A9n&#038;url=https:\/\/radiorevelacionfm.cl\/?p=26781' aria-hidden='false' data-av_icon='\ue8f1' data-av_iconfont='entypo-fontello' title='' data-avia-related-tooltip='Compartir en Twitter' rel=\"noopener\"><span class='avia_hidden_link_text'>Compartir en Twitter<\/span><\/a><\/li><li class='av-share-link av-social-link-whatsapp' ><a target=\"_blank\" aria-label=\"Compartir en Whatsapp\" href='https:\/\/api.whatsapp.com\/send?text=https:\/\/radiorevelacionfm.cl\/?p=26781' aria-hidden='false' data-av_icon='\uf232' data-av_iconfont='entypo-fontello' title='' data-avia-related-tooltip='Compartir en Whatsapp' rel=\"noopener\"><span class='avia_hidden_link_text'>Compartir en Whatsapp<\/span><\/a><\/li><li class='av-share-link av-social-link-linkedin' ><a target=\"_blank\" aria-label=\"Compartir en LinkedIn\" href='https:\/\/linkedin.com\/shareArticle?mini=true&#038;title=%C3%89xito%20total%3A%20M%C3%A1s%20de%201.700%20personas%20postularon%20al%20primer%20fondo%20de%20reactivaci%C3%B3n%20econ%C3%B3mica%20del%20Gobierno%20Regional%20de%20Ays%C3%A9n&#038;url=https:\/\/radiorevelacionfm.cl\/?p=26781' aria-hidden='false' data-av_icon='\ue8fc' data-av_iconfont='entypo-fontello' title='' data-avia-related-tooltip='Compartir en LinkedIn' rel=\"noopener\"><span class='avia_hidden_link_text'>Compartir en LinkedIn<\/span><\/a><\/li><li class='av-share-link av-social-link-mail' ><a  aria-label=\"Compartir por correo\" href='mailto:?subject=%C3%89xito%20total%3A%20M%C3%A1s%20de%201.700%20personas%20postularon%20al%20primer%20fondo%20de%20reactivaci%C3%B3n%20econ%C3%B3mica%20del%20Gobierno%20Regional%20de%20Ays%C3%A9n&#038;body=https:\/\/radiorevelacionfm.cl\/?p=26781' aria-hidden='false' data-av_icon='\ue805' data-av_iconfont='entypo-fontello' title='' data-avia-related-tooltip='Compartir por correo'><span class='avia_hidden_link_text'>Compartir por correo<\/span><\/a><\/li><\/ul><\/div><\/div>\n<div  style='height:50px' class='hr hr-invisible   avia-builder-el-8  el_after_av_social_share  el_before_av_comments_list '><span class='hr-inner ' ><span class='hr-inner-style'><\/span><\/span><\/div>\n<div  class='av-buildercomment  av-blog-meta-html-info-disabled av-blog-meta-tag-disabled  '><\/div>\n","protected":false},"excerpt":{"rendered":"","protected":false},"author":1,"featured_media":26782,"comment_status":"open","ping_status":"open","sticky":false,"template":"","format":"standard","meta":{"footnotes":""},"categories":[38],"tags":[],"class_list":["post-26781","post","type-post","status-publish","format-standard","has-post-thumbnail","hentry","category-regional"],"jetpack_featured_media_url":"https:\/\/radiorevelacionfm.cl\/wp-content\/uploads\/2023\/01\/5-30-1_optimized.jpeg","_links":{"self":[{"href":"https:\/\/radiorevelacionfm.cl\/index.php?rest_route=\/wp\/v2\/posts\/26781","targetHints":{"allow":["GET"]}}],"collection":[{"href":"https:\/\/radiorevelacionfm.cl\/index.php?rest_route=\/wp\/v2\/posts"}],"about":[{"href":"https:\/\/radiorevelacionfm.cl\/index.php?rest_route=\/wp\/v2\/types\/post"}],"author":[{"embeddable":true,"href":"https:\/\/radiorevelacionfm.cl\/index.php?rest_route=\/wp\/v2\/users\/1"}],"replies":[{"embeddable":true,"href":"https:\/\/radiorevelacionfm.cl\/index.php?rest_route=%2Fwp%2Fv2%2Fcomments&post=26781"}],"version-history":[{"count":2,"href":"https:\/\/radiorevelacionfm.cl\/index.php?rest_route=\/wp\/v2\/posts\/26781\/revisions"}],"predecessor-version":[{"id":26785,"href":"https:\/\/radiorevelacionfm.cl\/index.php?rest_route=\/wp\/v2\/posts\/26781\/revisions\/26785"}],"wp:featuredmedia":[{"embeddable":true,"href":"https:\/\/radiorevelacionfm.cl\/index.php?rest_route=\/wp\/v2\/media\/26782"}],"wp:attachment":[{"href":"https:\/\/radiorevelacionfm.cl\/index.php?rest_route=%2Fwp%2Fv2%2Fmedia&parent=26781"}],"wp:term":[{"taxonomy":"category","embeddable":true,"href":"https:\/\/radiorevelacionfm.cl\/index.php?rest_route=%2Fwp%2Fv2%2Fcategories&post=26781"},{"taxonomy":"post_tag","embeddable":true,"href":"https:\/\/radiorevelacionfm.cl\/index.php?rest_route=%2Fwp%2Fv2%2Ftags&post=26781"}],"curies":[{"name":"wp","href":"https:\/\/api.w.org\/{rel}","templated":true}]}}