{"id":26774,"date":"2023-01-18T15:59:18","date_gmt":"2023-01-18T18:59:18","guid":{"rendered":"https:\/\/radiorevelacionfm.cl\/?p=26774"},"modified":"2023-01-18T15:59:18","modified_gmt":"2023-01-18T18:59:18","slug":"vocera-de-gobierno-sostuvo-encuentro-con-dirigentes-sociales-de-coyhaique","status":"publish","type":"post","link":"https:\/\/radiorevelacionfm.cl\/?p=26774","title":{"rendered":"Vocera de Gobierno sostuvo encuentro con dirigentes sociales de Coyhaique"},"content":{"rendered":"<div class=\"flex_column av_one_full  flex_column_div av-zero-column-padding first  avia-builder-el-0  el_before_av_one_full  avia-builder-el-first  \" style='border-radius:0px; '><div  class='avia-image-container  av-styling-    avia-builder-el-1  avia-builder-el-no-sibling  avia-align-center '  itemprop=\"image\" itemscope=\"itemscope\" itemtype=\"https:\/\/schema.org\/ImageObject\"  ><div class='avia-image-container-inner'><div class='avia-image-overlay-wrap'><img decoding=\"async\" class='wp-image-26775 avia-img-lazy-loading-not-26775 avia_image' src=\"https:\/\/radiorevelacionfm.cl\/wp-content\/uploads\/2023\/01\/foto-4-4-1_optimized.jpeg\" alt='' title='foto-4-(4)-(1)_optimized' height=\"600\" width=\"800\"  itemprop=\"thumbnailUrl\" srcset=\"https:\/\/radiorevelacionfm.cl\/wp-content\/uploads\/2023\/01\/foto-4-4-1_optimized.jpeg 800w, https:\/\/radiorevelacionfm.cl\/wp-content\/uploads\/2023\/01\/foto-4-4-1_optimized-300x225.jpeg 300w, https:\/\/radiorevelacionfm.cl\/wp-content\/uploads\/2023\/01\/foto-4-4-1_optimized-768x576.jpeg 768w, https:\/\/radiorevelacionfm.cl\/wp-content\/uploads\/2023\/01\/foto-4-4-1_optimized-705x529.jpeg 705w, https:\/\/radiorevelacionfm.cl\/wp-content\/uploads\/2023\/01\/foto-4-4-1_optimized-600x450.jpeg 600w\" sizes=\"(max-width: 800px) 100vw, 800px\" \/><\/div><\/div><\/div><\/div><div class=\"flex_column av_one_full  flex_column_div av-zero-column-padding first  avia-builder-el-2  el_after_av_one_full  el_before_av_one_full  column-top-margin\" style='border-radius:0px; '><section class=\"av_textblock_section \"  itemscope=\"itemscope\" itemtype=\"https:\/\/schema.org\/BlogPosting\" itemprop=\"blogPost\" ><div class='avia_textblock  '   itemprop=\"text\" ><p style=\"text-align: center;\"><strong><span style=\"font-size: 18pt;\">Vocera de Gobierno sostuvo encuentro con dirigentes sociales de Coyhaique <\/span><\/strong><\/p>\n<div id=\"gtx-trans\" style=\"position: absolute; left: -50px; top: 4.31534px;\">\n<div class=\"gtx-trans-icon\"><\/div>\n<\/div>\n<\/div><\/section><\/div><div class=\"flex_column av_one_full  flex_column_div av-zero-column-padding first  avia-builder-el-4  el_after_av_one_full  el_before_av_hr  column-top-margin\" style='border-radius:0px; '><section class=\"av_textblock_section \"  itemscope=\"itemscope\" itemtype=\"https:\/\/schema.org\/BlogPosting\" itemprop=\"blogPost\" ><div class='avia_textblock  '   itemprop=\"text\" ><div>\n<p class=\"v1MsoNormal\" style=\"text-align: justify;\">La Seremi Tatiana Pl\u00e1 \u00c1lvarez, se reuni\u00f3 este martes con dirigentes de diferentes Juntas de Vecinos de Coyhaique, para conocer sus inquietudes y adem\u00e1s explicarles los detalles las m\u00e1s de 200 medidas concretas que ha impulsado el Gobierno del presidente Gabriel Boric, destinadas generar soluciones que den tranquilidad y alivio a las familias del pa\u00eds y la regi\u00f3n de Ays\u00e9n, entregando seguridad econ\u00f3mica, social y ciudadana.<\/p>\n<p class=\"v1MsoNormal\" style=\"text-align: justify;\">En ese sentido, durante el encuentro la portavoz agradeci\u00f3 a los dirigentes y dirigentas por su compromiso y el trabajo realizado el a\u00f1o pasado, y los inst\u00f3 a postular al Fondo de Fortalecimiento a\u00f1o 2023.<\/p>\n<p class=\"v1MsoNormal\" style=\"text-align: justify;\">Del mismo modo, relev\u00f3 las siete medidas para la Seguridad Econ\u00f3mica de las familias presentadas por el Presidente Gabriel Boric -que deber\u00e1n ser respaldadas por el Congreso-, entre las que se encuentran el aumento al doble del Bono Marzo durante este a\u00f1o, la creaci\u00f3n de un Bolsillo Familiar Electr\u00f3nico (que es\u00a0 una transferencia de 13.500 pesos mensuales por carga a la Cuenta Rut para la compra de alimentos), el aumento y ampliaci\u00f3n del Subsidio \u00danico Familiar y la Asignaci\u00f3n Familiar.<\/p>\n<p class=\"v1MsoNormal\" style=\"text-align: justify;\">\u00abPara nuestra Secretar\u00eda Regional Ministerial los dirigentes sociales siempre han sido muy importantes, porque son el nexo entre el Gobierno y la comunidad. Por eso quisimos reunirnos hoy en una instancia m\u00e1s distendida donde pudimos intercambiar puntos de vista, dialogar y escuchar lo que tienen que decirnos\u00bb, indic\u00f3 la vocera.<\/p>\n<p class=\"v1MsoNormal\" style=\"text-align: justify;\">\u00abComo gobierno estamos trabajando para generar soluciones que ayuden a los jefes y jefas de hogar y por eso es que durante la reuni\u00f3n de hoy conversamos de las siete medidas, que es la ayuda m\u00e1s reciente, pero adem\u00e1s revisamos las otras ayudas que implementamos el a\u00f1o pasado, como el Copago Cero, que permiti\u00f3 la gratuidad total en la red de salud p\u00fablica, el mayor reajuste del sueldo m\u00ednimo en 25 a\u00f1os, presentamos el Registro Nacional de Deudores y la Ley de Pago Efectivo de Pensi\u00f3n de Alimentos, reactivamos el proyecto 40 Horas, y dimos a conocer el Plan contra el Crimen Organizado, entre muchas otras medidas\u00bb, agreg\u00f3.<\/p>\n<p class=\"v1MsoNormal\" style=\"text-align: justify;\">Al t\u00e9rmino de la actividad, Silvia Cepeda, secretaria de la Junta de Vecinos Almirante Simpson, valor\u00f3 la instancia de acercamiento con la autoridad, indicando que \u00abMe voy muy contenta. Esta es la primera vez que participo en una reuni\u00f3n as\u00ed, y me pareci\u00f3 algo muy interesante, y es que te vas con demasiada informaci\u00f3n que sirve para transmitirla a las personas que se acercan a tu junta de vecinos, porque estos son beneficios que est\u00e1n al alcance de todas las personas pero que muchas veces se desconocen, pero ahora que tengo esta informaci\u00f3n voy a poder compartirla y ayudar a nuestros asociados \u00ab, remat\u00f3.<\/p>\n<\/div>\n<div style=\"text-align: justify;\"><\/div>\n<div style=\"text-align: justify;\"><\/div>\n<\/div><\/section><\/div><div  style='height:50px' class='hr hr-invisible   avia-builder-el-6  el_after_av_one_full  el_before_av_social_share '><span class='hr-inner ' ><span class='hr-inner-style'><\/span><\/span><\/div><\/p>\n<div  class='av-social-sharing-box  avia-builder-el-7  el_after_av_hr  el_before_av_hr  '><div class='av-share-box'><h5 class='av-share-link-description av-no-toc '>Compartir esta noticia<\/h5><ul class='av-share-box-list noLightbox'><li class='av-share-link av-social-link-facebook' ><a target=\"_blank\" aria-label=\"Compartir en Facebook\" href='https:\/\/www.facebook.com\/sharer.php?u=https:\/\/radiorevelacionfm.cl\/?p=26774&#038;t=Vocera%20de%20Gobierno%20sostuvo%20encuentro%20con%20dirigentes%20sociales%20de%20Coyhaique' aria-hidden='false' data-av_icon='\ue8f3' data-av_iconfont='entypo-fontello' title='' data-avia-related-tooltip='Compartir en Facebook' rel=\"noopener\"><span class='avia_hidden_link_text'>Compartir en Facebook<\/span><\/a><\/li><li class='av-share-link av-social-link-twitter' ><a target=\"_blank\" aria-label=\"Compartir en Twitter\" href='https:\/\/twitter.com\/share?text=Vocera%20de%20Gobierno%20sostuvo%20encuentro%20con%20dirigentes%20sociales%20de%20Coyhaique&#038;url=https:\/\/radiorevelacionfm.cl\/?p=26774' aria-hidden='false' data-av_icon='\ue8f1' data-av_iconfont='entypo-fontello' title='' data-avia-related-tooltip='Compartir en Twitter' rel=\"noopener\"><span class='avia_hidden_link_text'>Compartir en Twitter<\/span><\/a><\/li><li class='av-share-link av-social-link-whatsapp' ><a target=\"_blank\" aria-label=\"Compartir en Whatsapp\" href='https:\/\/api.whatsapp.com\/send?text=https:\/\/radiorevelacionfm.cl\/?p=26774' aria-hidden='false' data-av_icon='\uf232' data-av_iconfont='entypo-fontello' title='' data-avia-related-tooltip='Compartir en Whatsapp' rel=\"noopener\"><span class='avia_hidden_link_text'>Compartir en Whatsapp<\/span><\/a><\/li><li class='av-share-link av-social-link-linkedin' ><a target=\"_blank\" aria-label=\"Compartir en LinkedIn\" href='https:\/\/linkedin.com\/shareArticle?mini=true&#038;title=Vocera%20de%20Gobierno%20sostuvo%20encuentro%20con%20dirigentes%20sociales%20de%20Coyhaique&#038;url=https:\/\/radiorevelacionfm.cl\/?p=26774' aria-hidden='false' data-av_icon='\ue8fc' data-av_iconfont='entypo-fontello' title='' data-avia-related-tooltip='Compartir en LinkedIn' rel=\"noopener\"><span class='avia_hidden_link_text'>Compartir en LinkedIn<\/span><\/a><\/li><li class='av-share-link av-social-link-mail' ><a  aria-label=\"Compartir por correo\" href='mailto:?subject=Vocera%20de%20Gobierno%20sostuvo%20encuentro%20con%20dirigentes%20sociales%20de%20Coyhaique&#038;body=https:\/\/radiorevelacionfm.cl\/?p=26774' aria-hidden='false' data-av_icon='\ue805' data-av_iconfont='entypo-fontello' title='' data-avia-related-tooltip='Compartir por correo'><span class='avia_hidden_link_text'>Compartir por correo<\/span><\/a><\/li><\/ul><\/div><\/div>\n<div  style='height:50px' class='hr hr-invisible   avia-builder-el-8  el_after_av_social_share  el_before_av_comments_list '><span class='hr-inner ' ><span class='hr-inner-style'><\/span><\/span><\/div>\n<div  class='av-buildercomment  av-blog-meta-html-info-disabled av-blog-meta-tag-disabled  '><\/div>\n","protected":false},"excerpt":{"rendered":"","protected":false},"author":1,"featured_media":26775,"comment_status":"open","ping_status":"open","sticky":false,"template":"","format":"standard","meta":{"footnotes":""},"categories":[38],"tags":[],"class_list":["post-26774","post","type-post","status-publish","format-standard","has-post-thumbnail","hentry","category-regional"],"jetpack_featured_media_url":"https:\/\/radiorevelacionfm.cl\/wp-content\/uploads\/2023\/01\/foto-4-4-1_optimized.jpeg","_links":{"self":[{"href":"https:\/\/radiorevelacionfm.cl\/index.php?rest_route=\/wp\/v2\/posts\/26774","targetHints":{"allow":["GET"]}}],"collection":[{"href":"https:\/\/radiorevelacionfm.cl\/index.php?rest_route=\/wp\/v2\/posts"}],"about":[{"href":"https:\/\/radiorevelacionfm.cl\/index.php?rest_route=\/wp\/v2\/types\/post"}],"author":[{"embeddable":true,"href":"https:\/\/radiorevelacionfm.cl\/index.php?rest_route=\/wp\/v2\/users\/1"}],"replies":[{"embeddable":true,"href":"https:\/\/radiorevelacionfm.cl\/index.php?rest_route=%2Fwp%2Fv2%2Fcomments&post=26774"}],"version-history":[{"count":2,"href":"https:\/\/radiorevelacionfm.cl\/index.php?rest_route=\/wp\/v2\/posts\/26774\/revisions"}],"predecessor-version":[{"id":26778,"href":"https:\/\/radiorevelacionfm.cl\/index.php?rest_route=\/wp\/v2\/posts\/26774\/revisions\/26778"}],"wp:featuredmedia":[{"embeddable":true,"href":"https:\/\/radiorevelacionfm.cl\/index.php?rest_route=\/wp\/v2\/media\/26775"}],"wp:attachment":[{"href":"https:\/\/radiorevelacionfm.cl\/index.php?rest_route=%2Fwp%2Fv2%2Fmedia&parent=26774"}],"wp:term":[{"taxonomy":"category","embeddable":true,"href":"https:\/\/radiorevelacionfm.cl\/index.php?rest_route=%2Fwp%2Fv2%2Fcategories&post=26774"},{"taxonomy":"post_tag","embeddable":true,"href":"https:\/\/radiorevelacionfm.cl\/index.php?rest_route=%2Fwp%2Fv2%2Ftags&post=26774"}],"curies":[{"name":"wp","href":"https:\/\/api.w.org\/{rel}","templated":true}]}}