{"id":26771,"date":"2023-01-18T17:00:36","date_gmt":"2023-01-18T20:00:36","guid":{"rendered":"https:\/\/radiorevelacionfm.cl\/?p=26771"},"modified":"2023-01-18T17:00:36","modified_gmt":"2023-01-18T20:00:36","slug":"en-puerto-aysen-redoblan-los-patrullajes-nocturnos-preventivos-para-entregar-mayor-seguridad","status":"publish","type":"post","link":"https:\/\/radiorevelacionfm.cl\/?p=26771","title":{"rendered":"En Puerto Ays\u00e9n redoblan los patrullajes nocturnos preventivos para entregar mayor seguridad"},"content":{"rendered":"<div class=\"flex_column av_one_full  flex_column_div av-zero-column-padding first  avia-builder-el-0  el_before_av_one_full  avia-builder-el-first  \" style='border-radius:0px; '><div  class='avia-image-container  av-styling-    avia-builder-el-1  avia-builder-el-no-sibling  avia-align-center '  itemprop=\"image\" itemscope=\"itemscope\" itemtype=\"https:\/\/schema.org\/ImageObject\"  ><div class='avia-image-container-inner'><div class='avia-image-overlay-wrap'><img decoding=\"async\" class='wp-image-26772 avia-img-lazy-loading-not-26772 avia_image' src=\"https:\/\/radiorevelacionfm.cl\/wp-content\/uploads\/2023\/01\/Fotografia-3-3-1.jpg\" alt='' title='Fotograf\u00eda (3) (3) (1)' height=\"600\" width=\"1064\"  itemprop=\"thumbnailUrl\" srcset=\"https:\/\/radiorevelacionfm.cl\/wp-content\/uploads\/2023\/01\/Fotografia-3-3-1.jpg 1064w, https:\/\/radiorevelacionfm.cl\/wp-content\/uploads\/2023\/01\/Fotografia-3-3-1-300x169.jpg 300w, https:\/\/radiorevelacionfm.cl\/wp-content\/uploads\/2023\/01\/Fotografia-3-3-1-1030x581.jpg 1030w, https:\/\/radiorevelacionfm.cl\/wp-content\/uploads\/2023\/01\/Fotografia-3-3-1-768x433.jpg 768w, https:\/\/radiorevelacionfm.cl\/wp-content\/uploads\/2023\/01\/Fotografia-3-3-1-705x398.jpg 705w, https:\/\/radiorevelacionfm.cl\/wp-content\/uploads\/2023\/01\/Fotografia-3-3-1-600x338.jpg 600w\" sizes=\"(max-width: 1064px) 100vw, 1064px\" \/><\/div><\/div><\/div><\/div>\n<div class=\"flex_column av_one_full  flex_column_div av-zero-column-padding first  avia-builder-el-2  el_after_av_one_full  el_before_av_one_full  column-top-margin\" style='border-radius:0px; '><section class=\"av_textblock_section \"  itemscope=\"itemscope\" itemtype=\"https:\/\/schema.org\/BlogPosting\" itemprop=\"blogPost\" ><div class='avia_textblock  '   itemprop=\"text\" ><p style=\"text-align: center;\"><strong><span style=\"font-size: 18pt;\">En Puerto Ays\u00e9n redoblan los patrullajes nocturnos preventivos para entregar mayor seguridad<\/span><\/strong><\/p>\n<div id=\"gtx-trans\" style=\"position: absolute; left: -50px; top: 4.31534px;\">\n<div class=\"gtx-trans-icon\"><\/div>\n<\/div>\n<\/div><\/section><\/div><div class=\"flex_column av_one_full  flex_column_div av-zero-column-padding first  avia-builder-el-4  el_after_av_one_full  el_before_av_hr  column-top-margin\" style='border-radius:0px; '><section class=\"av_textblock_section \"  itemscope=\"itemscope\" itemtype=\"https:\/\/schema.org\/BlogPosting\" itemprop=\"blogPost\" ><div class='avia_textblock  '   itemprop=\"text\" ><p style=\"text-align: justify;\">El director de Seguridad P\u00fablica de la Municipalidad de Ays\u00e9n, Marco Co\u00f1uecar, se refiri\u00f3 a las medidas que se est\u00e1n tomando desde la instituci\u00f3n para entregar m\u00e1s seguridad a los ayseninos, haciendo especial enfoque a la prevenci\u00f3n de la ocurrencia de delitos y fiscalizaci\u00f3n de faltas en la v\u00eda p\u00fablica.<\/p>\n<p style=\"text-align: justify;\">\u201cSabemos que el municipio cumple un rol fundamental junto a las polic\u00edas. Nuestro alcalde ha solicitado mayor presencia en el territorio para cumplir con los requerimientos de los vecinos\u201d, indic\u00f3 Co\u00f1uecar, destacando que los inspectores municipales patrullan las calles de la comuna durante la noche y la madrugada.<\/p>\n<p style=\"text-align: justify;\">Agreg\u00f3 que una de las principales preocupaciones del municipio es el consumo de alcohol en espacios p\u00fablicos. Por esta raz\u00f3n, es que tambi\u00e9n se ha aumentado la frecuencia de patrullaje y fiscalizaci\u00f3n en horario diurno y en zonas rurales. \u201cEl equipo est\u00e1 con todas las pilas puestas para cursar las sanciones que corresponden a quienes est\u00e9n cometiendo faltas, como consumir bebidas alcoh\u00f3licas en lugares p\u00fablicos como plazas o en el borde de r\u00edos\u201d, se\u00f1al\u00f3 el director de Seguridad P\u00fablica.<\/p>\n<p style=\"text-align: justify;\">Co\u00f1uecar destac\u00f3, adem\u00e1s, el importante rol que ha cumplido el trabajo conjunto entre el Municipio, Carabineros y la PDI. \u201cDesde la unidad de televigilancia hemos entregado im\u00e1genes y videos que han sido de importancia clave como medio probatorio para conseguir penas efectivas para quienes han cometido delitos\u201d. Aprovech\u00f3 la oportunidad para agradecer el compromiso de las polic\u00edas, y reiter\u00f3 el llamado a seguir trabajando en coordinaci\u00f3n para continuar reduciendo los delitos en la comuna.<\/p>\n<\/div><\/section><\/div><\/p>\n<div  style='height:50px' class='hr hr-invisible   avia-builder-el-6  el_after_av_one_full  el_before_av_social_share '><span class='hr-inner ' ><span class='hr-inner-style'><\/span><\/span><\/div>\n<div  class='av-social-sharing-box  avia-builder-el-7  el_after_av_hr  el_before_av_hr  '><div class='av-share-box'><h5 class='av-share-link-description av-no-toc '>Compartir esta noticia<\/h5><ul class='av-share-box-list noLightbox'><li class='av-share-link av-social-link-facebook' ><a target=\"_blank\" aria-label=\"Compartir en Facebook\" href='https:\/\/www.facebook.com\/sharer.php?u=https:\/\/radiorevelacionfm.cl\/?p=26771&#038;t=En%20Puerto%20Ays%C3%A9n%20redoblan%20los%20patrullajes%20nocturnos%20preventivos%20para%20entregar%20mayor%20seguridad' aria-hidden='false' data-av_icon='\ue8f3' data-av_iconfont='entypo-fontello' title='' data-avia-related-tooltip='Compartir en Facebook' rel=\"noopener\"><span class='avia_hidden_link_text'>Compartir en Facebook<\/span><\/a><\/li><li class='av-share-link av-social-link-twitter' ><a target=\"_blank\" aria-label=\"Compartir en Twitter\" href='https:\/\/twitter.com\/share?text=En%20Puerto%20Ays%C3%A9n%20redoblan%20los%20patrullajes%20nocturnos%20preventivos%20para%20entregar%20mayor%20seguridad&#038;url=https:\/\/radiorevelacionfm.cl\/?p=26771' aria-hidden='false' data-av_icon='\ue8f1' data-av_iconfont='entypo-fontello' title='' data-avia-related-tooltip='Compartir en Twitter' rel=\"noopener\"><span class='avia_hidden_link_text'>Compartir en Twitter<\/span><\/a><\/li><li class='av-share-link av-social-link-whatsapp' ><a target=\"_blank\" aria-label=\"Compartir en Whatsapp\" href='https:\/\/api.whatsapp.com\/send?text=https:\/\/radiorevelacionfm.cl\/?p=26771' aria-hidden='false' data-av_icon='\uf232' data-av_iconfont='entypo-fontello' title='' data-avia-related-tooltip='Compartir en Whatsapp' rel=\"noopener\"><span class='avia_hidden_link_text'>Compartir en Whatsapp<\/span><\/a><\/li><li class='av-share-link av-social-link-linkedin' ><a target=\"_blank\" aria-label=\"Compartir en LinkedIn\" href='https:\/\/linkedin.com\/shareArticle?mini=true&#038;title=En%20Puerto%20Ays%C3%A9n%20redoblan%20los%20patrullajes%20nocturnos%20preventivos%20para%20entregar%20mayor%20seguridad&#038;url=https:\/\/radiorevelacionfm.cl\/?p=26771' aria-hidden='false' data-av_icon='\ue8fc' data-av_iconfont='entypo-fontello' title='' data-avia-related-tooltip='Compartir en LinkedIn' rel=\"noopener\"><span class='avia_hidden_link_text'>Compartir en LinkedIn<\/span><\/a><\/li><li class='av-share-link av-social-link-mail' ><a  aria-label=\"Compartir por correo\" href='mailto:?subject=En%20Puerto%20Ays%C3%A9n%20redoblan%20los%20patrullajes%20nocturnos%20preventivos%20para%20entregar%20mayor%20seguridad&#038;body=https:\/\/radiorevelacionfm.cl\/?p=26771' aria-hidden='false' data-av_icon='\ue805' data-av_iconfont='entypo-fontello' title='' data-avia-related-tooltip='Compartir por correo'><span class='avia_hidden_link_text'>Compartir por correo<\/span><\/a><\/li><\/ul><\/div><\/div>\n<div  style='height:50px' class='hr hr-invisible   avia-builder-el-8  el_after_av_social_share  el_before_av_comments_list '><span class='hr-inner ' ><span class='hr-inner-style'><\/span><\/span><\/div>\n<div  class='av-buildercomment  av-blog-meta-html-info-disabled av-blog-meta-tag-disabled  '><\/div>\n","protected":false},"excerpt":{"rendered":"","protected":false},"author":1,"featured_media":26772,"comment_status":"open","ping_status":"open","sticky":false,"template":"","format":"standard","meta":{"footnotes":""},"categories":[38],"tags":[],"class_list":["post-26771","post","type-post","status-publish","format-standard","has-post-thumbnail","hentry","category-regional"],"jetpack_featured_media_url":"https:\/\/radiorevelacionfm.cl\/wp-content\/uploads\/2023\/01\/Fotografia-3-3-1.jpg","_links":{"self":[{"href":"https:\/\/radiorevelacionfm.cl\/index.php?rest_route=\/wp\/v2\/posts\/26771","targetHints":{"allow":["GET"]}}],"collection":[{"href":"https:\/\/radiorevelacionfm.cl\/index.php?rest_route=\/wp\/v2\/posts"}],"about":[{"href":"https:\/\/radiorevelacionfm.cl\/index.php?rest_route=\/wp\/v2\/types\/post"}],"author":[{"embeddable":true,"href":"https:\/\/radiorevelacionfm.cl\/index.php?rest_route=\/wp\/v2\/users\/1"}],"replies":[{"embeddable":true,"href":"https:\/\/radiorevelacionfm.cl\/index.php?rest_route=%2Fwp%2Fv2%2Fcomments&post=26771"}],"version-history":[{"count":3,"href":"https:\/\/radiorevelacionfm.cl\/index.php?rest_route=\/wp\/v2\/posts\/26771\/revisions"}],"predecessor-version":[{"id":26784,"href":"https:\/\/radiorevelacionfm.cl\/index.php?rest_route=\/wp\/v2\/posts\/26771\/revisions\/26784"}],"wp:featuredmedia":[{"embeddable":true,"href":"https:\/\/radiorevelacionfm.cl\/index.php?rest_route=\/wp\/v2\/media\/26772"}],"wp:attachment":[{"href":"https:\/\/radiorevelacionfm.cl\/index.php?rest_route=%2Fwp%2Fv2%2Fmedia&parent=26771"}],"wp:term":[{"taxonomy":"category","embeddable":true,"href":"https:\/\/radiorevelacionfm.cl\/index.php?rest_route=%2Fwp%2Fv2%2Fcategories&post=26771"},{"taxonomy":"post_tag","embeddable":true,"href":"https:\/\/radiorevelacionfm.cl\/index.php?rest_route=%2Fwp%2Fv2%2Ftags&post=26771"}],"curies":[{"name":"wp","href":"https:\/\/api.w.org\/{rel}","templated":true}]}}