{"id":26766,"date":"2023-01-18T15:30:51","date_gmt":"2023-01-18T18:30:51","guid":{"rendered":"https:\/\/radiorevelacionfm.cl\/?p=26766"},"modified":"2023-01-18T15:31:06","modified_gmt":"2023-01-18T18:31:06","slug":"con-el-doble-de-postulaciones-uaysen-comienza-periodo-de-matriculas-admision-2023","status":"publish","type":"post","link":"https:\/\/radiorevelacionfm.cl\/?p=26766","title":{"rendered":"Con el doble de postulaciones UAys\u00e9n comienza periodo de matr\u00edculas Admisi\u00f3n 2023"},"content":{"rendered":"<div class=\"flex_column av_one_full  flex_column_div av-zero-column-padding first  avia-builder-el-0  el_before_av_one_full  avia-builder-el-first  \" style='border-radius:0px; '><div  class='avia-image-container  av-styling-    avia-builder-el-1  avia-builder-el-no-sibling  avia-align-center '  itemprop=\"image\" itemscope=\"itemscope\" itemtype=\"https:\/\/schema.org\/ImageObject\"  ><div class='avia-image-container-inner'><div class='avia-image-overlay-wrap'><img decoding=\"async\" class='wp-image-26767 avia-img-lazy-loading-not-26767 avia_image' src=\"https:\/\/radiorevelacionfm.cl\/wp-content\/uploads\/2023\/01\/DSC01671-1-1.jpg\" alt='' title='DSC01671 (1) (1)' height=\"600\" width=\"898\"  itemprop=\"thumbnailUrl\" srcset=\"https:\/\/radiorevelacionfm.cl\/wp-content\/uploads\/2023\/01\/DSC01671-1-1.jpg 898w, https:\/\/radiorevelacionfm.cl\/wp-content\/uploads\/2023\/01\/DSC01671-1-1-300x200.jpg 300w, https:\/\/radiorevelacionfm.cl\/wp-content\/uploads\/2023\/01\/DSC01671-1-1-768x513.jpg 768w, https:\/\/radiorevelacionfm.cl\/wp-content\/uploads\/2023\/01\/DSC01671-1-1-705x471.jpg 705w, https:\/\/radiorevelacionfm.cl\/wp-content\/uploads\/2023\/01\/DSC01671-1-1-600x401.jpg 600w\" sizes=\"(max-width: 898px) 100vw, 898px\" \/><\/div><\/div><\/div><\/div><div class=\"flex_column av_one_full  flex_column_div av-zero-column-padding first  avia-builder-el-2  el_after_av_one_full  el_before_av_one_full  column-top-margin\" style='border-radius:0px; '><section class=\"av_textblock_section \"  itemscope=\"itemscope\" itemtype=\"https:\/\/schema.org\/BlogPosting\" itemprop=\"blogPost\" ><div class='avia_textblock  '   itemprop=\"text\" ><p class=\"v1MsoNormal\" style=\"text-align: center;\" align=\"center\"><span style=\"font-size: 18pt;\"><b>Con el doble de postulaciones UAys\u00e9n comienza <\/b><b>periodo de matr\u00edculas Admisi\u00f3n 2023<\/b><\/span><\/p>\n<div id=\"gtx-trans\" style=\"position: absolute; left: -50px; top: 4.31534px;\">\n<div class=\"gtx-trans-icon\"><\/div>\n<\/div>\n<\/div><\/section><\/div><div class=\"flex_column av_one_full  flex_column_div av-zero-column-padding first  avia-builder-el-4  el_after_av_one_full  el_before_av_hr  column-top-margin\" style='border-radius:0px; '><section class=\"av_textblock_section \"  itemscope=\"itemscope\" itemtype=\"https:\/\/schema.org\/BlogPosting\" itemprop=\"blogPost\" ><div class='avia_textblock  '   itemprop=\"text\" ><div>\n<p class=\"v1MsoNormal\" style=\"text-align: justify;\">El d\u00eda de ayer se publicaron \u00a0a nivel nacional los listados de seleccionados y seleccionadas y las listas de espera para ingresar a las universidades que componen el sistema centralizado de admisi\u00f3n. En esta oportunidad, la Universidad de Ays\u00e9n dobl\u00f3 el n\u00famero de postulaciones efectivas llegando a casi los 500 postulantes.<\/p>\n<p class=\"v1MsoNormal\" style=\"text-align: justify;\">Al respecto, David V\u00e1squez, coordinador de Admisi\u00f3n de la Universidad de Ays\u00e9n valor\u00f3 el resultado del proceso para este a\u00f1o. \u00abEstamos muy contentos con el resultado de las postulaciones del a\u00f1o 2023, las que se duplicaron en comparaci\u00f3n al a\u00f1o anterior respecto a la cantidad de estudiantes que realizaron una postulaci\u00f3n v\u00e1lida, es decir, que alcanzaron los requisitos para poder postular a carreras. \u00abEn pr\u00e1cticamente todas ellas alcanzamos \u00a0100% de postulantes de acuerdo a las vacantes que tenemos y una gran cantidad de estudiantes postularon dentro de sus primeras tres preferencias a la Universidad de Ays\u00e9n, lo que quiere decir que muy probablemente, en los tres d\u00edas de matr\u00edcula, ellos la van a concretar y van a incorporarse definitivamente a nuestra universidad\u00bb, destac\u00f3.<\/p>\n<p class=\"v1MsoNormal\" style=\"text-align: justify;\">A su vez, V\u00e1squez especific\u00f3 la procedencia de los postulantes a la UAys\u00e9n. \u00abM\u00e1s del 90% de los estudiantes que postula por admisi\u00f3n regular son de la Regi\u00f3n de Ays\u00e9n y cuando sumamos a los de admisi\u00f3n regular y admisi\u00f3n especial llegamos pr\u00e1cticamente el 95%. No obstante, este a\u00f1o tambi\u00e9n es notable que postularon estudiantes de la Regi\u00f3n de Magallanes, de O&#8217;Higgins, cuatro postulantes de la Regi\u00f3n del Maule y de la Regi\u00f3n Metropolitana, as\u00ed como algunos estudiantes del norte del pa\u00eds como la Regi\u00f3n de Antofagasta. La universidad tambi\u00e9n est\u00e1 abriendo sus puertas a los que vienen de otras localidades de otras regiones\u00bb, declar\u00f3.<\/p>\n<p class=\"v1MsoNormal\" style=\"text-align: justify;\">Respecto al proceso de la Admisi\u00f3n Especial, el Coordinador de Admisi\u00f3n UAys\u00e9n tambi\u00e9n recalc\u00f3 los positivos n\u00fameros de interesados. \u00abBueno, lo primero es decir que la Admisi\u00f3n Especial aument\u00f3 en cuanto a sus postulaciones en un 50% en relaci\u00f3n a lo que ocurri\u00f3 el a\u00f1o pasado a\u00f1o. Tenemos 30 vacantes admisi\u00f3n especial y por lo tanto, con esta v\u00eda se cumple un sue\u00f1o un sue\u00f1o familiar, un sue\u00f1o personal de poder ingresar a la educaci\u00f3n superior, donde en este caso se miden m\u00e9ritos diferentes a los que necesariamente se miden en la prueba de acceso a la educaci\u00f3n superior; entonces los seleccionados y seleccionadas cuentan con tremendas cualidades personales que les van a permitir seguramente tambi\u00e9n tener una trayectoria exitosa y el abrir las puertas para ellos tambi\u00e9n es un logro para nosotros como Universidad\u00bb, enfatiz\u00f3 David V\u00e1squez.<\/p>\n<p class=\"v1MsoNormal\" style=\"text-align: justify;\">En cuanto al proceso de matr\u00edculas que reci\u00e9n comienza, David V\u00e1squez entreg\u00f3 los antecedentes necesarios para que los seleccionados y seleccionadas lleven su proceso exitosamente. \u00abComenz\u00f3 proceso de matr\u00edculas UAys\u00e9n, desde el d\u00eda 18 de enero los estudiantes que quedaron seleccionados por v\u00eda regular v\u00eda especial, v\u00eda Pace y BEA se \u00a0podr\u00e1n matricular hasta el viernes 20 de enero hasta las 18 horas, si no lo hacen tambi\u00e9n tenemos una gran cantidad de listas de espera de estudiantes que seguramente est\u00e1n esperanzados en poder alcanzar cupos, por lo que el 20 \u00a0de enero en la noche o a m\u00e1s tardar el d\u00eda s\u00e1bado 21 a primera hora, se contactar\u00e1 a quienes pueden ser convocados a matricularse por correo electr\u00f3nico o llamado telef\u00f3nico. Si alguno de los seleccionados en lista de espera\u00a0 no recibe una llamada o correo telef\u00f3nico o no aparecen las publicaciones oficiales de la p\u00e1gina web de la universidad todav\u00eda no puede venir a presentarse a la universidad, lo quiere decir que una de las posibilidades es que los siguientes d\u00edas a la lista la lista de espera corre y \u00a0eso ocurre\u00bb, puntualiz\u00f3.\u00a0<b><\/b><\/p>\n<\/div>\n<div style=\"text-align: justify;\"><\/div>\n<\/div><\/section><\/div><div  style='height:50px' class='hr hr-invisible   avia-builder-el-6  el_after_av_one_full  el_before_av_social_share '><span class='hr-inner ' ><span class='hr-inner-style'><\/span><\/span><\/div><\/p>\n<div  class='av-social-sharing-box  avia-builder-el-7  el_after_av_hr  el_before_av_hr  '><div class='av-share-box'><h5 class='av-share-link-description av-no-toc '>Compartir esta noticia<\/h5><ul class='av-share-box-list noLightbox'><li class='av-share-link av-social-link-facebook' ><a target=\"_blank\" aria-label=\"Compartir en Facebook\" href='https:\/\/www.facebook.com\/sharer.php?u=https:\/\/radiorevelacionfm.cl\/?p=26766&#038;t=Con%20el%20doble%20de%20postulaciones%20UAys%C3%A9n%20comienza%20periodo%20de%20matr%C3%ADculas%20Admisi%C3%B3n%202023' aria-hidden='false' data-av_icon='\ue8f3' data-av_iconfont='entypo-fontello' title='' data-avia-related-tooltip='Compartir en Facebook' rel=\"noopener\"><span class='avia_hidden_link_text'>Compartir en Facebook<\/span><\/a><\/li><li class='av-share-link av-social-link-twitter' ><a target=\"_blank\" aria-label=\"Compartir en Twitter\" href='https:\/\/twitter.com\/share?text=Con%20el%20doble%20de%20postulaciones%20UAys%C3%A9n%20comienza%20periodo%20de%20matr%C3%ADculas%20Admisi%C3%B3n%202023&#038;url=https:\/\/radiorevelacionfm.cl\/?p=26766' aria-hidden='false' data-av_icon='\ue8f1' data-av_iconfont='entypo-fontello' title='' data-avia-related-tooltip='Compartir en Twitter' rel=\"noopener\"><span class='avia_hidden_link_text'>Compartir en Twitter<\/span><\/a><\/li><li class='av-share-link av-social-link-whatsapp' ><a target=\"_blank\" aria-label=\"Compartir en Whatsapp\" href='https:\/\/api.whatsapp.com\/send?text=https:\/\/radiorevelacionfm.cl\/?p=26766' aria-hidden='false' data-av_icon='\uf232' data-av_iconfont='entypo-fontello' title='' data-avia-related-tooltip='Compartir en Whatsapp' rel=\"noopener\"><span class='avia_hidden_link_text'>Compartir en Whatsapp<\/span><\/a><\/li><li class='av-share-link av-social-link-linkedin' ><a target=\"_blank\" aria-label=\"Compartir en LinkedIn\" href='https:\/\/linkedin.com\/shareArticle?mini=true&#038;title=Con%20el%20doble%20de%20postulaciones%20UAys%C3%A9n%20comienza%20periodo%20de%20matr%C3%ADculas%20Admisi%C3%B3n%202023&#038;url=https:\/\/radiorevelacionfm.cl\/?p=26766' aria-hidden='false' data-av_icon='\ue8fc' data-av_iconfont='entypo-fontello' title='' data-avia-related-tooltip='Compartir en LinkedIn' rel=\"noopener\"><span class='avia_hidden_link_text'>Compartir en LinkedIn<\/span><\/a><\/li><li class='av-share-link av-social-link-mail' ><a  aria-label=\"Compartir por correo\" href='mailto:?subject=Con%20el%20doble%20de%20postulaciones%20UAys%C3%A9n%20comienza%20periodo%20de%20matr%C3%ADculas%20Admisi%C3%B3n%202023&#038;body=https:\/\/radiorevelacionfm.cl\/?p=26766' aria-hidden='false' data-av_icon='\ue805' data-av_iconfont='entypo-fontello' title='' data-avia-related-tooltip='Compartir por correo'><span class='avia_hidden_link_text'>Compartir por correo<\/span><\/a><\/li><\/ul><\/div><\/div>\n<div  style='height:50px' class='hr hr-invisible   avia-builder-el-8  el_after_av_social_share  el_before_av_comments_list '><span class='hr-inner ' ><span class='hr-inner-style'><\/span><\/span><\/div>\n<div  class='av-buildercomment  av-blog-meta-html-info-disabled av-blog-meta-tag-disabled  '><\/div>\n","protected":false},"excerpt":{"rendered":"","protected":false},"author":1,"featured_media":26767,"comment_status":"open","ping_status":"open","sticky":false,"template":"","format":"standard","meta":{"footnotes":""},"categories":[49],"tags":[],"class_list":["post-26766","post","type-post","status-publish","format-standard","has-post-thumbnail","hentry","category-educacion"],"jetpack_featured_media_url":"https:\/\/radiorevelacionfm.cl\/wp-content\/uploads\/2023\/01\/DSC01671-1-1.jpg","_links":{"self":[{"href":"https:\/\/radiorevelacionfm.cl\/index.php?rest_route=\/wp\/v2\/posts\/26766","targetHints":{"allow":["GET"]}}],"collection":[{"href":"https:\/\/radiorevelacionfm.cl\/index.php?rest_route=\/wp\/v2\/posts"}],"about":[{"href":"https:\/\/radiorevelacionfm.cl\/index.php?rest_route=\/wp\/v2\/types\/post"}],"author":[{"embeddable":true,"href":"https:\/\/radiorevelacionfm.cl\/index.php?rest_route=\/wp\/v2\/users\/1"}],"replies":[{"embeddable":true,"href":"https:\/\/radiorevelacionfm.cl\/index.php?rest_route=%2Fwp%2Fv2%2Fcomments&post=26766"}],"version-history":[{"count":2,"href":"https:\/\/radiorevelacionfm.cl\/index.php?rest_route=\/wp\/v2\/posts\/26766\/revisions"}],"predecessor-version":[{"id":26777,"href":"https:\/\/radiorevelacionfm.cl\/index.php?rest_route=\/wp\/v2\/posts\/26766\/revisions\/26777"}],"wp:featuredmedia":[{"embeddable":true,"href":"https:\/\/radiorevelacionfm.cl\/index.php?rest_route=\/wp\/v2\/media\/26767"}],"wp:attachment":[{"href":"https:\/\/radiorevelacionfm.cl\/index.php?rest_route=%2Fwp%2Fv2%2Fmedia&parent=26766"}],"wp:term":[{"taxonomy":"category","embeddable":true,"href":"https:\/\/radiorevelacionfm.cl\/index.php?rest_route=%2Fwp%2Fv2%2Fcategories&post=26766"},{"taxonomy":"post_tag","embeddable":true,"href":"https:\/\/radiorevelacionfm.cl\/index.php?rest_route=%2Fwp%2Fv2%2Ftags&post=26766"}],"curies":[{"name":"wp","href":"https:\/\/api.w.org\/{rel}","templated":true}]}}