{"id":26758,"date":"2023-01-18T12:52:22","date_gmt":"2023-01-18T15:52:22","guid":{"rendered":"https:\/\/radiorevelacionfm.cl\/?p=26758"},"modified":"2023-01-18T12:52:22","modified_gmt":"2023-01-18T15:52:22","slug":"puerto-guadal-contara-con-nueva-posta-de-salud-rural-autoridades-hacen-entrega-de-terreno-para-su-construccion","status":"publish","type":"post","link":"https:\/\/radiorevelacionfm.cl\/?p=26758","title":{"rendered":"Puerto Guadal contar\u00e1 con nueva Posta de Salud Rural: Autoridades hacen entrega de terreno para su construcci\u00f3n"},"content":{"rendered":"<div class=\"flex_column av_one_full  flex_column_div av-zero-column-padding first  avia-builder-el-0  el_before_av_one_full  avia-builder-el-first  \" style='border-radius:0px; '><div  class='avia-image-container  av-styling-    avia-builder-el-1  avia-builder-el-no-sibling  avia-align-center '  itemprop=\"image\" itemscope=\"itemscope\" itemtype=\"https:\/\/schema.org\/ImageObject\"  ><div class='avia-image-container-inner'><div class='avia-image-overlay-wrap'><img decoding=\"async\" class='wp-image-26759 avia-img-lazy-loading-not-26759 avia_image' src=\"https:\/\/radiorevelacionfm.cl\/wp-content\/uploads\/2023\/01\/terreno-guadal-6-1-1_optimized.jpeg\" alt='' title='terreno-guadal-(6)-(1)-(1)_optimized' height=\"600\" width=\"809\"  itemprop=\"thumbnailUrl\" srcset=\"https:\/\/radiorevelacionfm.cl\/wp-content\/uploads\/2023\/01\/terreno-guadal-6-1-1_optimized.jpeg 809w, https:\/\/radiorevelacionfm.cl\/wp-content\/uploads\/2023\/01\/terreno-guadal-6-1-1_optimized-300x222.jpeg 300w, https:\/\/radiorevelacionfm.cl\/wp-content\/uploads\/2023\/01\/terreno-guadal-6-1-1_optimized-768x570.jpeg 768w, https:\/\/radiorevelacionfm.cl\/wp-content\/uploads\/2023\/01\/terreno-guadal-6-1-1_optimized-705x523.jpeg 705w, https:\/\/radiorevelacionfm.cl\/wp-content\/uploads\/2023\/01\/terreno-guadal-6-1-1_optimized-600x445.jpeg 600w\" sizes=\"(max-width: 809px) 100vw, 809px\" \/><\/div><\/div><\/div><\/div><div class=\"flex_column av_one_full  flex_column_div av-zero-column-padding first  avia-builder-el-2  el_after_av_one_full  el_before_av_one_full  column-top-margin\" style='border-radius:0px; '><section class=\"av_textblock_section \"  itemscope=\"itemscope\" itemtype=\"https:\/\/schema.org\/BlogPosting\" itemprop=\"blogPost\" ><div class='avia_textblock  '   itemprop=\"text\" ><p style=\"text-align: center;\"><span style=\"font-size: 18pt;\"><b>Puerto Guadal contar\u00e1 con nueva Posta de Salud Rural: Autoridades hacen entrega de terreno para su construcci\u00f3n<\/b><\/span><\/p>\n<div id=\"gtx-trans\" style=\"position: absolute; left: -50px; top: 4.31534px;\">\n<div class=\"gtx-trans-icon\"><\/div>\n<\/div>\n<\/div><\/section><\/div><div class=\"flex_column av_one_full  flex_column_div av-zero-column-padding first  avia-builder-el-4  el_after_av_one_full  el_before_av_hr  column-top-margin\" style='border-radius:0px; '><section class=\"av_textblock_section \"  itemscope=\"itemscope\" itemtype=\"https:\/\/schema.org\/BlogPosting\" itemprop=\"blogPost\" ><div class='avia_textblock  '   itemprop=\"text\" ><p class=\"v1MsoNormal\" style=\"text-align: justify;\">En una emotiva ceremonia, con presencia de la comunidad, las y los funcionarios y autoridades regionales y provinciales, se desarroll\u00f3, en calle Las Camelias de Puerto Guadal, la entrega de terreno para la ejecuci\u00f3n del proyecto de \u00abReposici\u00f3n de la Posta de Salud Rural\u00bb, que permitir\u00e1 a esta localidad de la cuenca del Lago General Carrera contar con un establecimiento asistencial moderno y que cumpla con las expectativas de vecinas y vecinos.<\/p>\n<p class=\"v1MsoNormal\" style=\"text-align: justify;\">Este es un proyecto de larga data, impulsado por la propia comunidad y que ha contado con el apoyo del Subdepartamento de Recursos F\u00edsicos del Servicio de Salud Ays\u00e9n. \u00abEsta idea surgi\u00f3 a ra\u00edz de problemas de salud que tuvieron vecinos, entre ellos un fallecimiento por infarto, ah\u00ed empezamos a trabajar y a solicitar por la necesidad de mejores espacios en la Posta. Era un sue\u00f1o, un prop\u00f3sito que ten\u00edamos y ahora podemos decir meta cumplida cuando me queda un a\u00f1o para dejar mi cargo dirigencial\u00bb, dijo Alicia Vera Gatica, Vicepresidenta de la J.J.V.V. N\u00b08 de Puerto Guadal.<\/p>\n<p class=\"v1MsoNormal\" style=\"text-align: justify;\">En la misma l\u00ednea, desde el Servicio de Salud destacaron la importancia de mejorar las prestaciones en localidades rurales de la regi\u00f3n.<\/p>\n<p class=\"v1MsoNormal\" style=\"text-align: justify;\">Hern\u00e1n Barrientos Hern\u00e1ndez, Subdirector de Gesti\u00f3n Asistencial del SSA, indic\u00f3 que \u00abeste es un tremendo hito, que nos permite proyectar de mejor forma una salud m\u00e1s oportuna, de calidad, digna para Guadal. Tenemos un tremendo compromiso con la Atenci\u00f3n Primaria y Rural, porque son los pilares para poder tener una mejor salud para toda la poblaci\u00f3n\u00bb.<\/p>\n<p class=\"v1MsoNormal\" style=\"text-align: justify;\">Los \u00faltimos d\u00edas han tra\u00eddo buenas noticias para la comuna de Chile Chico y la provincia, el lunes se entreg\u00f3 una nueva ambulancia y ahora se comienza a concretar la nueva posta para Puerto Guadal.<\/p>\n<p class=\"v1MsoNormal\" style=\"text-align: justify;\">\u00abEste tipo de iniciativas son claves y lo que tenemos que destacar es el trabajo en conjunto y coordinado entre todos los sectores. En este sentido, el Gobierno Regional de Ays\u00e9n, con sus aportes, es fundamental para lograr objetivos como la reposici\u00f3n o construcci\u00f3n de nuevas postas\u00bb, coment\u00f3 Crist\u00f3bal Barcel\u00f3 Veas, Delegado Presidencial Provincial de General Carrera<\/p>\n<p class=\"v1MsoNormal\" style=\"text-align: justify;\">Este proyecto est\u00e1 inserto en el Plan Especial de Desarrollo de Zonas Extremas e implic\u00f3 una inversi\u00f3n superior a los 1.100 millones de pesos del FNDR del Gobierno Regional de Ays\u00e9n.<\/p>\n<p class=\"v1MsoNormal\" style=\"text-align: justify;\">\u00abPara el Gobierno Regional, es de suma importancia poder trabajar con y desde los territorios, apoyando sus demandas. El compromiso se mantiene diariamente, como siempre lo indica nuestra Gobernadora, y la salud es fundamental para el desarrollo de las comunidades\u00bb, N\u00e9lida Mu\u00f1oz Vargas, Representante Territorial de la Gobernadora Andrea Mac\u00edas<\/p>\n<p class=\"v1MsoNormal\" style=\"text-align: justify;\">Este tipo de iniciativas cuenta con el apoyo transversal de las y los Consejeros Regionales, de diferentes partidos de Gobierno y Oposici\u00f3n, quienes han puesto por delante el bien com\u00fan por sobre otro tipo de intereses.<\/p>\n<p class=\"v1MsoNormal\" style=\"text-align: justify;\">\u00abEs a lo que estamos invitados todos, autoridades electas y designadas, tenemos un mandato presidencial que nos llama a trabajar de manera colaborativa, el sesgo para avanzar en mejoras no sirve y aqu\u00ed todos tenemos que ser parte y no puede haber personas que, si se beneficien y otras no, aqu\u00ed hay un bien com\u00fan y como gobierno estamos tratando de avanzar hacia el bienestar de la comunidad\u00bb, se\u00f1al\u00f3 la Seremi de Salud, Carmen Gloria Monsalve G\u00f3mez.<\/p>\n<p class=\"v1MsoNormal\" style=\"text-align: justify;\">La nueva Posta de Salud Rural de Puerto Guadal contar\u00e1 con una construcci\u00f3n de 429,8 metros cuadrados, superando ampliamente al recinto actual, brindando mejores espacios y equipamiento para el desempe\u00f1o de t\u00e9cnicos y profesionales y para todas las personas de la localidad.<\/p>\n<div style=\"text-align: justify;\"><\/div>\n<\/div><\/section><\/div><div  style='height:50px' class='hr hr-invisible   avia-builder-el-6  el_after_av_one_full  el_before_av_social_share '><span class='hr-inner ' ><span class='hr-inner-style'><\/span><\/span><\/div><\/p>\n<div  class='av-social-sharing-box  avia-builder-el-7  el_after_av_hr  el_before_av_hr  '><div class='av-share-box'><h5 class='av-share-link-description av-no-toc '>Compartir esta noticia<\/h5><ul class='av-share-box-list noLightbox'><li class='av-share-link av-social-link-facebook' ><a target=\"_blank\" aria-label=\"Compartir en Facebook\" href='https:\/\/www.facebook.com\/sharer.php?u=https:\/\/radiorevelacionfm.cl\/?p=26758&#038;t=Puerto%20Guadal%20contar%C3%A1%20con%20nueva%20Posta%20de%20Salud%20Rural%3A%20Autoridades%20hacen%20entrega%20de%20terreno%20para%20su%20construcci%C3%B3n' aria-hidden='false' data-av_icon='\ue8f3' data-av_iconfont='entypo-fontello' title='' data-avia-related-tooltip='Compartir en Facebook' rel=\"noopener\"><span class='avia_hidden_link_text'>Compartir en Facebook<\/span><\/a><\/li><li class='av-share-link av-social-link-twitter' ><a target=\"_blank\" aria-label=\"Compartir en Twitter\" href='https:\/\/twitter.com\/share?text=Puerto%20Guadal%20contar%C3%A1%20con%20nueva%20Posta%20de%20Salud%20Rural%3A%20Autoridades%20hacen%20entrega%20de%20terreno%20para%20su%20construcci%C3%B3n&#038;url=https:\/\/radiorevelacionfm.cl\/?p=26758' aria-hidden='false' data-av_icon='\ue8f1' data-av_iconfont='entypo-fontello' title='' data-avia-related-tooltip='Compartir en Twitter' rel=\"noopener\"><span class='avia_hidden_link_text'>Compartir en Twitter<\/span><\/a><\/li><li class='av-share-link av-social-link-whatsapp' ><a target=\"_blank\" aria-label=\"Compartir en Whatsapp\" href='https:\/\/api.whatsapp.com\/send?text=https:\/\/radiorevelacionfm.cl\/?p=26758' aria-hidden='false' data-av_icon='\uf232' data-av_iconfont='entypo-fontello' title='' data-avia-related-tooltip='Compartir en Whatsapp' rel=\"noopener\"><span class='avia_hidden_link_text'>Compartir en Whatsapp<\/span><\/a><\/li><li class='av-share-link av-social-link-linkedin' ><a target=\"_blank\" aria-label=\"Compartir en LinkedIn\" href='https:\/\/linkedin.com\/shareArticle?mini=true&#038;title=Puerto%20Guadal%20contar%C3%A1%20con%20nueva%20Posta%20de%20Salud%20Rural%3A%20Autoridades%20hacen%20entrega%20de%20terreno%20para%20su%20construcci%C3%B3n&#038;url=https:\/\/radiorevelacionfm.cl\/?p=26758' aria-hidden='false' data-av_icon='\ue8fc' data-av_iconfont='entypo-fontello' title='' data-avia-related-tooltip='Compartir en LinkedIn' rel=\"noopener\"><span class='avia_hidden_link_text'>Compartir en LinkedIn<\/span><\/a><\/li><li class='av-share-link av-social-link-mail' ><a  aria-label=\"Compartir por correo\" href='mailto:?subject=Puerto%20Guadal%20contar%C3%A1%20con%20nueva%20Posta%20de%20Salud%20Rural%3A%20Autoridades%20hacen%20entrega%20de%20terreno%20para%20su%20construcci%C3%B3n&#038;body=https:\/\/radiorevelacionfm.cl\/?p=26758' aria-hidden='false' data-av_icon='\ue805' data-av_iconfont='entypo-fontello' title='' data-avia-related-tooltip='Compartir por correo'><span class='avia_hidden_link_text'>Compartir por correo<\/span><\/a><\/li><\/ul><\/div><\/div>\n<div  style='height:50px' class='hr hr-invisible   avia-builder-el-8  el_after_av_social_share  el_before_av_comments_list '><span class='hr-inner ' ><span class='hr-inner-style'><\/span><\/span><\/div>\n<div  class='av-buildercomment  av-blog-meta-html-info-disabled av-blog-meta-tag-disabled  '><\/div>\n","protected":false},"excerpt":{"rendered":"","protected":false},"author":1,"featured_media":26759,"comment_status":"open","ping_status":"open","sticky":false,"template":"","format":"standard","meta":{"footnotes":""},"categories":[46],"tags":[],"class_list":["post-26758","post","type-post","status-publish","format-standard","has-post-thumbnail","hentry","category-salud"],"jetpack_featured_media_url":"https:\/\/radiorevelacionfm.cl\/wp-content\/uploads\/2023\/01\/terreno-guadal-6-1-1_optimized.jpeg","_links":{"self":[{"href":"https:\/\/radiorevelacionfm.cl\/index.php?rest_route=\/wp\/v2\/posts\/26758","targetHints":{"allow":["GET"]}}],"collection":[{"href":"https:\/\/radiorevelacionfm.cl\/index.php?rest_route=\/wp\/v2\/posts"}],"about":[{"href":"https:\/\/radiorevelacionfm.cl\/index.php?rest_route=\/wp\/v2\/types\/post"}],"author":[{"embeddable":true,"href":"https:\/\/radiorevelacionfm.cl\/index.php?rest_route=\/wp\/v2\/users\/1"}],"replies":[{"embeddable":true,"href":"https:\/\/radiorevelacionfm.cl\/index.php?rest_route=%2Fwp%2Fv2%2Fcomments&post=26758"}],"version-history":[{"count":2,"href":"https:\/\/radiorevelacionfm.cl\/index.php?rest_route=\/wp\/v2\/posts\/26758\/revisions"}],"predecessor-version":[{"id":26769,"href":"https:\/\/radiorevelacionfm.cl\/index.php?rest_route=\/wp\/v2\/posts\/26758\/revisions\/26769"}],"wp:featuredmedia":[{"embeddable":true,"href":"https:\/\/radiorevelacionfm.cl\/index.php?rest_route=\/wp\/v2\/media\/26759"}],"wp:attachment":[{"href":"https:\/\/radiorevelacionfm.cl\/index.php?rest_route=%2Fwp%2Fv2%2Fmedia&parent=26758"}],"wp:term":[{"taxonomy":"category","embeddable":true,"href":"https:\/\/radiorevelacionfm.cl\/index.php?rest_route=%2Fwp%2Fv2%2Fcategories&post=26758"},{"taxonomy":"post_tag","embeddable":true,"href":"https:\/\/radiorevelacionfm.cl\/index.php?rest_route=%2Fwp%2Fv2%2Ftags&post=26758"}],"curies":[{"name":"wp","href":"https:\/\/api.w.org\/{rel}","templated":true}]}}