{"id":26755,"date":"2023-01-18T12:02:26","date_gmt":"2023-01-18T15:02:26","guid":{"rendered":"https:\/\/radiorevelacionfm.cl\/?p=26755"},"modified":"2023-01-18T12:02:26","modified_gmt":"2023-01-18T15:02:26","slug":"calisto-califica-como-una-falta-de-respeto-visita-de-subsecretario-de-pesca-a-la-region-y-lo-acusa-de-querer-dividir-a-los-pescadores","status":"publish","type":"post","link":"https:\/\/radiorevelacionfm.cl\/?p=26755","title":{"rendered":"Calisto califica como \u201cuna falta de respeto\u201d visita de Subsecretario de Pesca a la Regi\u00f3n y lo acusa de querer dividir a los pescadores"},"content":{"rendered":"<div class=\"flex_column av_one_full  flex_column_div av-zero-column-padding first  avia-builder-el-0  el_before_av_one_full  avia-builder-el-first  \" style='border-radius:0px; '><div  class='avia-image-container  av-styling-    avia-builder-el-1  avia-builder-el-no-sibling  avia-align-center '  itemprop=\"image\" itemscope=\"itemscope\" itemtype=\"https:\/\/schema.org\/ImageObject\"  ><div class='avia-image-container-inner'><div class='avia-image-overlay-wrap'><img decoding=\"async\" class='wp-image-6938 avia-img-lazy-loading-not-6938 avia_image' src=\"https:\/\/radiorevelacionfm.cl\/wp-content\/uploads\/2021\/08\/CALISTO-PESCADORES-1-1.jpg\" alt='' title='CALISTO PESCADORES (1) (1)' height=\"600\" width=\"1067\"  itemprop=\"thumbnailUrl\" srcset=\"https:\/\/radiorevelacionfm.cl\/wp-content\/uploads\/2021\/08\/CALISTO-PESCADORES-1-1.jpg 1067w, https:\/\/radiorevelacionfm.cl\/wp-content\/uploads\/2021\/08\/CALISTO-PESCADORES-1-1-300x169.jpg 300w, https:\/\/radiorevelacionfm.cl\/wp-content\/uploads\/2021\/08\/CALISTO-PESCADORES-1-1-1030x579.jpg 1030w, https:\/\/radiorevelacionfm.cl\/wp-content\/uploads\/2021\/08\/CALISTO-PESCADORES-1-1-768x432.jpg 768w, https:\/\/radiorevelacionfm.cl\/wp-content\/uploads\/2021\/08\/CALISTO-PESCADORES-1-1-705x396.jpg 705w, https:\/\/radiorevelacionfm.cl\/wp-content\/uploads\/2021\/08\/CALISTO-PESCADORES-1-1-600x337.jpg 600w\" sizes=\"(max-width: 1067px) 100vw, 1067px\" \/><\/div><\/div><\/div><\/div><div class=\"flex_column av_one_full  flex_column_div av-zero-column-padding first  avia-builder-el-2  el_after_av_one_full  el_before_av_one_full  column-top-margin\" style='border-radius:0px; '><section class=\"av_textblock_section \"  itemscope=\"itemscope\" itemtype=\"https:\/\/schema.org\/BlogPosting\" itemprop=\"blogPost\" ><div class='avia_textblock  '   itemprop=\"text\" ><p style=\"text-align: center;\"><span style=\"font-size: 18pt;\"><b><span lang=\"ES\">Calisto califica como \u201cuna falta de respeto\u201d visita de Subsecretario de Pesca a la Regi\u00f3n y lo acusa de querer dividir a los pescadores<\/span><\/b><\/span><\/p>\n<div id=\"gtx-trans\" style=\"position: absolute; left: -50px; top: 4.31534px;\">\n<div class=\"gtx-trans-icon\"><\/div>\n<\/div>\n<\/div><\/section><\/div><div class=\"flex_column av_one_full  flex_column_div av-zero-column-padding first  avia-builder-el-4  el_after_av_one_full  el_before_av_hr  column-top-margin\" style='border-radius:0px; '><section class=\"av_textblock_section \"  itemscope=\"itemscope\" itemtype=\"https:\/\/schema.org\/BlogPosting\" itemprop=\"blogPost\" ><div class='avia_textblock  '   itemprop=\"text\" ><p style=\"font-weight: 400; text-align: justify;\">El parlamentario asegur\u00f3 que no participar\u00e1 de la reuni\u00f3n, porque no valida la forma de la autoridad de querer dialogar tras aprobaci\u00f3n de indicaci\u00f3n que perjudica a Ays\u00e9n.<\/p>\n<p style=\"font-weight: 400; text-align: justify;\">Como una \u201cinsolencia y una falta de respeto\u201d calific\u00f3 el diputado Miguel \u00c1ngel Calisto la visita del Subsecretario de Pesca a la Regi\u00f3n, argumentando que la autoridad nacional se reunir\u00e1 s\u00f3lo con algunos dirigentes de la pesca y que su viaje no fue avisado con la suficiente antelaci\u00f3n para asegurar la participaci\u00f3n de los parlamentarios y dem\u00e1s pescadores.<\/p>\n<p style=\"font-weight: 400; text-align: justify;\">Recordemos que la semana pasada, en el marco de la discusi\u00f3n del proyecto que regula la extracci\u00f3n de recursos bent\u00f3nicos, fue aprobada una indicaci\u00f3n que permite a los pescadores de la D\u00e9cima Regi\u00f3n ingresar a aguas Ayseninas a extraer este tipo de recursos. Esto habr\u00eda motivado la visita del Subsecretario a la zona.<\/p>\n<p style=\"font-weight: 400; text-align: justify;\">Seg\u00fan el diputado Miguel \u00c1ngel Calisto, \u201cse trata de una visita entre gallos y media noche, porque no le avis\u00f3 a nadie y nos enteramos reci\u00e9n ayer. Las autoridades de Santiago claramente no conocen el litoral de Ays\u00e9n, porque no pueden organizar una reuni\u00f3n de un d\u00eda para otro, entendiendo que hay pescadores que son directamente afectados por la indicaci\u00f3n aprobada en el proyecto de recursos bent\u00f3nicos, y que son de de Islas Huichas, Gala, Gaviota o Melinka, que no van a poder estar porque esto se organiza a \u00faltima hora y no tienen c\u00f3mo llegar\u201d.<\/p>\n<p style=\"font-weight: 400; text-align: justify;\">\u201cNos parece que esto es una insolencia, luego que el propio subsecretario y el Gobierno fueran c\u00f3mplices con los parlamentarios y la flota pesquera de la D\u00e9cima, para garantizar que ellos puedan acceder a la Regi\u00f3n de Ays\u00e9n y extraer el recurso y venderlo en el mundo. Esto es una falta de respeto con la regi\u00f3n, estamos hipotecando el futuro de los hijos de Ays\u00e9n, de la gente del litoral\u201d, asegur\u00f3 Calisto.<\/p>\n<p style=\"font-weight: 400; text-align: justify;\">Calisto plante\u00f3 que \u201clo que hace el subsecretario es venir a dividirnos, se re\u00fane con unos, con otros y se va, solamente para cumplir. Eso no lo vamos a aceptar, no vamos a validar este proceso y esta forma de reunirse. Aqu\u00ed necesitamos que esta autoridad se re\u00fana con todos los dirigentes de la pesca, los que est\u00e1n realmente afectados por esta indicaci\u00f3n que han presentado los de la D\u00e9cima Regi\u00f3n para venir a depredar nuestros recursos bent\u00f3nicos\u201d.<\/p>\n<p style=\"font-weight: 400; text-align: justify;\">\u201cSi ma\u00f1ana llega la flota de la D\u00e9cima Regi\u00f3n a Ays\u00e9n, en seis meses nos quedamos sin luga, sin, erizos, sin almejas. Es fundamental que ac\u00e1 entendamos el problema que estamos teniendo de fondo. Hago un llamado a todas las autoridades regionales a que actuemos en conjunto, m\u00e1s all\u00e1 de las diferencias pol\u00edticas, que aqu\u00ed ya dan lo mismo, porque estamos hablando de la defensa de los recursos de Ays\u00e9n. Yo no voy a participar de estas actividades con el Subsecretario, porque no voy a validar la forma en c\u00f3mo \u00e9l quiere dialogar con la regi\u00f3n de Ays\u00e9n\u201d, indic\u00f3.<\/p>\n<p style=\"font-weight: 400; text-align: justify;\">Finalmente, el legislador se\u00f1al\u00f3 que \u201clos recursos pesqueros son tremendamente importantes para la regi\u00f3n, representan el 40% de la actividad econ\u00f3mica de Ays\u00e9n. Es el motor econ\u00f3mico que mueve y ayuda a las distintas comunas, incluso las que no son del litoral. Ac\u00e1 tenemos que dar una lucha regional en esta materia, mantenernos unidos, podemos tener diferencias, pero tenemos que unirnos para defender nuestros recursos\u201d.<\/p>\n<\/div><\/section><\/div><div  style='height:50px' class='hr hr-invisible   avia-builder-el-6  el_after_av_one_full  el_before_av_social_share '><span class='hr-inner ' ><span class='hr-inner-style'><\/span><\/span><\/div><\/p>\n<div  class='av-social-sharing-box  avia-builder-el-7  el_after_av_hr  el_before_av_hr  '><div class='av-share-box'><h5 class='av-share-link-description av-no-toc '>Compartir esta noticia<\/h5><ul class='av-share-box-list noLightbox'><li class='av-share-link av-social-link-facebook' ><a target=\"_blank\" aria-label=\"Compartir en Facebook\" href='https:\/\/www.facebook.com\/sharer.php?u=https:\/\/radiorevelacionfm.cl\/?p=26755&#038;t=Calisto%20califica%20como%20%E2%80%9Cuna%20falta%20de%20respeto%E2%80%9D%20visita%20de%20Subsecretario%20de%20Pesca%20a%20la%20Regi%C3%B3n%20y%20lo%20acusa%20de%20querer%20dividir%20a%20los%20pescadores' aria-hidden='false' data-av_icon='\ue8f3' data-av_iconfont='entypo-fontello' title='' data-avia-related-tooltip='Compartir en Facebook' rel=\"noopener\"><span class='avia_hidden_link_text'>Compartir en Facebook<\/span><\/a><\/li><li class='av-share-link av-social-link-twitter' ><a target=\"_blank\" aria-label=\"Compartir en Twitter\" href='https:\/\/twitter.com\/share?text=Calisto%20califica%20como%20%E2%80%9Cuna%20falta%20de%20respeto%E2%80%9D%20visita%20de%20Subsecretario%20de%20Pesca%20a%20la%20Regi%C3%B3n%20y%20lo%20acusa%20de%20querer%20dividir%20a%20los%20pescadores&#038;url=https:\/\/radiorevelacionfm.cl\/?p=26755' aria-hidden='false' data-av_icon='\ue8f1' data-av_iconfont='entypo-fontello' title='' data-avia-related-tooltip='Compartir en Twitter' rel=\"noopener\"><span class='avia_hidden_link_text'>Compartir en Twitter<\/span><\/a><\/li><li class='av-share-link av-social-link-whatsapp' ><a target=\"_blank\" aria-label=\"Compartir en Whatsapp\" href='https:\/\/api.whatsapp.com\/send?text=https:\/\/radiorevelacionfm.cl\/?p=26755' aria-hidden='false' data-av_icon='\uf232' data-av_iconfont='entypo-fontello' title='' data-avia-related-tooltip='Compartir en Whatsapp' rel=\"noopener\"><span class='avia_hidden_link_text'>Compartir en Whatsapp<\/span><\/a><\/li><li class='av-share-link av-social-link-linkedin' ><a target=\"_blank\" aria-label=\"Compartir en LinkedIn\" href='https:\/\/linkedin.com\/shareArticle?mini=true&#038;title=Calisto%20califica%20como%20%E2%80%9Cuna%20falta%20de%20respeto%E2%80%9D%20visita%20de%20Subsecretario%20de%20Pesca%20a%20la%20Regi%C3%B3n%20y%20lo%20acusa%20de%20querer%20dividir%20a%20los%20pescadores&#038;url=https:\/\/radiorevelacionfm.cl\/?p=26755' aria-hidden='false' data-av_icon='\ue8fc' data-av_iconfont='entypo-fontello' title='' data-avia-related-tooltip='Compartir en LinkedIn' rel=\"noopener\"><span class='avia_hidden_link_text'>Compartir en LinkedIn<\/span><\/a><\/li><li class='av-share-link av-social-link-mail' ><a  aria-label=\"Compartir por correo\" href='mailto:?subject=Calisto%20califica%20como%20%E2%80%9Cuna%20falta%20de%20respeto%E2%80%9D%20visita%20de%20Subsecretario%20de%20Pesca%20a%20la%20Regi%C3%B3n%20y%20lo%20acusa%20de%20querer%20dividir%20a%20los%20pescadores&#038;body=https:\/\/radiorevelacionfm.cl\/?p=26755' aria-hidden='false' data-av_icon='\ue805' data-av_iconfont='entypo-fontello' title='' data-avia-related-tooltip='Compartir por correo'><span class='avia_hidden_link_text'>Compartir por correo<\/span><\/a><\/li><\/ul><\/div><\/div>\n<div  style='height:50px' class='hr hr-invisible   avia-builder-el-8  el_after_av_social_share  el_before_av_comments_list '><span class='hr-inner ' ><span class='hr-inner-style'><\/span><\/span><\/div>\n<div  class='av-buildercomment  av-blog-meta-html-info-disabled av-blog-meta-tag-disabled  '><\/div>\n","protected":false},"excerpt":{"rendered":"","protected":false},"author":1,"featured_media":6938,"comment_status":"open","ping_status":"open","sticky":false,"template":"","format":"standard","meta":{"footnotes":""},"categories":[35],"tags":[],"class_list":["post-26755","post","type-post","status-publish","format-standard","has-post-thumbnail","hentry","category-politica"],"jetpack_featured_media_url":"https:\/\/radiorevelacionfm.cl\/wp-content\/uploads\/2021\/08\/CALISTO-PESCADORES-1-1.jpg","_links":{"self":[{"href":"https:\/\/radiorevelacionfm.cl\/index.php?rest_route=\/wp\/v2\/posts\/26755","targetHints":{"allow":["GET"]}}],"collection":[{"href":"https:\/\/radiorevelacionfm.cl\/index.php?rest_route=\/wp\/v2\/posts"}],"about":[{"href":"https:\/\/radiorevelacionfm.cl\/index.php?rest_route=\/wp\/v2\/types\/post"}],"author":[{"embeddable":true,"href":"https:\/\/radiorevelacionfm.cl\/index.php?rest_route=\/wp\/v2\/users\/1"}],"replies":[{"embeddable":true,"href":"https:\/\/radiorevelacionfm.cl\/index.php?rest_route=%2Fwp%2Fv2%2Fcomments&post=26755"}],"version-history":[{"count":2,"href":"https:\/\/radiorevelacionfm.cl\/index.php?rest_route=\/wp\/v2\/posts\/26755\/revisions"}],"predecessor-version":[{"id":26757,"href":"https:\/\/radiorevelacionfm.cl\/index.php?rest_route=\/wp\/v2\/posts\/26755\/revisions\/26757"}],"wp:featuredmedia":[{"embeddable":true,"href":"https:\/\/radiorevelacionfm.cl\/index.php?rest_route=\/wp\/v2\/media\/6938"}],"wp:attachment":[{"href":"https:\/\/radiorevelacionfm.cl\/index.php?rest_route=%2Fwp%2Fv2%2Fmedia&parent=26755"}],"wp:term":[{"taxonomy":"category","embeddable":true,"href":"https:\/\/radiorevelacionfm.cl\/index.php?rest_route=%2Fwp%2Fv2%2Fcategories&post=26755"},{"taxonomy":"post_tag","embeddable":true,"href":"https:\/\/radiorevelacionfm.cl\/index.php?rest_route=%2Fwp%2Fv2%2Ftags&post=26755"}],"curies":[{"name":"wp","href":"https:\/\/api.w.org\/{rel}","templated":true}]}}