{"id":26750,"date":"2023-01-18T09:45:02","date_gmt":"2023-01-18T12:45:02","guid":{"rendered":"https:\/\/radiorevelacionfm.cl\/?p=26750"},"modified":"2023-01-18T09:45:02","modified_gmt":"2023-01-18T12:45:02","slug":"coordinan-el-retiro-de-1-500-kilos-de-envases-fitosanitarios-en-aysen","status":"publish","type":"post","link":"https:\/\/radiorevelacionfm.cl\/?p=26750","title":{"rendered":"Coordinan el retiro de 1.500 kilos de envases fitosanitarios en Ays\u00e9n"},"content":{"rendered":"<div class=\"flex_column av_one_full  flex_column_div av-zero-column-padding first  avia-builder-el-0  el_before_av_one_full  avia-builder-el-first  \" style='border-radius:0px; '><div  class='avia-image-container  av-styling-    avia-builder-el-1  avia-builder-el-no-sibling  avia-align-center '  itemprop=\"image\" itemscope=\"itemscope\" itemtype=\"https:\/\/schema.org\/ImageObject\"  ><div class='avia-image-container-inner'><div class='avia-image-overlay-wrap'><img decoding=\"async\" class='wp-image-26751 avia-img-lazy-loading-not-26751 avia_image' src=\"https:\/\/radiorevelacionfm.cl\/wp-content\/uploads\/2023\/01\/AFIPA-2-1-1.jpeg\" alt='' title='AFIPA 2 (1) (1)' height=\"600\" width=\"800\"  itemprop=\"thumbnailUrl\" srcset=\"https:\/\/radiorevelacionfm.cl\/wp-content\/uploads\/2023\/01\/AFIPA-2-1-1.jpeg 800w, https:\/\/radiorevelacionfm.cl\/wp-content\/uploads\/2023\/01\/AFIPA-2-1-1-300x225.jpeg 300w, https:\/\/radiorevelacionfm.cl\/wp-content\/uploads\/2023\/01\/AFIPA-2-1-1-768x576.jpeg 768w, https:\/\/radiorevelacionfm.cl\/wp-content\/uploads\/2023\/01\/AFIPA-2-1-1-705x529.jpeg 705w, https:\/\/radiorevelacionfm.cl\/wp-content\/uploads\/2023\/01\/AFIPA-2-1-1-600x450.jpeg 600w\" sizes=\"(max-width: 800px) 100vw, 800px\" \/><\/div><\/div><\/div><\/div><div class=\"flex_column av_one_full  flex_column_div av-zero-column-padding first  avia-builder-el-2  el_after_av_one_full  el_before_av_one_full  column-top-margin\" style='border-radius:0px; '><section class=\"av_textblock_section \"  itemscope=\"itemscope\" itemtype=\"https:\/\/schema.org\/BlogPosting\" itemprop=\"blogPost\" ><div class='avia_textblock  '   itemprop=\"text\" ><p style=\"text-align: center;\"><span style=\"font-size: 18pt;\"><strong>Coordinan el retiro de 1.500 kilos de envases fitosanitarios en Ays\u00e9n<\/strong><\/span><\/p>\n<div id=\"gtx-trans\" style=\"position: absolute; left: -50px; top: 4.31534px;\">\n<div class=\"gtx-trans-icon\"><\/div>\n<\/div>\n<\/div><\/section><\/div><div class=\"flex_column av_one_full  flex_column_div av-zero-column-padding first  avia-builder-el-4  el_after_av_one_full  el_before_av_hr  column-top-margin\" style='border-radius:0px; '><section class=\"av_textblock_section \"  itemscope=\"itemscope\" itemtype=\"https:\/\/schema.org\/BlogPosting\" itemprop=\"blogPost\" ><div class='avia_textblock  '   itemprop=\"text\" ><p style=\"text-align: justify;\">El Servicio Agr\u00edcola y Ganadero en conjunto con la Asociaci\u00f3n de Fabricantes e Importadores de Productos Fitosanitarios Agr\u00edcolas (AFIPA) coordinaron la recepci\u00f3n y retiro de los envases buscando la reutilizaci\u00f3n<\/p>\n<p style=\"text-align: justify;\">Cumplir la normativa ambiental y generar la reutilizaci\u00f3n de los envases fitosanitarios, fue el objetivo de la reciente recepci\u00f3n y despacho de 1.500 kilos de envases vac\u00edos de plaguicidas, herbicidas, entre otros.<\/p>\n<p style=\"text-align: justify;\">Lo anterior, responde a las regulaciones que buscan prevenir posibles efectos adversos a la salud de las personas, cuidado de animales y la protecci\u00f3n del medioambiente contempladas en la Resoluci\u00f3n Exenta N\u00b0 2.195\/2000. Materia que es fiscalizada por el servicio dependiente del Ministerio de Agricultura a trav\u00e9s de la Divisi\u00f3n de Protecci\u00f3n Agr\u00edcola \u2013 Forestal y Semillas.<\/p>\n<p style=\"text-align: justify;\">Para ello profesionales del SAG en conjunto con Asociaci\u00f3n de Fabricantes e Importadores de Productos Fitosanitarios Agr\u00edcolas (AFIPA), coordinaron la recepci\u00f3n de los envases vac\u00edos de plaguicidas de uso agr\u00edcola, las que deben cumplir las etiquetas de los envases de plaguicidas que obligan a \u201crealizar triple Lavado de los envases, inutilizarlos y eliminarlos de acuerdo con la normativa vigente\u201d.<\/p>\n<p style=\"text-align: justify;\">\u201cEsta acci\u00f3n tiene por objetivo eliminar envases de productos fitosanitarios que se generan en predios de la regi\u00f3n y as\u00ed evitar el mal uso de los envases una vez ya ocupados, evitar intoxicaciones y contaminaci\u00f3n, y as\u00ed poder contribuir al desarrollo de una agricultura sustentable en la regi\u00f3n\u201d, sostuvo Valeria Carrasco S\u00e1ez, directora (s) regional SAG.<\/p>\n<p style=\"text-align: justify;\">En este sentido Armin Clasing O. de AFIPA, se\u00f1al\u00f3 la importancia de este proceso para la reutilizaci\u00f3n de los envases.<\/p>\n<p style=\"text-align: justify;\">El Programa Campo Limpio recepciona envases vac\u00edos que los productores utilizan en sus predios para controlar plagas desde Arica y Coyhaique. Estos envases una vez retirados en los centros de acopio por AFIPA, son llevados a un centro de acondicionamiento, para llegar a las plantas de reciclaje para la producci\u00f3n de elementos para la agricultura y la industria tales como estacas, tablas, tubos para desag\u00fce, ca\u00f1er\u00edas, bolsas de basura, entre otros \u201cexplic\u00f3.<\/p>\n<p style=\"text-align: justify;\">Se\u00f1alar que, con este proceso, realizado en dependencias de COVEPA, se contin\u00faa un proceso que contin\u00faa con el envi\u00f3 a la Regi\u00f3n de Los R\u00edos para su posterior reciclaje f\u00edsico, los cuales se transforman en elementos para la agricultura y la industria tales como estacas, tablas, tubos para desag\u00fce, ca\u00f1er\u00edas, bolsas de basura, entre otros\u201d.<\/p>\n<\/div><\/section><\/div><div  style='height:50px' class='hr hr-invisible   avia-builder-el-6  el_after_av_one_full  el_before_av_social_share '><span class='hr-inner ' ><span class='hr-inner-style'><\/span><\/span><\/div><\/p>\n<div  class='av-social-sharing-box  avia-builder-el-7  el_after_av_hr  el_before_av_hr  '><div class='av-share-box'><h5 class='av-share-link-description av-no-toc '>Compartir esta noticia<\/h5><ul class='av-share-box-list noLightbox'><li class='av-share-link av-social-link-facebook' ><a target=\"_blank\" aria-label=\"Compartir en Facebook\" href='https:\/\/www.facebook.com\/sharer.php?u=https:\/\/radiorevelacionfm.cl\/?p=26750&#038;t=Coordinan%20el%20retiro%20de%201.500%20kilos%20de%20envases%20fitosanitarios%20en%20Ays%C3%A9n' aria-hidden='false' data-av_icon='\ue8f3' data-av_iconfont='entypo-fontello' title='' data-avia-related-tooltip='Compartir en Facebook' rel=\"noopener\"><span class='avia_hidden_link_text'>Compartir en Facebook<\/span><\/a><\/li><li class='av-share-link av-social-link-twitter' ><a target=\"_blank\" aria-label=\"Compartir en Twitter\" href='https:\/\/twitter.com\/share?text=Coordinan%20el%20retiro%20de%201.500%20kilos%20de%20envases%20fitosanitarios%20en%20Ays%C3%A9n&#038;url=https:\/\/radiorevelacionfm.cl\/?p=26750' aria-hidden='false' data-av_icon='\ue8f1' data-av_iconfont='entypo-fontello' title='' data-avia-related-tooltip='Compartir en Twitter' rel=\"noopener\"><span class='avia_hidden_link_text'>Compartir en Twitter<\/span><\/a><\/li><li class='av-share-link av-social-link-whatsapp' ><a target=\"_blank\" aria-label=\"Compartir en Whatsapp\" href='https:\/\/api.whatsapp.com\/send?text=https:\/\/radiorevelacionfm.cl\/?p=26750' aria-hidden='false' data-av_icon='\uf232' data-av_iconfont='entypo-fontello' title='' data-avia-related-tooltip='Compartir en Whatsapp' rel=\"noopener\"><span class='avia_hidden_link_text'>Compartir en Whatsapp<\/span><\/a><\/li><li class='av-share-link av-social-link-linkedin' ><a target=\"_blank\" aria-label=\"Compartir en LinkedIn\" href='https:\/\/linkedin.com\/shareArticle?mini=true&#038;title=Coordinan%20el%20retiro%20de%201.500%20kilos%20de%20envases%20fitosanitarios%20en%20Ays%C3%A9n&#038;url=https:\/\/radiorevelacionfm.cl\/?p=26750' aria-hidden='false' data-av_icon='\ue8fc' data-av_iconfont='entypo-fontello' title='' data-avia-related-tooltip='Compartir en LinkedIn' rel=\"noopener\"><span class='avia_hidden_link_text'>Compartir en LinkedIn<\/span><\/a><\/li><li class='av-share-link av-social-link-mail' ><a  aria-label=\"Compartir por correo\" href='mailto:?subject=Coordinan%20el%20retiro%20de%201.500%20kilos%20de%20envases%20fitosanitarios%20en%20Ays%C3%A9n&#038;body=https:\/\/radiorevelacionfm.cl\/?p=26750' aria-hidden='false' data-av_icon='\ue805' data-av_iconfont='entypo-fontello' title='' data-avia-related-tooltip='Compartir por correo'><span class='avia_hidden_link_text'>Compartir por correo<\/span><\/a><\/li><\/ul><\/div><\/div>\n<div  style='height:50px' class='hr hr-invisible   avia-builder-el-8  el_after_av_social_share  el_before_av_comments_list '><span class='hr-inner ' ><span class='hr-inner-style'><\/span><\/span><\/div>\n<div  class='av-buildercomment  av-blog-meta-html-info-disabled av-blog-meta-tag-disabled  '><\/div>\n","protected":false},"excerpt":{"rendered":"","protected":false},"author":1,"featured_media":26751,"comment_status":"open","ping_status":"open","sticky":false,"template":"","format":"standard","meta":{"footnotes":""},"categories":[38],"tags":[],"class_list":["post-26750","post","type-post","status-publish","format-standard","has-post-thumbnail","hentry","category-regional"],"jetpack_featured_media_url":"https:\/\/radiorevelacionfm.cl\/wp-content\/uploads\/2023\/01\/AFIPA-2-1-1.jpeg","_links":{"self":[{"href":"https:\/\/radiorevelacionfm.cl\/index.php?rest_route=\/wp\/v2\/posts\/26750","targetHints":{"allow":["GET"]}}],"collection":[{"href":"https:\/\/radiorevelacionfm.cl\/index.php?rest_route=\/wp\/v2\/posts"}],"about":[{"href":"https:\/\/radiorevelacionfm.cl\/index.php?rest_route=\/wp\/v2\/types\/post"}],"author":[{"embeddable":true,"href":"https:\/\/radiorevelacionfm.cl\/index.php?rest_route=\/wp\/v2\/users\/1"}],"replies":[{"embeddable":true,"href":"https:\/\/radiorevelacionfm.cl\/index.php?rest_route=%2Fwp%2Fv2%2Fcomments&post=26750"}],"version-history":[{"count":2,"href":"https:\/\/radiorevelacionfm.cl\/index.php?rest_route=\/wp\/v2\/posts\/26750\/revisions"}],"predecessor-version":[{"id":26753,"href":"https:\/\/radiorevelacionfm.cl\/index.php?rest_route=\/wp\/v2\/posts\/26750\/revisions\/26753"}],"wp:featuredmedia":[{"embeddable":true,"href":"https:\/\/radiorevelacionfm.cl\/index.php?rest_route=\/wp\/v2\/media\/26751"}],"wp:attachment":[{"href":"https:\/\/radiorevelacionfm.cl\/index.php?rest_route=%2Fwp%2Fv2%2Fmedia&parent=26750"}],"wp:term":[{"taxonomy":"category","embeddable":true,"href":"https:\/\/radiorevelacionfm.cl\/index.php?rest_route=%2Fwp%2Fv2%2Fcategories&post=26750"},{"taxonomy":"post_tag","embeddable":true,"href":"https:\/\/radiorevelacionfm.cl\/index.php?rest_route=%2Fwp%2Fv2%2Ftags&post=26750"}],"curies":[{"name":"wp","href":"https:\/\/api.w.org\/{rel}","templated":true}]}}