{"id":26743,"date":"2023-01-18T13:23:48","date_gmt":"2023-01-18T16:23:48","guid":{"rendered":"https:\/\/radiorevelacionfm.cl\/?p=26743"},"modified":"2023-01-18T13:23:48","modified_gmt":"2023-01-18T16:23:48","slug":"articulacion-publico-privada-reafirma-delegado-rodrigo-araya-en-la-provincia-general-carrera","status":"publish","type":"post","link":"https:\/\/radiorevelacionfm.cl\/?p=26743","title":{"rendered":"Articulaci\u00f3n p\u00fablico privada reafirma delegado Rodrigo Araya en la provincia General Carrera"},"content":{"rendered":"<div class=\"flex_column av_one_full  flex_column_div av-zero-column-padding first  avia-builder-el-0  el_before_av_one_full  avia-builder-el-first  \" style='border-radius:0px; '><div  class='avia-image-container  av-styling-    avia-builder-el-1  avia-builder-el-no-sibling  avia-align-center '  itemprop=\"image\" itemscope=\"itemscope\" itemtype=\"https:\/\/schema.org\/ImageObject\"  ><div class='avia-image-container-inner'><div class='avia-image-overlay-wrap'><img decoding=\"async\" class='wp-image-26744 avia-img-lazy-loading-not-26744 avia_image' src=\"https:\/\/radiorevelacionfm.cl\/wp-content\/uploads\/2023\/01\/20230116084213_img_2076-1_optimized.jpg\" alt='' title='20230116084213_img_2076-(1)_optimized' height=\"600\" width=\"900\"  itemprop=\"thumbnailUrl\" srcset=\"https:\/\/radiorevelacionfm.cl\/wp-content\/uploads\/2023\/01\/20230116084213_img_2076-1_optimized.jpg 900w, https:\/\/radiorevelacionfm.cl\/wp-content\/uploads\/2023\/01\/20230116084213_img_2076-1_optimized-300x200.jpg 300w, https:\/\/radiorevelacionfm.cl\/wp-content\/uploads\/2023\/01\/20230116084213_img_2076-1_optimized-768x512.jpg 768w, https:\/\/radiorevelacionfm.cl\/wp-content\/uploads\/2023\/01\/20230116084213_img_2076-1_optimized-705x470.jpg 705w, https:\/\/radiorevelacionfm.cl\/wp-content\/uploads\/2023\/01\/20230116084213_img_2076-1_optimized-600x400.jpg 600w\" sizes=\"(max-width: 900px) 100vw, 900px\" \/><\/div><\/div><\/div><\/div><div class=\"flex_column av_one_full  flex_column_div av-zero-column-padding first  avia-builder-el-2  el_after_av_one_full  el_before_av_one_full  column-top-margin\" style='border-radius:0px; '><section class=\"av_textblock_section \"  itemscope=\"itemscope\" itemtype=\"https:\/\/schema.org\/BlogPosting\" itemprop=\"blogPost\" ><div class='avia_textblock  '   itemprop=\"text\" ><p style=\"text-align: center;\"><strong><span style=\"font-size: 18pt;\">Articulaci\u00f3n p\u00fablico privada reafirma delegado Rodrigo Araya en la provincia General Carrera<\/span><\/strong><\/p>\n<div id=\"gtx-trans\" style=\"position: absolute; left: -50px; top: 4.31534px;\">\n<div class=\"gtx-trans-icon\"><\/div>\n<\/div>\n<\/div><\/section><\/div><div class=\"flex_column av_one_full  flex_column_div av-zero-column-padding first  avia-builder-el-4  el_after_av_one_full  el_before_av_hr  column-top-margin\" style='border-radius:0px; '><section class=\"av_textblock_section \"  itemscope=\"itemscope\" itemtype=\"https:\/\/schema.org\/BlogPosting\" itemprop=\"blogPost\" ><div class='avia_textblock  '   itemprop=\"text\" ><p style=\"font-weight: 400; text-align: justify;\">Reafirmando la gesti\u00f3n p\u00fablica articulada a nivel regional y provincial, el Delegado Presidencial Regional, Rodrigo Araya, desarroll\u00f3 este lunes una agenda de actividades junto al Delegado Presidencial Provincial General Carrera, Crist\u00f3bal Barcel\u00f3.<\/p>\n<p style=\"font-weight: 400; text-align: justify;\">\u201cSe fue a presentar el Delegado Presidencial, Crist\u00f3bal Barcel\u00f3, poni\u00e9ndose a disposici\u00f3n de mantener la comunicaci\u00f3n que esta delegaci\u00f3n ha mantenido durante todos estos meses de gobierno. Debemos seguir en esa l\u00ednea, e ir mejorando en todo lo que nuestro Gobierno est\u00e1 dise\u00f1ando tanto en materia de pol\u00edticas nacionales, legislaci\u00f3n, como en recursos que impactan directamente en el territorio\u201d, expres\u00f3 Rodrigo Araya.<\/p>\n<p style=\"font-weight: 400; text-align: justify;\">Por su parte, Crist\u00f3bal Barcel\u00f3 reafirm\u00f3 la importancia de una gesti\u00f3n mancomunada, orientada a avanzar en\u00a0 materia de seguridad social, econ\u00f3mica y ciudadana en todo el territorio provincial.<\/p>\n<p style=\"font-weight: 400; text-align: justify;\">\u201cPrimero agradecer la bienvenida que ha hecho el Delegado Presidencial Regional y acompa\u00f1arme en reuniones muy importantes, como fue la reuni\u00f3n con el alcalde de Chile Chico, participaci\u00f3n con los equipos de la seremi de Salud y Servicio de Salud para ver la ambulancia nueva y el estado de obras del hospital, pero adem\u00e1s es el compromiso que uno asume con la comunidad de la provincia General Carrera, de trabajar en conjunto, ser un gestor y coordinador con los otros sectores para traer la presencia del Estado a nuestra provincia\u201d, indic\u00f3.<\/p>\n<p style=\"font-weight: 400; text-align: justify;\">En la ciudad de Chile Chico, el Delegado Rodrigo Araya junto a su par provincial Crist\u00f3bal Barcel\u00f3 particip\u00f3 en la entrega de una nueva ambulancia 4&#215;4 junto a la Gobernadora Andrea Mac\u00edas, el alcalde Luperciano Mu\u00f1oz, la seremi de Salud, Carmen Monsalve y el director regional del Servicio de Salud Ays\u00e9n, Mauricio Cort\u00e9s, seguido de un recorrido por las obras de normalizaci\u00f3n del Hospital Leopoldo Ortega, con un 27 por ciento de avance hasta la fecha.<\/p>\n<p style=\"font-weight: 400; text-align: justify;\">Del mismo modo, sostuvieron reuniones de trabajo con el alcalde de Chile Chico y con representantes de los servicios p\u00fablicos presentes en la comuna; di\u00e1logo con medios de comunicaci\u00f3n y saludos con organizaciones ciudadanas, lo que se replicar\u00e1 en la comuna de R\u00edo Ib\u00e1\u00f1ez, en el marco de la gesti\u00f3n mancomunada provincial de gobierno.<\/p>\n<\/div><\/section><\/div><div  style='height:50px' class='hr hr-invisible   avia-builder-el-6  el_after_av_one_full  el_before_av_social_share '><span class='hr-inner ' ><span class='hr-inner-style'><\/span><\/span><\/div><\/p>\n<div  class='av-social-sharing-box  avia-builder-el-7  el_after_av_hr  el_before_av_hr  '><div class='av-share-box'><h5 class='av-share-link-description av-no-toc '>Compartir esta noticia<\/h5><ul class='av-share-box-list noLightbox'><li class='av-share-link av-social-link-facebook' ><a target=\"_blank\" aria-label=\"Compartir en Facebook\" href='https:\/\/www.facebook.com\/sharer.php?u=https:\/\/radiorevelacionfm.cl\/?p=26743&#038;t=Articulaci%C3%B3n%20p%C3%BAblico%20privada%20reafirma%20delegado%20Rodrigo%20Araya%20en%20la%20provincia%20General%20Carrera' aria-hidden='false' data-av_icon='\ue8f3' data-av_iconfont='entypo-fontello' title='' data-avia-related-tooltip='Compartir en Facebook' rel=\"noopener\"><span class='avia_hidden_link_text'>Compartir en Facebook<\/span><\/a><\/li><li class='av-share-link av-social-link-twitter' ><a target=\"_blank\" aria-label=\"Compartir en Twitter\" href='https:\/\/twitter.com\/share?text=Articulaci%C3%B3n%20p%C3%BAblico%20privada%20reafirma%20delegado%20Rodrigo%20Araya%20en%20la%20provincia%20General%20Carrera&#038;url=https:\/\/radiorevelacionfm.cl\/?p=26743' aria-hidden='false' data-av_icon='\ue8f1' data-av_iconfont='entypo-fontello' title='' data-avia-related-tooltip='Compartir en Twitter' rel=\"noopener\"><span class='avia_hidden_link_text'>Compartir en Twitter<\/span><\/a><\/li><li class='av-share-link av-social-link-whatsapp' ><a target=\"_blank\" aria-label=\"Compartir en Whatsapp\" href='https:\/\/api.whatsapp.com\/send?text=https:\/\/radiorevelacionfm.cl\/?p=26743' aria-hidden='false' data-av_icon='\uf232' data-av_iconfont='entypo-fontello' title='' data-avia-related-tooltip='Compartir en Whatsapp' rel=\"noopener\"><span class='avia_hidden_link_text'>Compartir en Whatsapp<\/span><\/a><\/li><li class='av-share-link av-social-link-linkedin' ><a target=\"_blank\" aria-label=\"Compartir en LinkedIn\" href='https:\/\/linkedin.com\/shareArticle?mini=true&#038;title=Articulaci%C3%B3n%20p%C3%BAblico%20privada%20reafirma%20delegado%20Rodrigo%20Araya%20en%20la%20provincia%20General%20Carrera&#038;url=https:\/\/radiorevelacionfm.cl\/?p=26743' aria-hidden='false' data-av_icon='\ue8fc' data-av_iconfont='entypo-fontello' title='' data-avia-related-tooltip='Compartir en LinkedIn' rel=\"noopener\"><span class='avia_hidden_link_text'>Compartir en LinkedIn<\/span><\/a><\/li><li class='av-share-link av-social-link-mail' ><a  aria-label=\"Compartir por correo\" href='mailto:?subject=Articulaci%C3%B3n%20p%C3%BAblico%20privada%20reafirma%20delegado%20Rodrigo%20Araya%20en%20la%20provincia%20General%20Carrera&#038;body=https:\/\/radiorevelacionfm.cl\/?p=26743' aria-hidden='false' data-av_icon='\ue805' data-av_iconfont='entypo-fontello' title='' data-avia-related-tooltip='Compartir por correo'><span class='avia_hidden_link_text'>Compartir por correo<\/span><\/a><\/li><\/ul><\/div><\/div>\n<div  style='height:50px' class='hr hr-invisible   avia-builder-el-8  el_after_av_social_share  el_before_av_comments_list '><span class='hr-inner ' ><span class='hr-inner-style'><\/span><\/span><\/div>\n<div  class='av-buildercomment  av-blog-meta-html-info-disabled av-blog-meta-tag-disabled  '><\/div>\n","protected":false},"excerpt":{"rendered":"","protected":false},"author":1,"featured_media":26744,"comment_status":"open","ping_status":"open","sticky":false,"template":"","format":"standard","meta":{"footnotes":""},"categories":[38],"tags":[],"class_list":["post-26743","post","type-post","status-publish","format-standard","has-post-thumbnail","hentry","category-regional"],"jetpack_featured_media_url":"https:\/\/radiorevelacionfm.cl\/wp-content\/uploads\/2023\/01\/20230116084213_img_2076-1_optimized.jpg","_links":{"self":[{"href":"https:\/\/radiorevelacionfm.cl\/index.php?rest_route=\/wp\/v2\/posts\/26743","targetHints":{"allow":["GET"]}}],"collection":[{"href":"https:\/\/radiorevelacionfm.cl\/index.php?rest_route=\/wp\/v2\/posts"}],"about":[{"href":"https:\/\/radiorevelacionfm.cl\/index.php?rest_route=\/wp\/v2\/types\/post"}],"author":[{"embeddable":true,"href":"https:\/\/radiorevelacionfm.cl\/index.php?rest_route=\/wp\/v2\/users\/1"}],"replies":[{"embeddable":true,"href":"https:\/\/radiorevelacionfm.cl\/index.php?rest_route=%2Fwp%2Fv2%2Fcomments&post=26743"}],"version-history":[{"count":2,"href":"https:\/\/radiorevelacionfm.cl\/index.php?rest_route=\/wp\/v2\/posts\/26743\/revisions"}],"predecessor-version":[{"id":26770,"href":"https:\/\/radiorevelacionfm.cl\/index.php?rest_route=\/wp\/v2\/posts\/26743\/revisions\/26770"}],"wp:featuredmedia":[{"embeddable":true,"href":"https:\/\/radiorevelacionfm.cl\/index.php?rest_route=\/wp\/v2\/media\/26744"}],"wp:attachment":[{"href":"https:\/\/radiorevelacionfm.cl\/index.php?rest_route=%2Fwp%2Fv2%2Fmedia&parent=26743"}],"wp:term":[{"taxonomy":"category","embeddable":true,"href":"https:\/\/radiorevelacionfm.cl\/index.php?rest_route=%2Fwp%2Fv2%2Fcategories&post=26743"},{"taxonomy":"post_tag","embeddable":true,"href":"https:\/\/radiorevelacionfm.cl\/index.php?rest_route=%2Fwp%2Fv2%2Ftags&post=26743"}],"curies":[{"name":"wp","href":"https:\/\/api.w.org\/{rel}","templated":true}]}}