{"id":26739,"date":"2023-01-17T19:04:03","date_gmt":"2023-01-17T22:04:03","guid":{"rendered":"https:\/\/radiorevelacionfm.cl\/?p=26739"},"modified":"2023-01-17T19:04:03","modified_gmt":"2023-01-17T22:04:03","slug":"refuerzan-normativa-que-regula-la-circulacion-de-ciclos-motorizados","status":"publish","type":"post","link":"https:\/\/radiorevelacionfm.cl\/?p=26739","title":{"rendered":"Refuerzan normativa que regula la circulaci\u00f3n de ciclos motorizados"},"content":{"rendered":"<div class=\"flex_column av_one_full  flex_column_div av-zero-column-padding first  avia-builder-el-0  el_before_av_one_full  avia-builder-el-first  \" style='border-radius:0px; '><div  class='avia-image-container  av-styling-    avia-builder-el-1  avia-builder-el-no-sibling  avia-align-center '  itemprop=\"image\" itemscope=\"itemscope\" itemtype=\"https:\/\/schema.org\/ImageObject\"  ><div class='avia-image-container-inner'><div class='avia-image-overlay-wrap'><img decoding=\"async\" class='wp-image-26740 avia-img-lazy-loading-not-26740 avia_image' src=\"https:\/\/radiorevelacionfm.cl\/wp-content\/uploads\/2023\/01\/fiscalizacion-motos-52-1_optimized-1-1.jpg\" alt='' title='fiscalizacion-motos-(52)-(1)_optimized (1) (1)' height=\"600\" width=\"1067\"  itemprop=\"thumbnailUrl\" srcset=\"https:\/\/radiorevelacionfm.cl\/wp-content\/uploads\/2023\/01\/fiscalizacion-motos-52-1_optimized-1-1.jpg 1067w, https:\/\/radiorevelacionfm.cl\/wp-content\/uploads\/2023\/01\/fiscalizacion-motos-52-1_optimized-1-1-300x169.jpg 300w, https:\/\/radiorevelacionfm.cl\/wp-content\/uploads\/2023\/01\/fiscalizacion-motos-52-1_optimized-1-1-1030x579.jpg 1030w, https:\/\/radiorevelacionfm.cl\/wp-content\/uploads\/2023\/01\/fiscalizacion-motos-52-1_optimized-1-1-768x432.jpg 768w, https:\/\/radiorevelacionfm.cl\/wp-content\/uploads\/2023\/01\/fiscalizacion-motos-52-1_optimized-1-1-705x396.jpg 705w, https:\/\/radiorevelacionfm.cl\/wp-content\/uploads\/2023\/01\/fiscalizacion-motos-52-1_optimized-1-1-600x337.jpg 600w\" sizes=\"(max-width: 1067px) 100vw, 1067px\" \/><\/div><\/div><\/div><\/div><div class=\"flex_column av_one_full  flex_column_div av-zero-column-padding first  avia-builder-el-2  el_after_av_one_full  el_before_av_one_full  column-top-margin\" style='border-radius:0px; '><section class=\"av_textblock_section \"  itemscope=\"itemscope\" itemtype=\"https:\/\/schema.org\/BlogPosting\" itemprop=\"blogPost\" ><div class='avia_textblock  '   itemprop=\"text\" ><p style=\"text-align: center;\"><span style=\"font-size: 18pt;\"><b>Refuerzan normativa que regula la circulaci\u00f3n de ciclos motorizados<\/b><\/span><\/p>\n<div id=\"gtx-trans\" style=\"position: absolute; left: -50px; top: 4.31534px;\">\n<div class=\"gtx-trans-icon\"><\/div>\n<\/div>\n<\/div><\/section><\/div><div class=\"flex_column av_one_full  flex_column_div av-zero-column-padding first  avia-builder-el-4  el_after_av_one_full  el_before_av_hr  column-top-margin\" style='border-radius:0px; '><section class=\"av_textblock_section \"  itemscope=\"itemscope\" itemtype=\"https:\/\/schema.org\/BlogPosting\" itemprop=\"blogPost\" ><div class='avia_textblock  '   itemprop=\"text\" ><p style=\"text-align: justify;\">A nivel nacional, el Programa Nacional de Fiscalizaci\u00f3n junto a Carabineros, realizaron controles para verificar el cumplimiento de la Ley de Tr\u00e1nsito por parte de motociclistas.<\/p>\n<p style=\"text-align: justify;\">Con el objetivo de aumentar la seguridad vial en las calles, el Ministerio de Transportes y Telecomunicaciones, a trav\u00e9s del Programa Nacional de Fiscalizaci\u00f3n, realiz\u00f3 una jornada de control a nivel nacional, oportunidad en la que se centraron los esfuerzos en la inspecci\u00f3n de motocicletas. En el operativo realizado junto a Carabineros, se revis\u00f3 que los conductores contaran con la licencia correspondiente (clase C), los documentos correspondientes del veh\u00edculo y el uso obligatorio de casco.<\/p>\n<p style=\"text-align: justify;\">Al a\u00f1o 2021 en Ays\u00e9n, se registraron con su permiso de circulaci\u00f3n 593 veh\u00edculos de este tipo, los que se encuentran en su mayor\u00eda localizados en Coyhaique con 360 unidades. Dado que en esta temporada mejoran las condiciones clim\u00e1ticas, aumenta el uso de estos m\u00f3viles. A ello se suman los turistas que recorren la Carretera Austral en ciclos motorizados. Adem\u00e1s, existen bicicletas modificadas con motor externo que tambi\u00e9n deben cumplir las regulaciones legales.<\/p>\n<p style=\"text-align: justify;\">La seremi Claudia Cantero, detall\u00f3 los aspectos controlados en esta fiscalizaci\u00f3n: \u201cles recordamos a las personas que utilicen este tipo de veh\u00edculo que deben portar su documentaci\u00f3n, esto incluye el permiso de circulaci\u00f3n, la licencia de conducir clase C, la placa patente, el seguro obligatorio. Tambi\u00e9n deben portar casco para la seguridad. Las personas que no lo hagan se exponen a una multa de entre 1 y 1,5 UTM, adem\u00e1s de exponer sus vidas y la de los dem\u00e1s\u201d.<\/p>\n<div style=\"text-align: justify;\"><\/div>\n<\/div><\/section><\/div><div  style='height:50px' class='hr hr-invisible   avia-builder-el-6  el_after_av_one_full  el_before_av_social_share '><span class='hr-inner ' ><span class='hr-inner-style'><\/span><\/span><\/div><\/p>\n<div  class='av-social-sharing-box  avia-builder-el-7  el_after_av_hr  el_before_av_hr  '><div class='av-share-box'><h5 class='av-share-link-description av-no-toc '>Compartir esta noticia<\/h5><ul class='av-share-box-list noLightbox'><li class='av-share-link av-social-link-facebook' ><a target=\"_blank\" aria-label=\"Compartir en Facebook\" href='https:\/\/www.facebook.com\/sharer.php?u=https:\/\/radiorevelacionfm.cl\/?p=26739&#038;t=Refuerzan%20normativa%20que%20regula%20la%20circulaci%C3%B3n%20de%20ciclos%20motorizados' aria-hidden='false' data-av_icon='\ue8f3' data-av_iconfont='entypo-fontello' title='' data-avia-related-tooltip='Compartir en Facebook' rel=\"noopener\"><span class='avia_hidden_link_text'>Compartir en Facebook<\/span><\/a><\/li><li class='av-share-link av-social-link-twitter' ><a target=\"_blank\" aria-label=\"Compartir en Twitter\" href='https:\/\/twitter.com\/share?text=Refuerzan%20normativa%20que%20regula%20la%20circulaci%C3%B3n%20de%20ciclos%20motorizados&#038;url=https:\/\/radiorevelacionfm.cl\/?p=26739' aria-hidden='false' data-av_icon='\ue8f1' data-av_iconfont='entypo-fontello' title='' data-avia-related-tooltip='Compartir en Twitter' rel=\"noopener\"><span class='avia_hidden_link_text'>Compartir en Twitter<\/span><\/a><\/li><li class='av-share-link av-social-link-whatsapp' ><a target=\"_blank\" aria-label=\"Compartir en Whatsapp\" href='https:\/\/api.whatsapp.com\/send?text=https:\/\/radiorevelacionfm.cl\/?p=26739' aria-hidden='false' data-av_icon='\uf232' data-av_iconfont='entypo-fontello' title='' data-avia-related-tooltip='Compartir en Whatsapp' rel=\"noopener\"><span class='avia_hidden_link_text'>Compartir en Whatsapp<\/span><\/a><\/li><li class='av-share-link av-social-link-linkedin' ><a target=\"_blank\" aria-label=\"Compartir en LinkedIn\" href='https:\/\/linkedin.com\/shareArticle?mini=true&#038;title=Refuerzan%20normativa%20que%20regula%20la%20circulaci%C3%B3n%20de%20ciclos%20motorizados&#038;url=https:\/\/radiorevelacionfm.cl\/?p=26739' aria-hidden='false' data-av_icon='\ue8fc' data-av_iconfont='entypo-fontello' title='' data-avia-related-tooltip='Compartir en LinkedIn' rel=\"noopener\"><span class='avia_hidden_link_text'>Compartir en LinkedIn<\/span><\/a><\/li><li class='av-share-link av-social-link-mail' ><a  aria-label=\"Compartir por correo\" href='mailto:?subject=Refuerzan%20normativa%20que%20regula%20la%20circulaci%C3%B3n%20de%20ciclos%20motorizados&#038;body=https:\/\/radiorevelacionfm.cl\/?p=26739' aria-hidden='false' data-av_icon='\ue805' data-av_iconfont='entypo-fontello' title='' data-avia-related-tooltip='Compartir por correo'><span class='avia_hidden_link_text'>Compartir por correo<\/span><\/a><\/li><\/ul><\/div><\/div>\n<div  style='height:50px' class='hr hr-invisible   avia-builder-el-8  el_after_av_social_share  el_before_av_comments_list '><span class='hr-inner ' ><span class='hr-inner-style'><\/span><\/span><\/div>\n<div  class='av-buildercomment  av-blog-meta-html-info-disabled av-blog-meta-tag-disabled  '><\/div>\n","protected":false},"excerpt":{"rendered":"","protected":false},"author":1,"featured_media":26740,"comment_status":"open","ping_status":"open","sticky":false,"template":"","format":"standard","meta":{"footnotes":""},"categories":[59],"tags":[],"class_list":["post-26739","post","type-post","status-publish","format-standard","has-post-thumbnail","hentry","category-transporte"],"jetpack_featured_media_url":"https:\/\/radiorevelacionfm.cl\/wp-content\/uploads\/2023\/01\/fiscalizacion-motos-52-1_optimized-1-1.jpg","_links":{"self":[{"href":"https:\/\/radiorevelacionfm.cl\/index.php?rest_route=\/wp\/v2\/posts\/26739","targetHints":{"allow":["GET"]}}],"collection":[{"href":"https:\/\/radiorevelacionfm.cl\/index.php?rest_route=\/wp\/v2\/posts"}],"about":[{"href":"https:\/\/radiorevelacionfm.cl\/index.php?rest_route=\/wp\/v2\/types\/post"}],"author":[{"embeddable":true,"href":"https:\/\/radiorevelacionfm.cl\/index.php?rest_route=\/wp\/v2\/users\/1"}],"replies":[{"embeddable":true,"href":"https:\/\/radiorevelacionfm.cl\/index.php?rest_route=%2Fwp%2Fv2%2Fcomments&post=26739"}],"version-history":[{"count":2,"href":"https:\/\/radiorevelacionfm.cl\/index.php?rest_route=\/wp\/v2\/posts\/26739\/revisions"}],"predecessor-version":[{"id":26747,"href":"https:\/\/radiorevelacionfm.cl\/index.php?rest_route=\/wp\/v2\/posts\/26739\/revisions\/26747"}],"wp:featuredmedia":[{"embeddable":true,"href":"https:\/\/radiorevelacionfm.cl\/index.php?rest_route=\/wp\/v2\/media\/26740"}],"wp:attachment":[{"href":"https:\/\/radiorevelacionfm.cl\/index.php?rest_route=%2Fwp%2Fv2%2Fmedia&parent=26739"}],"wp:term":[{"taxonomy":"category","embeddable":true,"href":"https:\/\/radiorevelacionfm.cl\/index.php?rest_route=%2Fwp%2Fv2%2Fcategories&post=26739"},{"taxonomy":"post_tag","embeddable":true,"href":"https:\/\/radiorevelacionfm.cl\/index.php?rest_route=%2Fwp%2Fv2%2Ftags&post=26739"}],"curies":[{"name":"wp","href":"https:\/\/api.w.org\/{rel}","templated":true}]}}