{"id":26736,"date":"2023-01-18T11:53:07","date_gmt":"2023-01-18T14:53:07","guid":{"rendered":"https:\/\/radiorevelacionfm.cl\/?p=26736"},"modified":"2023-01-18T11:53:07","modified_gmt":"2023-01-18T14:53:07","slug":"24-familias-son-beneficiadas-a-traves-de-programas-de-habitabilidad-y-autoconsumo-en-cochrane","status":"publish","type":"post","link":"https:\/\/radiorevelacionfm.cl\/?p=26736","title":{"rendered":"24 familias son beneficiadas a trav\u00e9s de programas de habitabilidad y autoconsumo en Cochrane"},"content":{"rendered":"<div class=\"flex_column av_one_full  flex_column_div av-zero-column-padding first  avia-builder-el-0  el_before_av_one_full  avia-builder-el-first  \" style='border-radius:0px; '><div  class='avia-image-container  av-styling-    avia-builder-el-1  avia-builder-el-no-sibling  avia-align-center '  itemprop=\"image\" itemscope=\"itemscope\" itemtype=\"https:\/\/schema.org\/ImageObject\"  ><div class='avia-image-container-inner'><div class='avia-image-overlay-wrap'><img decoding=\"async\" class='wp-image-26737 avia-img-lazy-loading-not-26737 avia_image' src=\"https:\/\/radiorevelacionfm.cl\/wp-content\/uploads\/2023\/01\/actividad-1-2_optimized.jpg\" alt='' title='actividad-1-(2)_optimized' height=\"600\" width=\"1247\"  itemprop=\"thumbnailUrl\" srcset=\"https:\/\/radiorevelacionfm.cl\/wp-content\/uploads\/2023\/01\/actividad-1-2_optimized.jpg 1247w, https:\/\/radiorevelacionfm.cl\/wp-content\/uploads\/2023\/01\/actividad-1-2_optimized-300x144.jpg 300w, https:\/\/radiorevelacionfm.cl\/wp-content\/uploads\/2023\/01\/actividad-1-2_optimized-1030x496.jpg 1030w, https:\/\/radiorevelacionfm.cl\/wp-content\/uploads\/2023\/01\/actividad-1-2_optimized-768x370.jpg 768w, https:\/\/radiorevelacionfm.cl\/wp-content\/uploads\/2023\/01\/actividad-1-2_optimized-705x339.jpg 705w, https:\/\/radiorevelacionfm.cl\/wp-content\/uploads\/2023\/01\/actividad-1-2_optimized-600x289.jpg 600w\" sizes=\"(max-width: 1247px) 100vw, 1247px\" \/><\/div><\/div><\/div><\/div><div class=\"flex_column av_one_full  flex_column_div av-zero-column-padding first  avia-builder-el-2  el_after_av_one_full  el_before_av_one_full  column-top-margin\" style='border-radius:0px; '><section class=\"av_textblock_section \"  itemscope=\"itemscope\" itemtype=\"https:\/\/schema.org\/BlogPosting\" itemprop=\"blogPost\" ><div class='avia_textblock  '   itemprop=\"text\" ><p style=\"text-align: center;\"><strong><span style=\"font-size: 18pt;\">24 familias son beneficiadas a trav\u00e9s de programas de habitabilidad y autoconsumo en Cochrane <\/span><\/strong><\/p>\n<div id=\"gtx-trans\" style=\"position: absolute; left: -50px; top: 4.31534px;\">\n<div class=\"gtx-trans-icon\"><\/div>\n<\/div>\n<\/div><\/section><\/div><div class=\"flex_column av_one_full  flex_column_div av-zero-column-padding first  avia-builder-el-4  el_after_av_one_full  el_before_av_hr  column-top-margin\" style='border-radius:0px; '><section class=\"av_textblock_section \"  itemscope=\"itemscope\" itemtype=\"https:\/\/schema.org\/BlogPosting\" itemprop=\"blogPost\" ><div class='avia_textblock  '   itemprop=\"text\" ><p style=\"text-align: justify;\">En una actividad de cierre y certificaci\u00f3n las autoridades y familias beneficiarias destacaron la importancia de estas iniciativas y el compromiso de las instituciones involucradas.<\/p>\n<p style=\"text-align: justify;\">24 familias de la comuna de Cochrane fueron las beneficiarias y quienes participaron durante un a\u00f1o de los programas de Habitabilidad y Autoconsumo, pudiendo a trav\u00e9s de estas dos intervenciones mejorar las condiciones estructurales de sus viviendas y generar sistemas productivos de alimentos ya sea para su consumo o venta. Las iniciativas que llegaron a su t\u00e9rmino en esta versi\u00f3n, son parte de la oferta del Ministerio de Desarrollo Social y Familia que se canalizan a trav\u00e9s de distintos municipios y que cuentan con el acompa\u00f1amiento t\u00e9cnico de Fosis, siendo una mejora inmediata en la calidad de vida de las familias.<\/p>\n<p style=\"text-align: justify;\">Karina Acevedo Auad, SEREMI de Desarrollo Social y Familia, dijo estar muy contenta en poder acompa\u00f1ar en este proceso de cierre y certificaci\u00f3n a las familias beneficiarias, destacando adem\u00e1s el trabajo ejecutado por la Municipalidad de Cochrane y la asesor\u00eda t\u00e9cnica de Fosis. \u201cEste es un trabajo coordinado para poder apoyar a familias vulnerables que requieren mejorar las condiciones de habitabilidad de sus viviendas, que va desde el acceso hasta la seguridad. El estar ac\u00e1 obedece no s\u00f3lo a que queremos acompa\u00f1ar a las familias en tan importante proceso, sino que representa el mandato del Presidente Gabriel Boric para que conozcamos el real impacto y la realidad de la ejecuci\u00f3n de nuestros programas en la ciudadan\u00eda\u201d.<\/p>\n<p style=\"text-align: justify;\">En esa l\u00ednea, Delia Sepulveda, persona mayor de 77 a\u00f1os que viaj\u00f3 desde Tortel y que recibi\u00f3 la certificaci\u00f3n por su marido Irian Landeros, agradeci\u00f3 el apoyo obtenido a trav\u00e9s del programa de Habitabilidad y destac\u00f3 que es la primera vez que es beneficiaria de alguna iniciativa gubernamental. \u201cPara m\u00ed fue muy importante, es primera vez en la vida que nosotros recibimos estas ayudas, en todos estos a\u00f1os nunca hab\u00edamos sido beneficiarios. Nos hicieron hartos trabajos en la casa, muy buenos especialmente para mi esposo que es discapacitado, de hecho \u00e9l hab\u00eda tenido alg\u00fan accidente al igual que mi hija, as\u00ed es que es muy bueno y estoy muy agradecida y contenta\u201d.<\/p>\n<p style=\"text-align: justify;\">Marta Montiel, delegada presidencial en la provincia Capit\u00e1n Prat, explic\u00f3 que este programa que se est\u00e1 cerrando, que viene del a\u00f1o 2021 y se est\u00e1 fortaleciendo en esta gesti\u00f3n, representa una mejora sustantiva en la calidad de vida de las familias. \u201cEl autoconsumo es una actividad que siempre han desarrollado las familias y hoy, a trav\u00e9s de este programa, se les permite incluso generar alg\u00fan tipo de ingreso adicional; por otra parte la mejora de habitabilidad es una progreso que llega en el corto plazo, de r\u00e1pida ejecuci\u00f3n y que realmente requieren las familias. Destacamos la alianza virtuosa que se da desde el Ministerio de Desarrollo social, el Fosis y el Municipio de Cochrane, este trabajo sin duda aporta al programa que ha impulsado el Presidente Gabriel Boric especialmente centrado en la seguridad social\u201d.<\/p>\n<p style=\"text-align: justify;\">Finalmente, durante la ceremonia de cierre que certific\u00f3 a 24 familias, la directora de Desarrollo Comunitario de la Municipalidad de Cochrane, Andrea Aguilar, destac\u00f3 el trabajo desarrollado por el equipo ejecutor durante un a\u00f1o que permiti\u00f3 que \u201c14 familias fueran beneficiarias a trav\u00e9s del programa de autoconsumo y 10 \u00a0a trav\u00e9s de habitabilidad, 24 familias en total que quedan contentas y con la ejecuci\u00f3n de un programa que busca mejorar su calidad de vida a trav\u00e9s de la satisfacci\u00f3n de demandas y requerimientos espec\u00edficos para cada una de las familias beneficiadas\u201d.<\/p>\n<\/div><\/section><\/div><div  style='height:50px' class='hr hr-invisible   avia-builder-el-6  el_after_av_one_full  el_before_av_social_share '><span class='hr-inner ' ><span class='hr-inner-style'><\/span><\/span><\/div><\/p>\n<div  class='av-social-sharing-box  avia-builder-el-7  el_after_av_hr  el_before_av_hr  '><div class='av-share-box'><h5 class='av-share-link-description av-no-toc '>Compartir esta noticia<\/h5><ul class='av-share-box-list noLightbox'><li class='av-share-link av-social-link-facebook' ><a target=\"_blank\" aria-label=\"Compartir en Facebook\" href='https:\/\/www.facebook.com\/sharer.php?u=https:\/\/radiorevelacionfm.cl\/?p=26736&#038;t=24%20familias%20son%20beneficiadas%20a%20trav%C3%A9s%20de%20programas%20de%20habitabilidad%20y%20autoconsumo%20en%20Cochrane' aria-hidden='false' data-av_icon='\ue8f3' data-av_iconfont='entypo-fontello' title='' data-avia-related-tooltip='Compartir en Facebook' rel=\"noopener\"><span class='avia_hidden_link_text'>Compartir en Facebook<\/span><\/a><\/li><li class='av-share-link av-social-link-twitter' ><a target=\"_blank\" aria-label=\"Compartir en Twitter\" href='https:\/\/twitter.com\/share?text=24%20familias%20son%20beneficiadas%20a%20trav%C3%A9s%20de%20programas%20de%20habitabilidad%20y%20autoconsumo%20en%20Cochrane&#038;url=https:\/\/radiorevelacionfm.cl\/?p=26736' aria-hidden='false' data-av_icon='\ue8f1' data-av_iconfont='entypo-fontello' title='' data-avia-related-tooltip='Compartir en Twitter' rel=\"noopener\"><span class='avia_hidden_link_text'>Compartir en Twitter<\/span><\/a><\/li><li class='av-share-link av-social-link-whatsapp' ><a target=\"_blank\" aria-label=\"Compartir en Whatsapp\" href='https:\/\/api.whatsapp.com\/send?text=https:\/\/radiorevelacionfm.cl\/?p=26736' aria-hidden='false' data-av_icon='\uf232' data-av_iconfont='entypo-fontello' title='' data-avia-related-tooltip='Compartir en Whatsapp' rel=\"noopener\"><span class='avia_hidden_link_text'>Compartir en Whatsapp<\/span><\/a><\/li><li class='av-share-link av-social-link-linkedin' ><a target=\"_blank\" aria-label=\"Compartir en LinkedIn\" href='https:\/\/linkedin.com\/shareArticle?mini=true&#038;title=24%20familias%20son%20beneficiadas%20a%20trav%C3%A9s%20de%20programas%20de%20habitabilidad%20y%20autoconsumo%20en%20Cochrane&#038;url=https:\/\/radiorevelacionfm.cl\/?p=26736' aria-hidden='false' data-av_icon='\ue8fc' data-av_iconfont='entypo-fontello' title='' data-avia-related-tooltip='Compartir en LinkedIn' rel=\"noopener\"><span class='avia_hidden_link_text'>Compartir en LinkedIn<\/span><\/a><\/li><li class='av-share-link av-social-link-mail' ><a  aria-label=\"Compartir por correo\" href='mailto:?subject=24%20familias%20son%20beneficiadas%20a%20trav%C3%A9s%20de%20programas%20de%20habitabilidad%20y%20autoconsumo%20en%20Cochrane&#038;body=https:\/\/radiorevelacionfm.cl\/?p=26736' aria-hidden='false' data-av_icon='\ue805' data-av_iconfont='entypo-fontello' title='' data-avia-related-tooltip='Compartir por correo'><span class='avia_hidden_link_text'>Compartir por correo<\/span><\/a><\/li><\/ul><\/div><\/div>\n<div  style='height:50px' class='hr hr-invisible   avia-builder-el-8  el_after_av_social_share  el_before_av_comments_list '><span class='hr-inner ' ><span class='hr-inner-style'><\/span><\/span><\/div>\n<div  class='av-buildercomment  av-blog-meta-html-info-disabled av-blog-meta-tag-disabled  '><\/div>\n","protected":false},"excerpt":{"rendered":"","protected":false},"author":1,"featured_media":26737,"comment_status":"open","ping_status":"open","sticky":false,"template":"","format":"standard","meta":{"footnotes":""},"categories":[38],"tags":[],"class_list":["post-26736","post","type-post","status-publish","format-standard","has-post-thumbnail","hentry","category-regional"],"jetpack_featured_media_url":"https:\/\/radiorevelacionfm.cl\/wp-content\/uploads\/2023\/01\/actividad-1-2_optimized.jpg","_links":{"self":[{"href":"https:\/\/radiorevelacionfm.cl\/index.php?rest_route=\/wp\/v2\/posts\/26736","targetHints":{"allow":["GET"]}}],"collection":[{"href":"https:\/\/radiorevelacionfm.cl\/index.php?rest_route=\/wp\/v2\/posts"}],"about":[{"href":"https:\/\/radiorevelacionfm.cl\/index.php?rest_route=\/wp\/v2\/types\/post"}],"author":[{"embeddable":true,"href":"https:\/\/radiorevelacionfm.cl\/index.php?rest_route=\/wp\/v2\/users\/1"}],"replies":[{"embeddable":true,"href":"https:\/\/radiorevelacionfm.cl\/index.php?rest_route=%2Fwp%2Fv2%2Fcomments&post=26736"}],"version-history":[{"count":2,"href":"https:\/\/radiorevelacionfm.cl\/index.php?rest_route=\/wp\/v2\/posts\/26736\/revisions"}],"predecessor-version":[{"id":26754,"href":"https:\/\/radiorevelacionfm.cl\/index.php?rest_route=\/wp\/v2\/posts\/26736\/revisions\/26754"}],"wp:featuredmedia":[{"embeddable":true,"href":"https:\/\/radiorevelacionfm.cl\/index.php?rest_route=\/wp\/v2\/media\/26737"}],"wp:attachment":[{"href":"https:\/\/radiorevelacionfm.cl\/index.php?rest_route=%2Fwp%2Fv2%2Fmedia&parent=26736"}],"wp:term":[{"taxonomy":"category","embeddable":true,"href":"https:\/\/radiorevelacionfm.cl\/index.php?rest_route=%2Fwp%2Fv2%2Fcategories&post=26736"},{"taxonomy":"post_tag","embeddable":true,"href":"https:\/\/radiorevelacionfm.cl\/index.php?rest_route=%2Fwp%2Fv2%2Ftags&post=26736"}],"curies":[{"name":"wp","href":"https:\/\/api.w.org\/{rel}","templated":true}]}}