{"id":26733,"date":"2023-01-18T09:33:38","date_gmt":"2023-01-18T12:33:38","guid":{"rendered":"https:\/\/radiorevelacionfm.cl\/?p=26733"},"modified":"2023-01-18T09:33:38","modified_gmt":"2023-01-18T12:33:38","slug":"marcia-raphael-valoro-aprobacion-de-permiso-especial-para-el-acompanamiento-de-las-madres-al-momento-del-parto","status":"publish","type":"post","link":"https:\/\/radiorevelacionfm.cl\/?p=26733","title":{"rendered":"Marcia Raphael valor\u00f3 aprobaci\u00f3n de permiso especial para el acompa\u00f1amiento de las madres al momento del parto"},"content":{"rendered":"<div class=\"flex_column av_one_full  flex_column_div av-zero-column-padding first  avia-builder-el-0  el_before_av_one_full  avia-builder-el-first  \" style='border-radius:0px; '><div  class='avia-image-container  av-styling-    avia-builder-el-1  avia-builder-el-no-sibling  avia-align-center '  itemprop=\"image\" itemscope=\"itemscope\" itemtype=\"https:\/\/schema.org\/ImageObject\"  ><div class='avia-image-container-inner'><div class='avia-image-overlay-wrap'><img decoding=\"async\" class='wp-image-26734 avia-img-lazy-loading-not-26734 avia_image' src=\"https:\/\/radiorevelacionfm.cl\/wp-content\/uploads\/2023\/01\/Mrm-1-1.jpeg\" alt='' title='Mrm (1) (1)' height=\"600\" width=\"901\"  itemprop=\"thumbnailUrl\" srcset=\"https:\/\/radiorevelacionfm.cl\/wp-content\/uploads\/2023\/01\/Mrm-1-1.jpeg 901w, https:\/\/radiorevelacionfm.cl\/wp-content\/uploads\/2023\/01\/Mrm-1-1-300x200.jpeg 300w, https:\/\/radiorevelacionfm.cl\/wp-content\/uploads\/2023\/01\/Mrm-1-1-768x511.jpeg 768w, https:\/\/radiorevelacionfm.cl\/wp-content\/uploads\/2023\/01\/Mrm-1-1-705x469.jpeg 705w, https:\/\/radiorevelacionfm.cl\/wp-content\/uploads\/2023\/01\/Mrm-1-1-600x400.jpeg 600w\" sizes=\"(max-width: 901px) 100vw, 901px\" \/><\/div><\/div><\/div><\/div><div class=\"flex_column av_one_full  flex_column_div av-zero-column-padding first  avia-builder-el-2  el_after_av_one_full  el_before_av_one_full  column-top-margin\" style='border-radius:0px; '><section class=\"av_textblock_section \"  itemscope=\"itemscope\" itemtype=\"https:\/\/schema.org\/BlogPosting\" itemprop=\"blogPost\" ><div class='avia_textblock  '   itemprop=\"text\" ><p style=\"text-align: center;\"><strong><span style=\"font-size: 18pt;\">Marcia Raphael valor\u00f3 aprobaci\u00f3n de permiso especial para el acompa\u00f1amiento de las madres al momento del parto<\/span><\/strong><\/p>\n<div id=\"gtx-trans\" style=\"position: absolute; left: -50px; top: 4.31534px;\">\n<div class=\"gtx-trans-icon\"><\/div>\n<\/div>\n<\/div><\/section><\/div><div class=\"flex_column av_one_full  flex_column_div av-zero-column-padding first  avia-builder-el-4  el_after_av_one_full  el_before_av_hr  column-top-margin\" style='border-radius:0px; '><section class=\"av_textblock_section \"  itemscope=\"itemscope\" itemtype=\"https:\/\/schema.org\/BlogPosting\" itemprop=\"blogPost\" ><div class='avia_textblock  '   itemprop=\"text\" ><p style=\"text-align: justify;\">La iniciativa de autor\u00eda de diputada por Ays\u00e9n y el legislador Mauro Gonz\u00e1lez fue aprobada por 130 votos a favor en la C\u00e1mara Baja y ahora ser\u00e1 enviada al Senado. De esta manera se avanza firmemente para que la modificaci\u00f3n al C\u00f3digo del Trabajo permita facilitar cinco d\u00edas, al padre u otra a persona, para estar presente en el nacimiento junto a la madre. \u201cAs\u00ed le devolvemos la dignidad a las familias de nuestro pa\u00eds y, en especial, a las de las zonas extremas\u201d, destac\u00f3 la representante por el Distrito N\u00b027.<\/p>\n<p style=\"text-align: justify;\">\u201cActualmente no existe ning\u00fan permiso laboral para quienes puedan acompa\u00f1ar a las madres, y a trav\u00e9s de este proyecto se quiere cambiar esa realidad y as\u00ed beneficiar a quienes construyen familia y hacen patria, donde muchas veces el Estado no llega\u201d. As\u00ed justific\u00f3 su voto favorable la diputada Marcia Raphael Mora, para impulsar un importante cambio al C\u00f3digo del Trabajo, principalmente en lo que se refiere al Art\u00edculo 195 bis, exponiendo que \u2018el padre del hijo o hija, cuyo nacimiento obligare a la madre a trasladarse en un territorio geogr\u00e1fico adverso, o recorrer largas distancias para el parto, por carecer su lugar de residencia de la infraestructura o el personal adecuado, tendr\u00e1 derecho a un permiso pagado de cinco d\u00edas previos al nacimiento\u2019.<\/p>\n<p style=\"text-align: justify;\">Lo anterior es la clave para revertir una realidad que afecta a territorios como la Regi\u00f3n de Ays\u00e9n. \u201cComo mujer y patagona, me llena de alegr\u00eda apoyar iniciativas que vayan en la direcci\u00f3n de apoyar a las madres de zonas extremas, que sin duda pasan sus embarazados en total soledad y lejos de sus seres queridos\u201d, puntualiz\u00f3 Marcia Raphael.<\/p>\n<p style=\"text-align: justify;\">Asimismo, manifest\u00f3 que \u201ccon este proyecto aprobado estamos haciendo justicia para un momento tan preciado para las mujeres, que ellas hasta ahora viven solas, y muchas han se\u00f1alado que ha sido una experiencia traum\u00e1tica y qu\u00e9 mejor que ayudarlas y aportar con esta iniciativa para que el padre o un acompa\u00f1ante disponga de cinco d\u00edas pagados\u201d.<\/p>\n<p style=\"text-align: justify;\">Tras la aprobaci\u00f3n en la C\u00e1mara de Diputados, ahora corresponder\u00e1 el tr\u00e1mite en el Senado de la Rep\u00fablica para que esta moci\u00f3n que modifica el C\u00f3digo del Trabajo, logre convertirse en ley para regular un permiso especial para quien acompa\u00f1e a la madre por el nacimiento de hijo o hija.<\/p>\n<\/div><\/section><\/div><div  style='height:50px' class='hr hr-invisible   avia-builder-el-6  el_after_av_one_full  el_before_av_social_share '><span class='hr-inner ' ><span class='hr-inner-style'><\/span><\/span><\/div><\/p>\n<div  class='av-social-sharing-box  avia-builder-el-7  el_after_av_hr  el_before_av_hr  '><div class='av-share-box'><h5 class='av-share-link-description av-no-toc '>Compartir esta noticia<\/h5><ul class='av-share-box-list noLightbox'><li class='av-share-link av-social-link-facebook' ><a target=\"_blank\" aria-label=\"Compartir en Facebook\" href='https:\/\/www.facebook.com\/sharer.php?u=https:\/\/radiorevelacionfm.cl\/?p=26733&#038;t=Marcia%20Raphael%20valor%C3%B3%20aprobaci%C3%B3n%20de%20permiso%20especial%20para%20el%20acompa%C3%B1amiento%20de%20las%20madres%20al%20momento%20del%20parto' aria-hidden='false' data-av_icon='\ue8f3' data-av_iconfont='entypo-fontello' title='' data-avia-related-tooltip='Compartir en Facebook' rel=\"noopener\"><span class='avia_hidden_link_text'>Compartir en Facebook<\/span><\/a><\/li><li class='av-share-link av-social-link-twitter' ><a target=\"_blank\" aria-label=\"Compartir en Twitter\" href='https:\/\/twitter.com\/share?text=Marcia%20Raphael%20valor%C3%B3%20aprobaci%C3%B3n%20de%20permiso%20especial%20para%20el%20acompa%C3%B1amiento%20de%20las%20madres%20al%20momento%20del%20parto&#038;url=https:\/\/radiorevelacionfm.cl\/?p=26733' aria-hidden='false' data-av_icon='\ue8f1' data-av_iconfont='entypo-fontello' title='' data-avia-related-tooltip='Compartir en Twitter' rel=\"noopener\"><span class='avia_hidden_link_text'>Compartir en Twitter<\/span><\/a><\/li><li class='av-share-link av-social-link-whatsapp' ><a target=\"_blank\" aria-label=\"Compartir en Whatsapp\" href='https:\/\/api.whatsapp.com\/send?text=https:\/\/radiorevelacionfm.cl\/?p=26733' aria-hidden='false' data-av_icon='\uf232' data-av_iconfont='entypo-fontello' title='' data-avia-related-tooltip='Compartir en Whatsapp' rel=\"noopener\"><span class='avia_hidden_link_text'>Compartir en Whatsapp<\/span><\/a><\/li><li class='av-share-link av-social-link-linkedin' ><a target=\"_blank\" aria-label=\"Compartir en LinkedIn\" href='https:\/\/linkedin.com\/shareArticle?mini=true&#038;title=Marcia%20Raphael%20valor%C3%B3%20aprobaci%C3%B3n%20de%20permiso%20especial%20para%20el%20acompa%C3%B1amiento%20de%20las%20madres%20al%20momento%20del%20parto&#038;url=https:\/\/radiorevelacionfm.cl\/?p=26733' aria-hidden='false' data-av_icon='\ue8fc' data-av_iconfont='entypo-fontello' title='' data-avia-related-tooltip='Compartir en LinkedIn' rel=\"noopener\"><span class='avia_hidden_link_text'>Compartir en LinkedIn<\/span><\/a><\/li><li class='av-share-link av-social-link-mail' ><a  aria-label=\"Compartir por correo\" href='mailto:?subject=Marcia%20Raphael%20valor%C3%B3%20aprobaci%C3%B3n%20de%20permiso%20especial%20para%20el%20acompa%C3%B1amiento%20de%20las%20madres%20al%20momento%20del%20parto&#038;body=https:\/\/radiorevelacionfm.cl\/?p=26733' aria-hidden='false' data-av_icon='\ue805' data-av_iconfont='entypo-fontello' title='' data-avia-related-tooltip='Compartir por correo'><span class='avia_hidden_link_text'>Compartir por correo<\/span><\/a><\/li><\/ul><\/div><\/div>\n<div  style='height:50px' class='hr hr-invisible   avia-builder-el-8  el_after_av_social_share  el_before_av_comments_list '><span class='hr-inner ' ><span class='hr-inner-style'><\/span><\/span><\/div>\n<div  class='av-buildercomment  av-blog-meta-html-info-disabled av-blog-meta-tag-disabled  '><\/div>\n","protected":false},"excerpt":{"rendered":"","protected":false},"author":1,"featured_media":26734,"comment_status":"open","ping_status":"open","sticky":false,"template":"","format":"standard","meta":{"footnotes":""},"categories":[35],"tags":[],"class_list":["post-26733","post","type-post","status-publish","format-standard","has-post-thumbnail","hentry","category-politica"],"jetpack_featured_media_url":"https:\/\/radiorevelacionfm.cl\/wp-content\/uploads\/2023\/01\/Mrm-1-1.jpeg","_links":{"self":[{"href":"https:\/\/radiorevelacionfm.cl\/index.php?rest_route=\/wp\/v2\/posts\/26733","targetHints":{"allow":["GET"]}}],"collection":[{"href":"https:\/\/radiorevelacionfm.cl\/index.php?rest_route=\/wp\/v2\/posts"}],"about":[{"href":"https:\/\/radiorevelacionfm.cl\/index.php?rest_route=\/wp\/v2\/types\/post"}],"author":[{"embeddable":true,"href":"https:\/\/radiorevelacionfm.cl\/index.php?rest_route=\/wp\/v2\/users\/1"}],"replies":[{"embeddable":true,"href":"https:\/\/radiorevelacionfm.cl\/index.php?rest_route=%2Fwp%2Fv2%2Fcomments&post=26733"}],"version-history":[{"count":2,"href":"https:\/\/radiorevelacionfm.cl\/index.php?rest_route=\/wp\/v2\/posts\/26733\/revisions"}],"predecessor-version":[{"id":26749,"href":"https:\/\/radiorevelacionfm.cl\/index.php?rest_route=\/wp\/v2\/posts\/26733\/revisions\/26749"}],"wp:featuredmedia":[{"embeddable":true,"href":"https:\/\/radiorevelacionfm.cl\/index.php?rest_route=\/wp\/v2\/media\/26734"}],"wp:attachment":[{"href":"https:\/\/radiorevelacionfm.cl\/index.php?rest_route=%2Fwp%2Fv2%2Fmedia&parent=26733"}],"wp:term":[{"taxonomy":"category","embeddable":true,"href":"https:\/\/radiorevelacionfm.cl\/index.php?rest_route=%2Fwp%2Fv2%2Fcategories&post=26733"},{"taxonomy":"post_tag","embeddable":true,"href":"https:\/\/radiorevelacionfm.cl\/index.php?rest_route=%2Fwp%2Fv2%2Ftags&post=26733"}],"curies":[{"name":"wp","href":"https:\/\/api.w.org\/{rel}","templated":true}]}}