{"id":26729,"date":"2023-01-17T16:55:07","date_gmt":"2023-01-17T19:55:07","guid":{"rendered":"https:\/\/radiorevelacionfm.cl\/?p=26729"},"modified":"2023-01-17T16:55:07","modified_gmt":"2023-01-17T19:55:07","slug":"puerto-cisnes-autorizan-funcionamiento-de-unica-playa-apta-para-el-bano-en-la-region","status":"publish","type":"post","link":"https:\/\/radiorevelacionfm.cl\/?p=26729","title":{"rendered":"Puerto Cisnes: autorizan funcionamiento de \u00fanica playa apta para el ba\u00f1o en la regi\u00f3n"},"content":{"rendered":"<div class=\"flex_column av_one_full  flex_column_div av-zero-column-padding first  avia-builder-el-0  el_before_av_one_full  avia-builder-el-first  \" style='border-radius:0px; '><div  class='avia-image-container  av-styling-    avia-builder-el-1  avia-builder-el-no-sibling  avia-align-center '  itemprop=\"image\" itemscope=\"itemscope\" itemtype=\"https:\/\/schema.org\/ImageObject\"  ><div class='avia-image-container-inner'><div class='avia-image-overlay-wrap'><img decoding=\"async\" class='wp-image-26730 avia-img-lazy-loading-not-26730 avia_image' src=\"https:\/\/radiorevelacionfm.cl\/wp-content\/uploads\/2023\/01\/autorizacion-playa-medialuna-1-1.jpg\" alt='' title='autorizaci\u00f3n playa medialuna (1) (1)' height=\"600\" width=\"923\"  itemprop=\"thumbnailUrl\" srcset=\"https:\/\/radiorevelacionfm.cl\/wp-content\/uploads\/2023\/01\/autorizacion-playa-medialuna-1-1.jpg 923w, https:\/\/radiorevelacionfm.cl\/wp-content\/uploads\/2023\/01\/autorizacion-playa-medialuna-1-1-300x195.jpg 300w, https:\/\/radiorevelacionfm.cl\/wp-content\/uploads\/2023\/01\/autorizacion-playa-medialuna-1-1-768x499.jpg 768w, https:\/\/radiorevelacionfm.cl\/wp-content\/uploads\/2023\/01\/autorizacion-playa-medialuna-1-1-705x458.jpg 705w, https:\/\/radiorevelacionfm.cl\/wp-content\/uploads\/2023\/01\/autorizacion-playa-medialuna-1-1-600x390.jpg 600w\" sizes=\"(max-width: 923px) 100vw, 923px\" \/><\/div><\/div><\/div><\/div><div class=\"flex_column av_one_full  flex_column_div av-zero-column-padding first  avia-builder-el-2  el_after_av_one_full  el_before_av_one_full  column-top-margin\" style='border-radius:0px; '><section class=\"av_textblock_section \"  itemscope=\"itemscope\" itemtype=\"https:\/\/schema.org\/BlogPosting\" itemprop=\"blogPost\" ><div class='avia_textblock  '   itemprop=\"text\" ><p style=\"text-align: center;\"><strong><span style=\"font-size: 18pt;\">Puerto Cisnes: autorizan funcionamiento de \u00fanica playa apta para el ba\u00f1o en la regi\u00f3n<\/span><\/strong><\/p>\n<div id=\"gtx-trans\" style=\"position: absolute; left: -50px; top: 4.31534px;\">\n<div class=\"gtx-trans-icon\"><\/div>\n<\/div>\n<\/div><\/section><\/div><div class=\"flex_column av_one_full  flex_column_div av-zero-column-padding first  avia-builder-el-4  el_after_av_one_full  el_before_av_hr  column-top-margin\" style='border-radius:0px; '><section class=\"av_textblock_section \"  itemscope=\"itemscope\" itemtype=\"https:\/\/schema.org\/BlogPosting\" itemprop=\"blogPost\" ><div class='avia_textblock  '   itemprop=\"text\" ><p style=\"text-align: justify;\">El recinto es administrado por la Municipalidad, cuenta con personal de seguridad y los espacios adecuados para la distracci\u00f3n familiar.<\/p>\n<p style=\"text-align: justify;\">Luego de realizar los tr\u00e1mites correspondientes, los que fueron inspeccionados por la Autoridad Mar\u00edtima, se habilit\u00f3 y autoriz\u00f3 a la playa \u201cmedialuna\u201d de Puerto Cisnes, como el \u00fanico recinto publico apto para el ba\u00f1o en la regi\u00f3n de Ays\u00e9n.<\/p>\n<p style=\"text-align: justify;\">\u201cQuedo habilitada la playa medialuna, as\u00ed es que, le hacemos una invitaci\u00f3n a toda la comunidad, la playa est\u00e1 habilitada, tenemos personal de salvavidas. Hacemos un llamado a cumplir las normas de seguridad, a respetar cuando hay bandera verde que significa playa apta y bandera roja playa no apta para el ba\u00f1o\u201d, inform\u00f3 el capit\u00e1n de puerto suplente, Sargento Aldo Mu\u00f1oz Contreras.<\/p>\n<p style=\"text-align: justify;\">El Alcalde de la comuna de Cisnes, Francisco Roncagliolo Lepio, destac\u00f3 el hecho de que la playa medialuna cuente con la autorizaci\u00f3n de la Armada.<\/p>\n<p style=\"text-align: justify;\">\u201cEstuvimos en la revista de inspecci\u00f3n, ya para terminar lo que es la recepci\u00f3n definitiva por parte de la Armada de Chile, en lo que es la habilitaci\u00f3n de la playa aqu\u00ed en el sector la medialuna de Puerto Cisnes. Hemos pasado esa revista, por lo tanto, a contar de ahora queda esta playa habilitada para el uso de las personas y obviamente con eso nosotros ponemos a disposici\u00f3n los salvavidas, los equipos que tenemos para personas con capacidades diferentes, tambi\u00e9n tenemos kayak y obviamente todo el sector de quinchos habilitados y los ba\u00f1os que son tremendamente importantes para un espacio como este\u201d.<\/p>\n<p style=\"text-align: justify;\">El Alcalde Francisco Roncagliolo, hizo extensiva la invitaci\u00f3n a todos los vecinos y vecinas de la comuna de Cisnes, a quienes visitan el territorio desde otros puntos de la regi\u00f3n, el pa\u00eds y el mundo, para disfrutar de la playa \u201cmedialuna\u201d. \u201cQueremos invitar a todas las personas que nos visitan, a quienes vienen de otros lugares del pa\u00eds, tambi\u00e9n de la regi\u00f3n de Ays\u00e9n y obviamente de los distintos rincones de la comuna de Cisnes, venir a disfrutar en familia de un espacio habilitado y con la seguridad necesaria para que lo pasen bien. Adem\u00e1s, aprovechen de disfrutar los otros atractivos que tiene la comuna de Cisnes, como son, las visitas en el mar y los distintos recorridos tur\u00edsticos que tenemos en la localidad\u201d, se\u00f1al\u00f3 la autoridad.<\/p>\n<\/div><\/section><\/div><div  style='height:50px' class='hr hr-invisible   avia-builder-el-6  el_after_av_one_full  el_before_av_social_share '><span class='hr-inner ' ><span class='hr-inner-style'><\/span><\/span><\/div><\/p>\n<div  class='av-social-sharing-box  avia-builder-el-7  el_after_av_hr  el_before_av_hr  '><div class='av-share-box'><h5 class='av-share-link-description av-no-toc '>Compartir esta noticia<\/h5><ul class='av-share-box-list noLightbox'><li class='av-share-link av-social-link-facebook' ><a target=\"_blank\" aria-label=\"Compartir en Facebook\" href='https:\/\/www.facebook.com\/sharer.php?u=https:\/\/radiorevelacionfm.cl\/?p=26729&#038;t=Puerto%20Cisnes%3A%20autorizan%20funcionamiento%20de%20%C3%BAnica%20playa%20apta%20para%20el%20ba%C3%B1o%20en%20la%20regi%C3%B3n' aria-hidden='false' data-av_icon='\ue8f3' data-av_iconfont='entypo-fontello' title='' data-avia-related-tooltip='Compartir en Facebook' rel=\"noopener\"><span class='avia_hidden_link_text'>Compartir en Facebook<\/span><\/a><\/li><li class='av-share-link av-social-link-twitter' ><a target=\"_blank\" aria-label=\"Compartir en Twitter\" href='https:\/\/twitter.com\/share?text=Puerto%20Cisnes%3A%20autorizan%20funcionamiento%20de%20%C3%BAnica%20playa%20apta%20para%20el%20ba%C3%B1o%20en%20la%20regi%C3%B3n&#038;url=https:\/\/radiorevelacionfm.cl\/?p=26729' aria-hidden='false' data-av_icon='\ue8f1' data-av_iconfont='entypo-fontello' title='' data-avia-related-tooltip='Compartir en Twitter' rel=\"noopener\"><span class='avia_hidden_link_text'>Compartir en Twitter<\/span><\/a><\/li><li class='av-share-link av-social-link-whatsapp' ><a target=\"_blank\" aria-label=\"Compartir en Whatsapp\" href='https:\/\/api.whatsapp.com\/send?text=https:\/\/radiorevelacionfm.cl\/?p=26729' aria-hidden='false' data-av_icon='\uf232' data-av_iconfont='entypo-fontello' title='' data-avia-related-tooltip='Compartir en Whatsapp' rel=\"noopener\"><span class='avia_hidden_link_text'>Compartir en Whatsapp<\/span><\/a><\/li><li class='av-share-link av-social-link-linkedin' ><a target=\"_blank\" aria-label=\"Compartir en LinkedIn\" href='https:\/\/linkedin.com\/shareArticle?mini=true&#038;title=Puerto%20Cisnes%3A%20autorizan%20funcionamiento%20de%20%C3%BAnica%20playa%20apta%20para%20el%20ba%C3%B1o%20en%20la%20regi%C3%B3n&#038;url=https:\/\/radiorevelacionfm.cl\/?p=26729' aria-hidden='false' data-av_icon='\ue8fc' data-av_iconfont='entypo-fontello' title='' data-avia-related-tooltip='Compartir en LinkedIn' rel=\"noopener\"><span class='avia_hidden_link_text'>Compartir en LinkedIn<\/span><\/a><\/li><li class='av-share-link av-social-link-mail' ><a  aria-label=\"Compartir por correo\" href='mailto:?subject=Puerto%20Cisnes%3A%20autorizan%20funcionamiento%20de%20%C3%BAnica%20playa%20apta%20para%20el%20ba%C3%B1o%20en%20la%20regi%C3%B3n&#038;body=https:\/\/radiorevelacionfm.cl\/?p=26729' aria-hidden='false' data-av_icon='\ue805' data-av_iconfont='entypo-fontello' title='' data-avia-related-tooltip='Compartir por correo'><span class='avia_hidden_link_text'>Compartir por correo<\/span><\/a><\/li><\/ul><\/div><\/div>\n<div  style='height:50px' class='hr hr-invisible   avia-builder-el-8  el_after_av_social_share  el_before_av_comments_list '><span class='hr-inner ' ><span class='hr-inner-style'><\/span><\/span><\/div>\n<div  class='av-buildercomment  av-blog-meta-html-info-disabled av-blog-meta-tag-disabled  '><\/div>\n","protected":false},"excerpt":{"rendered":"","protected":false},"author":1,"featured_media":26730,"comment_status":"open","ping_status":"open","sticky":false,"template":"","format":"standard","meta":{"footnotes":""},"categories":[38],"tags":[],"class_list":["post-26729","post","type-post","status-publish","format-standard","has-post-thumbnail","hentry","category-regional"],"jetpack_featured_media_url":"https:\/\/radiorevelacionfm.cl\/wp-content\/uploads\/2023\/01\/autorizacion-playa-medialuna-1-1.jpg","_links":{"self":[{"href":"https:\/\/radiorevelacionfm.cl\/index.php?rest_route=\/wp\/v2\/posts\/26729","targetHints":{"allow":["GET"]}}],"collection":[{"href":"https:\/\/radiorevelacionfm.cl\/index.php?rest_route=\/wp\/v2\/posts"}],"about":[{"href":"https:\/\/radiorevelacionfm.cl\/index.php?rest_route=\/wp\/v2\/types\/post"}],"author":[{"embeddable":true,"href":"https:\/\/radiorevelacionfm.cl\/index.php?rest_route=\/wp\/v2\/users\/1"}],"replies":[{"embeddable":true,"href":"https:\/\/radiorevelacionfm.cl\/index.php?rest_route=%2Fwp%2Fv2%2Fcomments&post=26729"}],"version-history":[{"count":2,"href":"https:\/\/radiorevelacionfm.cl\/index.php?rest_route=\/wp\/v2\/posts\/26729\/revisions"}],"predecessor-version":[{"id":26732,"href":"https:\/\/radiorevelacionfm.cl\/index.php?rest_route=\/wp\/v2\/posts\/26729\/revisions\/26732"}],"wp:featuredmedia":[{"embeddable":true,"href":"https:\/\/radiorevelacionfm.cl\/index.php?rest_route=\/wp\/v2\/media\/26730"}],"wp:attachment":[{"href":"https:\/\/radiorevelacionfm.cl\/index.php?rest_route=%2Fwp%2Fv2%2Fmedia&parent=26729"}],"wp:term":[{"taxonomy":"category","embeddable":true,"href":"https:\/\/radiorevelacionfm.cl\/index.php?rest_route=%2Fwp%2Fv2%2Fcategories&post=26729"},{"taxonomy":"post_tag","embeddable":true,"href":"https:\/\/radiorevelacionfm.cl\/index.php?rest_route=%2Fwp%2Fv2%2Ftags&post=26729"}],"curies":[{"name":"wp","href":"https:\/\/api.w.org\/{rel}","templated":true}]}}