{"id":26726,"date":"2023-01-17T17:30:52","date_gmt":"2023-01-17T20:30:52","guid":{"rendered":"https:\/\/radiorevelacionfm.cl\/?p=26726"},"modified":"2023-01-17T17:30:52","modified_gmt":"2023-01-17T20:30:52","slug":"corte-de-coyhaique-confirma-prision-preventiva-de-imputado-por-homicidio-frustrado","status":"publish","type":"post","link":"https:\/\/radiorevelacionfm.cl\/?p=26726","title":{"rendered":"Corte de Coyhaique confirma prisi\u00f3n preventiva de imputado por homicidio frustrado"},"content":{"rendered":"<div class=\"flex_column av_one_full  flex_column_div av-zero-column-padding first  avia-builder-el-0  el_before_av_one_full  avia-builder-el-first  \" style='border-radius:0px; '><div  class='avia-image-container  av-styling-    avia-builder-el-1  avia-builder-el-no-sibling  avia-align-center '  itemprop=\"image\" itemscope=\"itemscope\" itemtype=\"https:\/\/schema.org\/ImageObject\"  ><div class='avia-image-container-inner'><div class='avia-image-overlay-wrap'><img decoding=\"async\" class='wp-image-26727 avia-img-lazy-loading-not-26727 avia_image' src=\"https:\/\/radiorevelacionfm.cl\/wp-content\/uploads\/2023\/01\/Foto-01-2023-1-1.jpg\" alt='' title='Foto 01 2023 (1) (1)' height=\"600\" width=\"975\"  itemprop=\"thumbnailUrl\" srcset=\"https:\/\/radiorevelacionfm.cl\/wp-content\/uploads\/2023\/01\/Foto-01-2023-1-1.jpg 975w, https:\/\/radiorevelacionfm.cl\/wp-content\/uploads\/2023\/01\/Foto-01-2023-1-1-300x185.jpg 300w, https:\/\/radiorevelacionfm.cl\/wp-content\/uploads\/2023\/01\/Foto-01-2023-1-1-768x473.jpg 768w, https:\/\/radiorevelacionfm.cl\/wp-content\/uploads\/2023\/01\/Foto-01-2023-1-1-705x434.jpg 705w, https:\/\/radiorevelacionfm.cl\/wp-content\/uploads\/2023\/01\/Foto-01-2023-1-1-600x369.jpg 600w\" sizes=\"(max-width: 975px) 100vw, 975px\" \/><\/div><\/div><\/div><\/div><div class=\"flex_column av_one_full  flex_column_div av-zero-column-padding first  avia-builder-el-2  el_after_av_one_full  el_before_av_one_full  column-top-margin\" style='border-radius:0px; '><section class=\"av_textblock_section \"  itemscope=\"itemscope\" itemtype=\"https:\/\/schema.org\/BlogPosting\" itemprop=\"blogPost\" ><div class='avia_textblock  '   itemprop=\"text\" ><p style=\"text-align: center;\"><strong><span style=\"font-size: 18pt;\">Corte de Coyhaique confirma prisi\u00f3n preventiva de imputado por homicidio frustrado <\/span><\/strong><\/p>\n<div id=\"gtx-trans\" style=\"position: absolute; left: -50px; top: 4.31534px;\">\n<div class=\"gtx-trans-icon\"><\/div>\n<\/div>\n<\/div><\/section><\/div><div class=\"flex_column av_one_full  flex_column_div av-zero-column-padding first  avia-builder-el-4  el_after_av_one_full  el_before_av_hr  column-top-margin\" style='border-radius:0px; '><section class=\"av_textblock_section \"  itemscope=\"itemscope\" itemtype=\"https:\/\/schema.org\/BlogPosting\" itemprop=\"blogPost\" ><div class='avia_textblock  '   itemprop=\"text\" ><p class=\"v1MsoNormal\" style=\"text-align: justify;\">La Corte de Coyhaique rechaz\u00f3 hoy \u2013martes 17 de enero\u2013 el recurso de apelaci\u00f3n presentado por la defensa y confirm\u00f3 la resoluci\u00f3n que dej\u00f3 en prisi\u00f3n preventiva a Juan Carlos Alejandro Alvarado Panichine, imputado por el Ministerio P\u00fablico como autor\u00a0del delito\u00a0frustrado de homicidio. Il\u00edcito\u00a0perpetrado\u00a0en septiembre del a\u00f1o pasado, en la ciudad.<\/p>\n<p class=\"v1MsoNormal\" style=\"text-align: justify;\">En fallo un\u00e1nime (causa rol 5-2023), la Primera Sala del tribunal de alzada \u2013integrada por los ministros Pedro Castro, Natalia Rencoret y el abogado (i) Marcos Gallegos\u2013\u00a0confirm\u00f3 la resoluci\u00f3n apelada, dictada por el Juzgado de Garant\u00eda de Coyhaique, al compartir que la libertad\u00a0del\u00a0imputado constituye un peligro para la seguridad de la sociedad.<\/p>\n<p class=\"v1MsoNormal\" style=\"text-align: justify;\">\u00abAtendido el m\u00e9rito\u00a0de los antecedentes que se conocen, alegaciones de los intervinientes,\u00a0estim\u00e1ndose\u00a0que, hasta ahora,\u00a0no han variado sustancialmente las circunstancias tenidas a la vista al momento de decretarse la prisi\u00f3n preventiva del imputado; que\u00a0existen\u00a0indicios que resultan suficientes para considerar que la medida cautelar personal de prisi\u00f3n preventiva aparece proporcionada en atenci\u00f3n a que la libertad de este constituye un peligro para la seguridad de la sociedad, en raz\u00f3n de la gravedad del hecho y la pena asignada por la ley al delito, car\u00e1cter y circunstancias de comisi\u00f3n,\u00a0por lo que\u00a0otras medidas cautelares de menor intensidad no aseguran suficientemente los fines del procedimiento;\u00a0y\u00a0lo dispuesto en los art\u00edculos 122, 139, 140, 143, 144 y 155 del C\u00f3digo Procesal Penal,\u00a0SE CONFIRMA\u00a0la resoluci\u00f3n apelada de fecha 9 de enero de 2023, en cuanto por ella se mantuvo la prisi\u00f3n preventiva del imputado\u00a0Juan Carlos Alejandro Alvarado Panichine\u00bb,\u00a0consigna el fallo.<\/p>\n<p class=\"v1MsoNormal\" style=\"text-align: justify;\">Seg\u00fan el ente persecutor, el 3 de septiembre de 2022, Alvarado Panichine se encontraba fuera de un domicilio, ubicado en la calle Las Lengas de la ciudad de Coyhaique, en compa\u00f1\u00eda de la v\u00edctima, a la que sin motivo alguno, atac\u00f3 con un arma cortopunzante en el t\u00f3rax, provoc\u00e1ndole una herida penetrante grave que, de no recibir auxilio m\u00e9dico oportuno y eficaz, le habr\u00eda causado la muerte.<\/p>\n<\/div><\/section><\/div><div  style='height:50px' class='hr hr-invisible   avia-builder-el-6  el_after_av_one_full  el_before_av_social_share '><span class='hr-inner ' ><span class='hr-inner-style'><\/span><\/span><\/div><\/p>\n<div  class='av-social-sharing-box  avia-builder-el-7  el_after_av_hr  el_before_av_hr  '><div class='av-share-box'><h5 class='av-share-link-description av-no-toc '>Compartir esta noticia<\/h5><ul class='av-share-box-list noLightbox'><li class='av-share-link av-social-link-facebook' ><a target=\"_blank\" aria-label=\"Compartir en Facebook\" href='https:\/\/www.facebook.com\/sharer.php?u=https:\/\/radiorevelacionfm.cl\/?p=26726&#038;t=Corte%20de%20Coyhaique%20confirma%20prisi%C3%B3n%20preventiva%20de%20imputado%20por%20homicidio%20frustrado' aria-hidden='false' data-av_icon='\ue8f3' data-av_iconfont='entypo-fontello' title='' data-avia-related-tooltip='Compartir en Facebook' rel=\"noopener\"><span class='avia_hidden_link_text'>Compartir en Facebook<\/span><\/a><\/li><li class='av-share-link av-social-link-twitter' ><a target=\"_blank\" aria-label=\"Compartir en Twitter\" href='https:\/\/twitter.com\/share?text=Corte%20de%20Coyhaique%20confirma%20prisi%C3%B3n%20preventiva%20de%20imputado%20por%20homicidio%20frustrado&#038;url=https:\/\/radiorevelacionfm.cl\/?p=26726' aria-hidden='false' data-av_icon='\ue8f1' data-av_iconfont='entypo-fontello' title='' data-avia-related-tooltip='Compartir en Twitter' rel=\"noopener\"><span class='avia_hidden_link_text'>Compartir en Twitter<\/span><\/a><\/li><li class='av-share-link av-social-link-whatsapp' ><a target=\"_blank\" aria-label=\"Compartir en Whatsapp\" href='https:\/\/api.whatsapp.com\/send?text=https:\/\/radiorevelacionfm.cl\/?p=26726' aria-hidden='false' data-av_icon='\uf232' data-av_iconfont='entypo-fontello' title='' data-avia-related-tooltip='Compartir en Whatsapp' rel=\"noopener\"><span class='avia_hidden_link_text'>Compartir en Whatsapp<\/span><\/a><\/li><li class='av-share-link av-social-link-linkedin' ><a target=\"_blank\" aria-label=\"Compartir en LinkedIn\" href='https:\/\/linkedin.com\/shareArticle?mini=true&#038;title=Corte%20de%20Coyhaique%20confirma%20prisi%C3%B3n%20preventiva%20de%20imputado%20por%20homicidio%20frustrado&#038;url=https:\/\/radiorevelacionfm.cl\/?p=26726' aria-hidden='false' data-av_icon='\ue8fc' data-av_iconfont='entypo-fontello' title='' data-avia-related-tooltip='Compartir en LinkedIn' rel=\"noopener\"><span class='avia_hidden_link_text'>Compartir en LinkedIn<\/span><\/a><\/li><li class='av-share-link av-social-link-mail' ><a  aria-label=\"Compartir por correo\" href='mailto:?subject=Corte%20de%20Coyhaique%20confirma%20prisi%C3%B3n%20preventiva%20de%20imputado%20por%20homicidio%20frustrado&#038;body=https:\/\/radiorevelacionfm.cl\/?p=26726' aria-hidden='false' data-av_icon='\ue805' data-av_iconfont='entypo-fontello' title='' data-avia-related-tooltip='Compartir por correo'><span class='avia_hidden_link_text'>Compartir por correo<\/span><\/a><\/li><\/ul><\/div><\/div>\n<div  style='height:50px' class='hr hr-invisible   avia-builder-el-8  el_after_av_social_share  el_before_av_comments_list '><span class='hr-inner ' ><span class='hr-inner-style'><\/span><\/span><\/div>\n<div  class='av-buildercomment  av-blog-meta-html-info-disabled av-blog-meta-tag-disabled  '><\/div>\n","protected":false},"excerpt":{"rendered":"","protected":false},"author":1,"featured_media":26727,"comment_status":"open","ping_status":"open","sticky":false,"template":"","format":"standard","meta":{"footnotes":""},"categories":[55],"tags":[],"class_list":["post-26726","post","type-post","status-publish","format-standard","has-post-thumbnail","hentry","category-justicia"],"jetpack_featured_media_url":"https:\/\/radiorevelacionfm.cl\/wp-content\/uploads\/2023\/01\/Foto-01-2023-1-1.jpg","_links":{"self":[{"href":"https:\/\/radiorevelacionfm.cl\/index.php?rest_route=\/wp\/v2\/posts\/26726","targetHints":{"allow":["GET"]}}],"collection":[{"href":"https:\/\/radiorevelacionfm.cl\/index.php?rest_route=\/wp\/v2\/posts"}],"about":[{"href":"https:\/\/radiorevelacionfm.cl\/index.php?rest_route=\/wp\/v2\/types\/post"}],"author":[{"embeddable":true,"href":"https:\/\/radiorevelacionfm.cl\/index.php?rest_route=\/wp\/v2\/users\/1"}],"replies":[{"embeddable":true,"href":"https:\/\/radiorevelacionfm.cl\/index.php?rest_route=%2Fwp%2Fv2%2Fcomments&post=26726"}],"version-history":[{"count":2,"href":"https:\/\/radiorevelacionfm.cl\/index.php?rest_route=\/wp\/v2\/posts\/26726\/revisions"}],"predecessor-version":[{"id":26742,"href":"https:\/\/radiorevelacionfm.cl\/index.php?rest_route=\/wp\/v2\/posts\/26726\/revisions\/26742"}],"wp:featuredmedia":[{"embeddable":true,"href":"https:\/\/radiorevelacionfm.cl\/index.php?rest_route=\/wp\/v2\/media\/26727"}],"wp:attachment":[{"href":"https:\/\/radiorevelacionfm.cl\/index.php?rest_route=%2Fwp%2Fv2%2Fmedia&parent=26726"}],"wp:term":[{"taxonomy":"category","embeddable":true,"href":"https:\/\/radiorevelacionfm.cl\/index.php?rest_route=%2Fwp%2Fv2%2Fcategories&post=26726"},{"taxonomy":"post_tag","embeddable":true,"href":"https:\/\/radiorevelacionfm.cl\/index.php?rest_route=%2Fwp%2Fv2%2Ftags&post=26726"}],"curies":[{"name":"wp","href":"https:\/\/api.w.org\/{rel}","templated":true}]}}