{"id":26713,"date":"2023-01-17T15:09:44","date_gmt":"2023-01-17T18:09:44","guid":{"rendered":"https:\/\/radiorevelacionfm.cl\/?p=26713"},"modified":"2023-01-17T15:09:44","modified_gmt":"2023-01-17T18:09:44","slug":"entregan-reconocimiento-a-municipalidad-de-aysen-por-mejor-ejecucion-presupuestaria-dentro-de-los-10-municipios-de-la-region","status":"publish","type":"post","link":"https:\/\/radiorevelacionfm.cl\/?p=26713","title":{"rendered":"Entregan reconocimiento a Municipalidad de Ays\u00e9n por \u201cMejor ejecuci\u00f3n presupuestaria dentro de los 10 municipios de la regi\u00f3n\u201d"},"content":{"rendered":"<div class=\"flex_column av_one_full  flex_column_div av-zero-column-padding first  avia-builder-el-0  el_before_av_one_full  avia-builder-el-first  \" style='border-radius:0px; '><div  class='avia-image-container  av-styling-    avia-builder-el-1  avia-builder-el-no-sibling  avia-align-center '  itemprop=\"image\" itemscope=\"itemscope\" itemtype=\"https:\/\/schema.org\/ImageObject\"  ><div class='avia-image-container-inner'><div class='avia-image-overlay-wrap'><img decoding=\"async\" class='wp-image-26714 avia-img-lazy-loading-not-26714 avia_image' src=\"https:\/\/radiorevelacionfm.cl\/wp-content\/uploads\/2023\/01\/fotografIa-4_optimized.jpeg\" alt='' title='fotograf\u00cda-(4)_optimized' height=\"600\" width=\"901\"  itemprop=\"thumbnailUrl\" srcset=\"https:\/\/radiorevelacionfm.cl\/wp-content\/uploads\/2023\/01\/fotografIa-4_optimized.jpeg 901w, https:\/\/radiorevelacionfm.cl\/wp-content\/uploads\/2023\/01\/fotografIa-4_optimized-300x200.jpeg 300w, https:\/\/radiorevelacionfm.cl\/wp-content\/uploads\/2023\/01\/fotografIa-4_optimized-768x511.jpeg 768w, https:\/\/radiorevelacionfm.cl\/wp-content\/uploads\/2023\/01\/fotografIa-4_optimized-705x469.jpeg 705w, https:\/\/radiorevelacionfm.cl\/wp-content\/uploads\/2023\/01\/fotografIa-4_optimized-600x400.jpeg 600w\" sizes=\"(max-width: 901px) 100vw, 901px\" \/><\/div><\/div><\/div><\/div><div class=\"flex_column av_one_full  flex_column_div av-zero-column-padding first  avia-builder-el-2  el_after_av_one_full  el_before_av_one_full  column-top-margin\" style='border-radius:0px; '><section class=\"av_textblock_section \"  itemscope=\"itemscope\" itemtype=\"https:\/\/schema.org\/BlogPosting\" itemprop=\"blogPost\" ><div class='avia_textblock  '   itemprop=\"text\" ><p style=\"text-align: center;\"><strong><span style=\"font-size: 18pt;\">Entregan reconocimiento a Municipalidad de Ays\u00e9n por \u201cMejor ejecuci\u00f3n presupuestaria dentro de los 10 municipios de la regi\u00f3n\u201d<\/span><\/strong><\/p>\n<div id=\"gtx-trans\" style=\"position: absolute; left: -50px; top: 4.31534px;\">\n<div class=\"gtx-trans-icon\"><\/div>\n<\/div>\n<\/div><\/section><\/div><div class=\"flex_column av_one_full  flex_column_div av-zero-column-padding first  avia-builder-el-4  el_after_av_one_full  el_before_av_hr  column-top-margin\" style='border-radius:0px; '><section class=\"av_textblock_section \"  itemscope=\"itemscope\" itemtype=\"https:\/\/schema.org\/BlogPosting\" itemprop=\"blogPost\" ><div class='avia_textblock  '   itemprop=\"text\" ><p style=\"text-align: justify;\">El pasado mi\u00e9rcoles 11 de enero el Gobierno Regional de Ays\u00e9n ejecut\u00f3 el hito de presentaci\u00f3n de su ejecuci\u00f3n presupuestaria donde, en la ocasi\u00f3n, la entidad institucional reconoci\u00f3 a la Ilustre Municipalidad de Ays\u00e9n por \u201cMejor ejecuci\u00f3n presupuestaria dentro de los 10 municipios de la regi\u00f3n\u201d, en una ceremonia en que la gobernadora regional, Andrea Mac\u00edas Palma destac\u00f3 el trabajo colaborativo de los municipios.<\/p>\n<p style=\"text-align: justify;\">Este reconocimiento tal como destaca el alcalde de la comuna de Ays\u00e9n, Julio Uribe Alvarado, es a todo el equipo municipal, \u201cestamos muy contentos por el reconocimiento entregado por el Gobierno Regional. Actualmente, mantenemos una excelente ejecuci\u00f3n presupuestaria durante el a\u00f1o 2022 de los recursos entregados por el Gobierno Regional de Ays\u00e9n, trabajo que nos llena de satisfacci\u00f3n y nos deja la vara muy alta para el 2023\u201d.<\/p>\n<p style=\"text-align: justify;\">Asimismo, la autoridad comunal distingue a todos los funcionarios municipales que hacen posible estos reconocimientos, \u201caqu\u00ed no hay solamente elaboraci\u00f3n de proyectos, sino que una parte fundamental es que tambi\u00e9n estos proyectos puedan ejecutarse y rendirse de la mejor forma\u201d, destacando que el municipio de Ays\u00e9n est\u00e9 a la par con instituciones de mayor infraestructura t\u00e9cnica y humana, \u201ceste reconocimiento nos da la motivaci\u00f3n para seguir trabajando firmemente por el desarrollo de nuestra comuna, as\u00ed como agradecemos a todos nuestros funcionarios que hacen posible que estemos brillando como municipio en esta ceremonia de Ejecuci\u00f3n Presupuestaria 2022\u201d, resalt\u00f3 el alcalde de Ays\u00e9n, Julio Uribe Alvarado.<\/p>\n<p style=\"text-align: justify;\">De igual manera, la directora de la Secretar\u00eda de Comunal de Planificaci\u00f3n, SECPLAN, Roc\u00edo B\u00f3rquez Jorquera acota que este reconocimiento valora que la Municipalidad de Ays\u00e9n en 2022 haya ejecutado, cerrado y rendido proyectos por un monto de $2.927.849.514 posicionando a la entidad comunal, \u201ccomo el municipio que m\u00e1s inversi\u00f3n ha ejecutado y rendido, incluso muy superiormente a otros servicios p\u00fablicos. Esta noticia nos tiene muy contentos y orgullosos como equipo SECPLAN y tambi\u00e9n con los otros departamentos que son encargados de ejecutar las obras y generar las adquisiciones. SECPLAN es el departamento que desarrolla los proyectos t\u00e9cnicamente y los presenta al Gobierno Regional u otras fuentes financieras, para luego ejecutar a trav\u00e9s de la Direcci\u00f3n de Obras Municipales cuando son proyectos licitados y a trav\u00e9s de la Direcci\u00f3n de Aseo, Ornato y Medioambiente cuando son proyectos de administraci\u00f3n directa. Y, para que estos departamentos puedan ejecutar las obras, el equipo de Direcci\u00f3n de Administraci\u00f3n y Finanzas trabaja fuertemente en la adquisici\u00f3n de todos los materiales que componen la ejecuci\u00f3n de estas obras as\u00ed como tambi\u00e9n nuestras unidades de adquisiciones, rendiciones y presupuesto. As\u00ed que este es un gran reconocimiento a todo el equipo de la Ilustre Municipalidad de Ays\u00e9n\u201d, especific\u00f3 Roc\u00edo B\u00f3rquez, directora de SECPLAN.<\/p>\n<\/div><\/section><\/div><div  style='height:50px' class='hr hr-invisible   avia-builder-el-6  el_after_av_one_full  el_before_av_social_share '><span class='hr-inner ' ><span class='hr-inner-style'><\/span><\/span><\/div><\/p>\n<div  class='av-social-sharing-box  avia-builder-el-7  el_after_av_hr  el_before_av_hr  '><div class='av-share-box'><h5 class='av-share-link-description av-no-toc '>Compartir esta noticia<\/h5><ul class='av-share-box-list noLightbox'><li class='av-share-link av-social-link-facebook' ><a target=\"_blank\" aria-label=\"Compartir en Facebook\" href='https:\/\/www.facebook.com\/sharer.php?u=https:\/\/radiorevelacionfm.cl\/?p=26713&#038;t=Entregan%20reconocimiento%20a%20Municipalidad%20de%20Ays%C3%A9n%20por%20%E2%80%9CMejor%20ejecuci%C3%B3n%20presupuestaria%20dentro%20de%20los%2010%20municipios%20de%20la%20regi%C3%B3n%E2%80%9D' aria-hidden='false' data-av_icon='\ue8f3' data-av_iconfont='entypo-fontello' title='' data-avia-related-tooltip='Compartir en Facebook' rel=\"noopener\"><span class='avia_hidden_link_text'>Compartir en Facebook<\/span><\/a><\/li><li class='av-share-link av-social-link-twitter' ><a target=\"_blank\" aria-label=\"Compartir en Twitter\" href='https:\/\/twitter.com\/share?text=Entregan%20reconocimiento%20a%20Municipalidad%20de%20Ays%C3%A9n%20por%20%E2%80%9CMejor%20ejecuci%C3%B3n%20presupuestaria%20dentro%20de%20los%2010%20municipios%20de%20la%20regi%C3%B3n%E2%80%9D&#038;url=https:\/\/radiorevelacionfm.cl\/?p=26713' aria-hidden='false' data-av_icon='\ue8f1' data-av_iconfont='entypo-fontello' title='' data-avia-related-tooltip='Compartir en Twitter' rel=\"noopener\"><span class='avia_hidden_link_text'>Compartir en Twitter<\/span><\/a><\/li><li class='av-share-link av-social-link-whatsapp' ><a target=\"_blank\" aria-label=\"Compartir en Whatsapp\" href='https:\/\/api.whatsapp.com\/send?text=https:\/\/radiorevelacionfm.cl\/?p=26713' aria-hidden='false' data-av_icon='\uf232' data-av_iconfont='entypo-fontello' title='' data-avia-related-tooltip='Compartir en Whatsapp' rel=\"noopener\"><span class='avia_hidden_link_text'>Compartir en Whatsapp<\/span><\/a><\/li><li class='av-share-link av-social-link-linkedin' ><a target=\"_blank\" aria-label=\"Compartir en LinkedIn\" href='https:\/\/linkedin.com\/shareArticle?mini=true&#038;title=Entregan%20reconocimiento%20a%20Municipalidad%20de%20Ays%C3%A9n%20por%20%E2%80%9CMejor%20ejecuci%C3%B3n%20presupuestaria%20dentro%20de%20los%2010%20municipios%20de%20la%20regi%C3%B3n%E2%80%9D&#038;url=https:\/\/radiorevelacionfm.cl\/?p=26713' aria-hidden='false' data-av_icon='\ue8fc' data-av_iconfont='entypo-fontello' title='' data-avia-related-tooltip='Compartir en LinkedIn' rel=\"noopener\"><span class='avia_hidden_link_text'>Compartir en LinkedIn<\/span><\/a><\/li><li class='av-share-link av-social-link-mail' ><a  aria-label=\"Compartir por correo\" href='mailto:?subject=Entregan%20reconocimiento%20a%20Municipalidad%20de%20Ays%C3%A9n%20por%20%E2%80%9CMejor%20ejecuci%C3%B3n%20presupuestaria%20dentro%20de%20los%2010%20municipios%20de%20la%20regi%C3%B3n%E2%80%9D&#038;body=https:\/\/radiorevelacionfm.cl\/?p=26713' aria-hidden='false' data-av_icon='\ue805' data-av_iconfont='entypo-fontello' title='' data-avia-related-tooltip='Compartir por correo'><span class='avia_hidden_link_text'>Compartir por correo<\/span><\/a><\/li><\/ul><\/div><\/div>\n<div  style='height:50px' class='hr hr-invisible   avia-builder-el-8  el_after_av_social_share  el_before_av_comments_list '><span class='hr-inner ' ><span class='hr-inner-style'><\/span><\/span><\/div>\n<div  class='av-buildercomment  av-blog-meta-html-info-disabled av-blog-meta-tag-disabled  '><\/div>\n","protected":false},"excerpt":{"rendered":"","protected":false},"author":1,"featured_media":26714,"comment_status":"open","ping_status":"open","sticky":false,"template":"","format":"standard","meta":{"footnotes":""},"categories":[38],"tags":[],"class_list":["post-26713","post","type-post","status-publish","format-standard","has-post-thumbnail","hentry","category-regional"],"jetpack_featured_media_url":"https:\/\/radiorevelacionfm.cl\/wp-content\/uploads\/2023\/01\/fotografIa-4_optimized.jpeg","_links":{"self":[{"href":"https:\/\/radiorevelacionfm.cl\/index.php?rest_route=\/wp\/v2\/posts\/26713","targetHints":{"allow":["GET"]}}],"collection":[{"href":"https:\/\/radiorevelacionfm.cl\/index.php?rest_route=\/wp\/v2\/posts"}],"about":[{"href":"https:\/\/radiorevelacionfm.cl\/index.php?rest_route=\/wp\/v2\/types\/post"}],"author":[{"embeddable":true,"href":"https:\/\/radiorevelacionfm.cl\/index.php?rest_route=\/wp\/v2\/users\/1"}],"replies":[{"embeddable":true,"href":"https:\/\/radiorevelacionfm.cl\/index.php?rest_route=%2Fwp%2Fv2%2Fcomments&post=26713"}],"version-history":[{"count":2,"href":"https:\/\/radiorevelacionfm.cl\/index.php?rest_route=\/wp\/v2\/posts\/26713\/revisions"}],"predecessor-version":[{"id":26716,"href":"https:\/\/radiorevelacionfm.cl\/index.php?rest_route=\/wp\/v2\/posts\/26713\/revisions\/26716"}],"wp:featuredmedia":[{"embeddable":true,"href":"https:\/\/radiorevelacionfm.cl\/index.php?rest_route=\/wp\/v2\/media\/26714"}],"wp:attachment":[{"href":"https:\/\/radiorevelacionfm.cl\/index.php?rest_route=%2Fwp%2Fv2%2Fmedia&parent=26713"}],"wp:term":[{"taxonomy":"category","embeddable":true,"href":"https:\/\/radiorevelacionfm.cl\/index.php?rest_route=%2Fwp%2Fv2%2Fcategories&post=26713"},{"taxonomy":"post_tag","embeddable":true,"href":"https:\/\/radiorevelacionfm.cl\/index.php?rest_route=%2Fwp%2Fv2%2Ftags&post=26713"}],"curies":[{"name":"wp","href":"https:\/\/api.w.org\/{rel}","templated":true}]}}